{"id":717242,"date":"2026-04-23T20:34:59","date_gmt":"2026-04-24T02:34:59","guid":{"rendered":"https:\/\/www.diarioimagen.net\/?p=717242"},"modified":"2026-04-23T20:34:59","modified_gmt":"2026-04-24T02:34:59","slug":"717242","status":"publish","type":"post","link":"https:\/\/www.diarioimagen.net\/?p=717242","title":{"rendered":""},"content":{"rendered":"<ul>\n<li><strong>Tras anuncio de la secretaria de Mujeres<\/strong><\/li>\n<li><strong>Califican la propuesta como incongruente y contraria al objetivo original<\/strong><\/li>\n<\/ul>\n<div id=\"attachment_717243\" style=\"width: 470px\" class=\"wp-caption alignnone\"><img loading=\"lazy\" decoding=\"async\" aria-describedby=\"caption-attachment-717243\" class=\"wp-image-717243 size-large\" src=\"https:\/\/www.diarioimagen.net\/wp-content\/uploads\/2026\/04\/MUJERES01-ok-460x259.jpg\" alt=\"\" width=\"460\" height=\"259\" srcset=\"https:\/\/www.diarioimagen.net\/wp-content\/uploads\/2026\/04\/MUJERES01-ok-460x259.jpg 460w, https:\/\/www.diarioimagen.net\/wp-content\/uploads\/2026\/04\/MUJERES01-ok-240x135.jpg 240w, https:\/\/www.diarioimagen.net\/wp-content\/uploads\/2026\/04\/MUJERES01-ok-768x432.jpg 768w, https:\/\/www.diarioimagen.net\/wp-content\/uploads\/2026\/04\/MUJERES01-ok-480x270.jpg 480w, https:\/\/www.diarioimagen.net\/wp-content\/uploads\/2026\/04\/MUJERES01-ok-235x132.jpg 235w, https:\/\/www.diarioimagen.net\/wp-content\/uploads\/2026\/04\/MUJERES01-ok-202x114.jpg 202w, https:\/\/www.diarioimagen.net\/wp-content\/uploads\/2026\/04\/MUJERES01-ok-350x196.jpg 350w, https:\/\/www.diarioimagen.net\/wp-content\/uploads\/2026\/04\/MUJERES01-ok-220x123.jpg 220w, https:\/\/www.diarioimagen.net\/wp-content\/uploads\/2026\/04\/MUJERES01-ok-237x132.jpg 237w, https:\/\/www.diarioimagen.net\/wp-content\/uploads\/2026\/04\/MUJERES01-ok.jpg 1500w\" sizes=\"auto, (max-width: 460px) 100vw, 460px\" \/><p id=\"caption-attachment-717243\" class=\"wp-caption-text\">Red feminista Marea Verde, calific\u00f3 como incongruente la inclusi\u00f3n de varones que se identifican como mujeres en programa \u201cMujer es poder\u201d.<\/p><\/div>\n<p>Por redacci\u00f3n DIARIOIMAGEN<\/p>\n<p>Chetumal.- El anuncio de la secretaria de Mujeres, Esther Burgos, sobre la posibilidad de incorporar a varones biol\u00f3gicos que se identifican como mujeres en el programa \u201cMujer es poder\u201d gener\u00f3 una fuerte reacci\u00f3n de la Red feminista Marea Verde, que calific\u00f3 la propuesta como incongruente y contraria al objetivo original de la pol\u00edtica p\u00fablica<\/p>\n<p>Las activistas se\u00f1alaron que el programa fue dise\u00f1ado para atender desigualdades hist\u00f3ricas basadas en el sexo y que ampliar su cobertura a personas transfemeninas desv\u00eda recursos de mujeres que enfrentan pobreza extrema, discapacidad, violencia o barreras ling\u00fc\u00edsticas, especialmente en comunidades ind\u00edgenas de la zona maya.<\/p>\n<p>En su comunicado, Marea Verde sostuvo que \u201cMujer es poder\u201d se presenta como una pol\u00edtica de reparaci\u00f3n, pero en realidad funciona como un programa populista que no ha garantizado acceso universal a las mujeres m\u00e1s vulnerables.<\/p>\n<p>Aseguran que incluir a varones biol\u00f3gicos significar\u00eda invisibilizar la violencia espec\u00edfica contra las mujeres por raz\u00f3n de sexo. Que Se perder\u00edan recursos y cupos destinados a mujeres en situaci\u00f3n cr\u00edtica y se reforzar\u00edan roles de g\u00e9nero y estructuras patriarcales.<\/p>\n<p>Del mismo modo, afirman que confundir\u00edan los conceptos de sexo y g\u00e9nero, debilitando la protecci\u00f3n de derechos de las mujeres.<\/p>\n<p>Marea Verde pidi\u00f3 a la titular de Semujeres retractarse de la iniciativa y garantizar que los programas destinados a mujeres no sean modificados para atender demandas identitarias. Propusieron, en cambio, que se dise\u00f1en pol\u00edticas espec\u00edficas para la poblaci\u00f3n trans, pero sin utilizar recursos asignados a mujeres.<\/p>\n<p>\u201cLas mujeres no son una percepci\u00f3n ni un g\u00e9nero, sino una realidad marcada por la opresi\u00f3n hist\u00f3rica del sexo\u201d, enfatizaron las colectivas, al advertir que la inclusi\u00f3n de varones en programas de reparaci\u00f3n constituye un acto de violencia estructural.<\/p>\n<p>&nbsp;<\/p>\n<p><strong>Suprema Corte entra en\u00a0escena en conflicto Calica<\/strong><\/p>\n<p>&nbsp;<\/p>\n<p>Tras a\u00f1os de litigio entre Calizas Industriales del Carmen (Calica) y autoridades federales, el caso ha llegado a un punto decisivo: por primera vez, la Suprema Corte de Justicia de la Naci\u00f3n (SCJN) podr\u00eda intervenir directamente. El m\u00e1ximo tribunal deber\u00e1 resolver si atrae el expediente para analizar la constitucionalidad de las acciones emprendidas por la Agencia Nacional de Aduanas de M\u00e9xico (ANAM).<\/p>\n<p>En mayo de 2022, la ANAM cerr\u00f3 el muelle de Punta Venado y retir\u00f3 la concesi\u00f3n que la empresa ten\u00eda vigente hasta 2037. CALICA, de capital estadounidense, promovi\u00f3 un amparo para revertir la medida, pero recibi\u00f3 un rev\u00e9s judicial al serle negado.<\/p>\n<p>El asunto qued\u00f3 registrado en el amparo en revisi\u00f3n 498\/2023, tramitado ante el Tercer Tribunal Colegiado del Vig\u00e9simo S\u00e9ptimo Circuito, con sede en Canc\u00fan. Tras tres a\u00f1os de an\u00e1lisis, dicho tribunal determin\u00f3 que corresponde a la SCJN estudiar el tema, pues involucra la interpretaci\u00f3n del art\u00edculo 144 A, fracci\u00f3n VI, segundo p\u00e1rrafo, de la Ley Aduanera.<\/p>\n<p>Calica sostiene que la cancelaci\u00f3n de la concesi\u00f3n constituye un acto de inconstitucionalidad. Ahora, la Suprema Corte deber\u00e1 decidir si atrae el caso; de hacerlo, se abrir\u00e1 un nuevo debate jur\u00eddico que podr\u00eda marcar un precedente en materia de concesiones portuarias y facultades de la autoridad aduanera.<\/p>\n<p>&nbsp;<\/p>\n<p>&nbsp;<\/p>\n","protected":false},"excerpt":{"rendered":"<p>Tras anuncio de la secretaria de Mujeres Califican la propuesta como incongruente y contraria al objetivo original Por redacci\u00f3n DIARIOIMAGEN Chetumal.- El anuncio de la secretaria de Mujeres, Esther Burgos, sobre la posibilidad de incorporar a varones biol\u00f3gicos que se identifican como mujeres en el programa \u201cMujer es poder\u201d gener\u00f3 una fuerte reacci\u00f3n de la [&hellip;]<\/p>\n","protected":false},"author":14,"featured_media":717243,"comment_status":"open","ping_status":"open","sticky":false,"template":"","format":"standard","meta":{"_monsterinsights_skip_tracking":false,"_monsterinsights_sitenote_active":false,"_monsterinsights_sitenote_note":"","_monsterinsights_sitenote_category":0,"footnotes":""},"categories":[101305],"tags":[],"class_list":["post-717242","post","type-post","status-publish","format-standard","has-post-thumbnail","hentry","category-quintana-roo"],"_links":{"self":[{"href":"https:\/\/www.diarioimagen.net\/index.php?rest_route=\/wp\/v2\/posts\/717242","targetHints":{"allow":["GET"]}}],"collection":[{"href":"https:\/\/www.diarioimagen.net\/index.php?rest_route=\/wp\/v2\/posts"}],"about":[{"href":"https:\/\/www.diarioimagen.net\/index.php?rest_route=\/wp\/v2\/types\/post"}],"author":[{"embeddable":true,"href":"https:\/\/www.diarioimagen.net\/index.php?rest_route=\/wp\/v2\/users\/14"}],"replies":[{"embeddable":true,"href":"https:\/\/www.diarioimagen.net\/index.php?rest_route=%2Fwp%2Fv2%2Fcomments&post=717242"}],"version-history":[{"count":1,"href":"https:\/\/www.diarioimagen.net\/index.php?rest_route=\/wp\/v2\/posts\/717242\/revisions"}],"predecessor-version":[{"id":717244,"href":"https:\/\/www.diarioimagen.net\/index.php?rest_route=\/wp\/v2\/posts\/717242\/revisions\/717244"}],"wp:featuredmedia":[{"embeddable":true,"href":"https:\/\/www.diarioimagen.net\/index.php?rest_route=\/wp\/v2\/media\/717243"}],"wp:attachment":[{"href":"https:\/\/www.diarioimagen.net\/index.php?rest_route=%2Fwp%2Fv2%2Fmedia&parent=717242"}],"wp:term":[{"taxonomy":"category","embeddable":true,"href":"https:\/\/www.diarioimagen.net\/index.php?rest_route=%2Fwp%2Fv2%2Fcategories&post=717242"},{"taxonomy":"post_tag","embeddable":true,"href":"https:\/\/www.diarioimagen.net\/index.php?rest_route=%2Fwp%2Fv2%2Ftags&post=717242"}],"curies":[{"name":"wp","href":"https:\/\/api.w.org\/{rel}","templated":true}]}}