{"id":717248,"date":"2026-04-23T20:39:26","date_gmt":"2026-04-24T02:39:26","guid":{"rendered":"https:\/\/www.diarioimagen.net\/?p=717248"},"modified":"2026-04-23T20:39:26","modified_gmt":"2026-04-24T02:39:26","slug":"mototaxistas-de-jose-maria-morelos-con-mayor-presion-por-combustibles-caros","status":"publish","type":"post","link":"https:\/\/www.diarioimagen.net\/?p=717248","title":{"rendered":"Mototaxistas de Jos\u00e9 Mar\u00eda Morelos,  con mayor presi\u00f3n\u00a0por combustibles caros"},"content":{"rendered":"<ul>\n<li><strong>Se disparan costo de operaci\u00f3n <\/strong><\/li>\n<li><strong>\u00a0<\/strong><strong>La falta de ingresos adicionales hace m\u00e1s dif\u00edcil sostener el servicio de transporte popular<\/strong><\/li>\n<\/ul>\n<div id=\"attachment_717249\" style=\"width: 370px\" class=\"wp-caption alignnone\"><img loading=\"lazy\" decoding=\"async\" aria-describedby=\"caption-attachment-717249\" class=\"wp-image-717249 size-large\" src=\"https:\/\/www.diarioimagen.net\/wp-content\/uploads\/2026\/04\/TRANSPORTE-01-ok-360x270.jpg\" alt=\"\" width=\"360\" height=\"270\" srcset=\"https:\/\/www.diarioimagen.net\/wp-content\/uploads\/2026\/04\/TRANSPORTE-01-ok-360x270.jpg 360w, https:\/\/www.diarioimagen.net\/wp-content\/uploads\/2026\/04\/TRANSPORTE-01-ok-240x180.jpg 240w, https:\/\/www.diarioimagen.net\/wp-content\/uploads\/2026\/04\/TRANSPORTE-01-ok-768x577.jpg 768w, https:\/\/www.diarioimagen.net\/wp-content\/uploads\/2026\/04\/TRANSPORTE-01-ok.jpg 1500w\" sizes=\"auto, (max-width: 360px) 100vw, 360px\" \/><p id=\"caption-attachment-717249\" class=\"wp-caption-text\">El aumento constante en el precio de la gasolina ha puesto en aprietos a los mototaxistas de Jos\u00e9 Mar\u00eda Morelos.<\/p><\/div>\n<p>Por redacci\u00f3n DIARIOIMAGEN<\/p>\n<p>Jos\u00e9 Mar\u00eda Morelos.- El aumento constante en el precio de la gasolina ha puesto en aprietos a los mototaxistas de Jos\u00e9 Mar\u00eda Morelos, quienes advierten que sus costos de operaci\u00f3n se han disparado en las \u00faltimas semanas.<\/p>\n<p>Heliodoro Mex Coll\u00ed, representante de la cooperativa Alka Yuun, explic\u00f3 que cada ajuste en el combustible repercute de inmediato en la econom\u00eda de los conductores. \u201cCuando sube 20 o 25 centavos la gasolina, claro que impacta, y nos perjudica tremendamente\u201d, se\u00f1al\u00f3.<\/p>\n<p>A diferencia de destinos tur\u00edsticos como Canc\u00fan o Playa del Carmen, esta zona carece de actividades econ\u00f3micas que permitan compensar los gastos. La falta de ingresos adicionales hace m\u00e1s dif\u00edcil sostener el servicio de transporte popular.<\/p>\n<p>El panorama se agrava con el incremento en refacciones, mantenimiento y mano de obra. \u201cNo solo sube la gasolina, suben las piezas, la mano de obra\u2026 todo nos ahorca m\u00e1s\u201d, expres\u00f3 Mex Coll\u00ed.<\/p>\n<p>Actualmente, el servicio de mototaxi mantiene una tarifa de 10 pesos, pero los l\u00edderes del sector no descartan analizar un aumento en los pr\u00f3ximos meses, aunque reconocen que ser\u00eda una decisi\u00f3n complicada por la situaci\u00f3n econ\u00f3mica de la poblaci\u00f3n usuaria.<\/p>\n<p>Los transportistas pidieron atenci\u00f3n urgente al comportamiento de los precios de los combustibles, al considerar que afectan directamente a sectores que dependen del transporte para subsistir.<\/p>\n<p>&nbsp;<\/p>\n<p><strong>Transportistas belice\u00f1os\u00a0advierten suspensi\u00f3n de viajes\u00a0<\/strong><\/p>\n<p>&nbsp;<\/p>\n<p>La falta de acuerdos en torno al ajuste de tarifas del transporte entre Belice y Chetumal amenaza con convertirse en un nuevo golpe para la econom\u00eda de la capital quintanarroense. Los operadores se\u00f1alaron que, si en las pr\u00f3ximas 48 horas no reciben autorizaci\u00f3n para incrementar el costo de 20 a 22.50 d\u00f3lares por vuelta, dejar\u00e1n de cubrir la ruta hacia M\u00e9xico a partir del mi\u00e9rcoles.<\/p>\n<p>El sector transportista argumenta que el aumento en el precio del di\u00e9sel \u2014de 12.00 a 14.59 d\u00f3lares por gal\u00f3n\u2014 ha vuelto incosteable mantener las tarifas actuales. La ruta, considerada clave para la conectividad regional y el flujo tur\u00edstico, enfrenta as\u00ed un escenario de posible suspensi\u00f3n.<\/p>\n<p>De concretarse la medida, Chetumal perder\u00eda el flujo de visitantes belice\u00f1os, lo que impactar\u00eda directamente en comercios locales y en la actividad tur\u00edstica transfronteriza. Los transportistas insisten en que el problema no est\u00e1 siendo atendido con la urgencia que requiere, pese a la relevancia econ\u00f3mica de la ruta.<\/p>\n<p>La postura es clara: sin ajuste tarifario, no habr\u00e1 servicio. El mensaje de los transportistas busca presionar a las autoridades belice\u00f1as para que reconozcan el incremento en los costos operativos y eviten un freno en la din\u00e1mica comercial entre ambos pa\u00edses.<\/p>\n<p>&nbsp;<\/p>\n","protected":false},"excerpt":{"rendered":"<p>Se disparan costo de operaci\u00f3n \u00a0La falta de ingresos adicionales hace m\u00e1s dif\u00edcil sostener el servicio de transporte popular Por redacci\u00f3n DIARIOIMAGEN Jos\u00e9 Mar\u00eda Morelos.- El aumento constante en el precio de la gasolina ha puesto en aprietos a los mototaxistas de Jos\u00e9 Mar\u00eda Morelos, quienes advierten que sus costos de operaci\u00f3n se han disparado [&hellip;]<\/p>\n","protected":false},"author":14,"featured_media":717249,"comment_status":"open","ping_status":"open","sticky":false,"template":"","format":"standard","meta":{"_monsterinsights_skip_tracking":false,"_monsterinsights_sitenote_active":false,"_monsterinsights_sitenote_note":"","_monsterinsights_sitenote_category":0,"footnotes":""},"categories":[101305],"tags":[],"class_list":["post-717248","post","type-post","status-publish","format-standard","has-post-thumbnail","hentry","category-quintana-roo"],"_links":{"self":[{"href":"https:\/\/www.diarioimagen.net\/index.php?rest_route=\/wp\/v2\/posts\/717248","targetHints":{"allow":["GET"]}}],"collection":[{"href":"https:\/\/www.diarioimagen.net\/index.php?rest_route=\/wp\/v2\/posts"}],"about":[{"href":"https:\/\/www.diarioimagen.net\/index.php?rest_route=\/wp\/v2\/types\/post"}],"author":[{"embeddable":true,"href":"https:\/\/www.diarioimagen.net\/index.php?rest_route=\/wp\/v2\/users\/14"}],"replies":[{"embeddable":true,"href":"https:\/\/www.diarioimagen.net\/index.php?rest_route=%2Fwp%2Fv2%2Fcomments&post=717248"}],"version-history":[{"count":1,"href":"https:\/\/www.diarioimagen.net\/index.php?rest_route=\/wp\/v2\/posts\/717248\/revisions"}],"predecessor-version":[{"id":717253,"href":"https:\/\/www.diarioimagen.net\/index.php?rest_route=\/wp\/v2\/posts\/717248\/revisions\/717253"}],"wp:featuredmedia":[{"embeddable":true,"href":"https:\/\/www.diarioimagen.net\/index.php?rest_route=\/wp\/v2\/media\/717249"}],"wp:attachment":[{"href":"https:\/\/www.diarioimagen.net\/index.php?rest_route=%2Fwp%2Fv2%2Fmedia&parent=717248"}],"wp:term":[{"taxonomy":"category","embeddable":true,"href":"https:\/\/www.diarioimagen.net\/index.php?rest_route=%2Fwp%2Fv2%2Fcategories&post=717248"},{"taxonomy":"post_tag","embeddable":true,"href":"https:\/\/www.diarioimagen.net\/index.php?rest_route=%2Fwp%2Fv2%2Ftags&post=717248"}],"curies":[{"name":"wp","href":"https:\/\/api.w.org\/{rel}","templated":true}]}}