{"id":717359,"date":"2026-04-26T18:38:13","date_gmt":"2026-04-27T00:38:13","guid":{"rendered":"https:\/\/www.diarioimagen.net\/?p=717359"},"modified":"2026-04-26T18:38:13","modified_gmt":"2026-04-27T00:38:13","slug":"amandititita-ofrecera-concierto-gratuitos","status":"publish","type":"post","link":"https:\/\/www.diarioimagen.net\/?p=717359","title":{"rendered":"AMANDITITITA ofrecer\u00e1 concierto gratuitos"},"content":{"rendered":"<ul>\n<li><strong>En \u201cCU\u00cdCATL: LA CIUDAD QUE SUENA\u201d<\/strong><\/li>\n<li><strong>La destacada cantautora y escritora ofrecer\u00e1 una serie de conciertos de entrada libre los domingos a partir del 3 de mayo y hasta el 6 de septiembre de 2026<\/strong><\/li>\n<li><strong>Las agrupaciones encargadas de abrir cada concierto fueron seleccionadas a trav\u00e9s de una convocatoria lanzada a principios de marzo, dise\u00f1ada espec\u00edficamente para proyectar a artistas emergentes cuya propuesta l\u00edrica y musical capture la esencia, las voces y las historias de la Ciudad de M\u00e9xico<\/strong><\/li>\n<\/ul>\n<ul>\n<li><strong>\u201cCu\u00edcatl: la ciudad que suena\u201d es una iniciativa cultural dise\u00f1ada para llevar presentaciones art\u00edsticas gratuitas a las plazas, parques y recintos culturales de la capital<\/strong><\/li>\n<\/ul>\n<p><img loading=\"lazy\" decoding=\"async\" class=\"alignnone wp-image-717360 size-large\" src=\"https:\/\/www.diarioimagen.net\/wp-content\/uploads\/2026\/04\/AMANDITITITA-384x270.jpeg\" alt=\"\" width=\"384\" height=\"270\" srcset=\"https:\/\/www.diarioimagen.net\/wp-content\/uploads\/2026\/04\/AMANDITITITA-384x270.jpeg 384w, https:\/\/www.diarioimagen.net\/wp-content\/uploads\/2026\/04\/AMANDITITITA-240x169.jpeg 240w, https:\/\/www.diarioimagen.net\/wp-content\/uploads\/2026\/04\/AMANDITITITA-768x539.jpeg 768w, https:\/\/www.diarioimagen.net\/wp-content\/uploads\/2026\/04\/AMANDITITITA-1536x1079.jpeg 1536w, https:\/\/www.diarioimagen.net\/wp-content\/uploads\/2026\/04\/AMANDITITITA-2048x1438.jpeg 2048w\" sizes=\"auto, (max-width: 384px) 100vw, 384px\" \/><\/p>\n<p>En el marco de la iniciativa\u00a0<strong>\u201cCu\u00edcatl: la ciudad que suena\u201d<\/strong>, impulsada por la\u00a0<strong>Secretar\u00eda de Cultura de la Ciudad de M\u00e9xico<\/strong>, la cantautora\u00a0<strong>Amandititita<\/strong>\u00a0recorrer\u00e1 la capital del\u00a0<strong>3 de mayo al 6 de septiembre de 2026<\/strong>\u00a0con conciertos de entrada libre los domingos en 16 sedes.<\/p>\n<p>&nbsp;<\/p>\n<p>&nbsp;<\/p>\n<p>&nbsp;<\/p>\n<p>M\u00e1s que una gira convencional, se trata de un proyecto que busca llevar la m\u00fasica a los espacios p\u00fablicos, descentralizar la oferta cultural y acercarla a las comunidades que habitan la ciudad desde una l\u00f3gica m\u00e1s directa y cotidiana.<\/p>\n<p>\u201cCu\u00edcatl: la ciudad que suena\u201d es una iniciativa cultural dise\u00f1ada para transformar la capital a trav\u00e9s de presentaciones art\u00edsticas gratuitas.<\/p>\n<p>Todos los domingos, el programa busca descentralizar la oferta cultural y llevar la m\u00fasica, la danza y el teatro directamente a plazas, parques y espacios comunitarios; as\u00ed, fortalece el tejido social y garantiza el acceso universal a la cultura en cada rinc\u00f3n de la ciudad.<\/p>\n<p>En entrevista, la artista comparti\u00f3 que este recorrido representa algo mucho m\u00e1s profundo: la posibilidad de reencontrarse con la ciudad que ha marcado su vida, obra, y con las personas para quienes escribe. La gira, en ese sentido, no solo implica volver a los escenarios, sino tambi\u00e9n regresar a los territorios donde nacieron muchas de sus historias.<\/p>\n<p>Para Amandititita, la Ciudad de M\u00e9xico es m\u00e1s que un escenario, es memoria, herida, refugio y, sobre todo, una fuente inagotable de historias. La cantautora, originaria de Tampico, Tamaulipas, se asume m\u00e1s como cronista urbana que como m\u00fasica: alguien que observa, recoge y transforma lo que ocurre en las calles en relatos que transitan entre la canci\u00f3n, la escritura y la oralidad.<\/p>\n<p>Su v\u00ednculo con la capital no es superficial ni reciente, est\u00e1 atravesado por experiencias profundas que marcaron de forma definitiva su manera de mirar y narrar.<\/p>\n<p>\u201cMi m\u00e1xima inspiraci\u00f3n ha sido la Ciudad de M\u00e9xico. Es una ciudad que me ha dado mucho, pero tambi\u00e9n me ha quitado. A partir del temblor del 85, donde muri\u00f3 mi padre, creo que me volv\u00ed una observadora de su alma. Desde ah\u00ed empec\u00e9 a mirar la ciudad de otra manera, como si fuera una figura que alberga los mejores corazones, pero tambi\u00e9n muchas heridas\u201d, record\u00f3.<\/p>\n<p>Durante a\u00f1os, su m\u00fasica transit\u00f3 por circuitos que no necesariamente correspond\u00edan con el p\u00fablico al que le escribe: escenarios alejados de la cotidianidad que retrata en sus letras, festivales donde el acceso suele estar condicionado por el costo. Por eso, esta gira se convierte en una forma de retribuci\u00f3n.<\/p>\n<p>\u201cTocaba en festivales muy caros, con boletos que no tienen nada que ver con la realidad de las personas de las que hablo en mis canciones. Nunca me hab\u00eda presentado en espacios p\u00fablicos en 17 a\u00f1os de carrera, entonces cuando llega esta invitaci\u00f3n se siente como un sue\u00f1o que ni siquiera me hab\u00eda atrevido a desear\u201d, explic\u00f3.<\/p>\n<p>La propuesta, cuenta, no surgi\u00f3 de ella, sino que lleg\u00f3 como una invitaci\u00f3n institucional que encontr\u00f3 eco inmediato en su historia personal y en su forma de entender la cultura como un derecho.<\/p>\n<p>\u201cCuando la Secretar\u00eda de Cultura me extendi\u00f3 el ofrecimiento, yo dije \u2018esto es lo que yo quer\u00eda\u2019. Todav\u00eda no lo creo del todo, porque siempre he sentido que mi lucha es muy solitaria, y ahora de pronto hay un respaldo para llevar estas ideas a m\u00e1s gente, para decirles que est\u00e1 bien lo que son, que no tienen que aspirar a ser otra cosa para tener valor\u201d, afirm\u00f3.<\/p>\n<p>Durante su presentaci\u00f3n en \u201cNoche de Primavera 2026\u201d el pasado 21 de marzo, el impacto de presentarse en el espacio p\u00fablico fue inmediato. Ah\u00ed encontr\u00f3 algo que durante a\u00f1os le hab\u00eda sido esquivo: un p\u00fablico que adem\u00e1s de escucharla, se reconoce en lo que oye, personas que habitan las mismas historias que ella convierte en canciones.<\/p>\n<p>\u201cEn los espacios p\u00fablicos est\u00e1 la gente a la que le compongo. Ahora que present\u00e9 mi libro en el Z\u00f3calo y que tuve Noche de Primavera me di cuenta de que estaban mis personajes entre la gente sabi\u00e9ndose sus canciones y cant\u00e1ndolas con una mirada de: \u2018entiendo lo que dices porque yo lo vivo\u2019\u201d, relat\u00f3.<\/p>\n<p>Como parte de este recorrido, Amandititita tambi\u00e9n decidi\u00f3 abrir el escenario a nuevas voces. La selecci\u00f3n de artistas que la acompa\u00f1ar\u00e1n no se bas\u00f3 en criterios t\u00e9cnicos o acad\u00e9micos, sino en algo m\u00e1s esencial: la capacidad de contar la ciudad desde la experiencia propia. \u201cMe gui\u00e9 por lo que sent\u00ed que ten\u00eda mejor letra, porque obviamente soy una clavada en eso, y una de las cosas que m\u00e1s influyeron fue que esas letras tuvieran que ver con la ciudad. Para m\u00ed eso era lo importante, porque puedes aprender a cantar y a tocar un instrumento, sin embargo, no es tan f\u00e1cil aprender a tener algo que decir\u201d, detall\u00f3.<\/p>\n<p>El resultado es un mosaico diverso de propuestas que dialogan desde distintos territorios, generaciones y experiencias. En ellas, reconoce una constante que ha persistido a lo largo del tiempo: una mezcla de desgaste y afecto profundo por la ciudad, una relaci\u00f3n compleja que sigue siendo motor creativo.<\/p>\n<p>\u201cHay algo que no ha cambiado en las canciones, sigue habiendo un cansancio muy grande, pero tambi\u00e9n un amor profundo por la ciudad. Es esa contradicci\u00f3n de sentir que no lo est\u00e1s logrando, pero tampoco te quieres ir. Me siento muy contenta de admirar esta nueva parte y de ver que el talento est\u00e1 ah\u00ed, solo necesitan ese empujoncito que, estoy segura, Cultura se los est\u00e1 dando\u201d, observ\u00f3.<\/p>\n<p>Ese impulso, considera, debe venir acompa\u00f1ado de pol\u00edticas culturales que garanticen el acceso, especialmente para quienes hist\u00f3ricamente han quedado fuera de los circuitos formales de formaci\u00f3n art\u00edstica. \u201cHay gente que no va a encontrar un camino si no tiene acceso a \u00e9l. No todos pueden pagar una escuela de arte, y eso no significa que no tengan talento. Por eso estos espacios tienen que ser gratuitos, porque ah\u00ed es donde realmente se puede generar una transformaci\u00f3n\u201d, subray\u00f3.<\/p>\n<p>En el escenario, el p\u00fablico encontrar\u00e1 un recorrido por sus cuatro discos, junto con adelantos de su pr\u00f3ximo material y una propuesta esc\u00e9nica que incorpora elementos teatrales. La intenci\u00f3n, explica, es transformar sus conciertos en experiencias m\u00e1s cercanas, accesibles y pensadas tambi\u00e9n para p\u00fablicos j\u00f3venes, incluyendo a las infancias.<\/p>\n<p>\u201cAhora que hay tantas actividades gratuitas digo: \u2018Qu\u00e9 incre\u00edble ser parte de esto\u2019, porque a m\u00ed la cultura me salv\u00f3 la vida. La escritura, las canciones, me sacaron de un destino muy complicado. Estoy segura de que el arte puede salvar a muchas personas. Ser parte de esto, de llevar cultura a espacios gratuitos, es devolver algo de lo que a m\u00ed me transform\u00f3\u201d, concluy\u00f3.<\/p>\n<p><strong>Programaci\u00f3n<\/strong>\u00a0La invitaci\u00f3n est\u00e1 abierta a sumarse a este recorrido por la ciudad, donde la m\u00fasica se encuentra con la vida cotidiana en espacios p\u00fablicos y de acceso gratuito. Cada domingo, la gira propone un nuevo punto de encuentro en distintas sedes. \u25cf 3 de mayo &#8211; Plaza del Bolero, Tlalpan<\/p>\n<ul>\n<li>10 de mayo &#8211; Jard\u00edn Santiago Xicot\u00e9ncatl, Benito Ju\u00e1rez<\/li>\n<li>17 de mayo &#8211; Deportivo El Cacalote, Cuajimalpa<\/li>\n<li>24 de mayo &#8211; Alameda Sur, Coyoac\u00e1n<\/li>\n<li>31 de mayo &#8211; Jard\u00edn de Santiago Tlatelolco, Cuauht\u00e9moc<\/li>\n<li>7 de junio &#8211; UTOP\u00cdA Meyehualco, Iztapalapa<\/li>\n<li>14 de junio &#8211; Foro Cultural Magdalena Contreras, Magdalena Contreras \u25cf 21 de junio &#8211; Isleta del Bosque de Chapultepec, Primera Secci\u00f3n, Miguel Hidalgo \u25cf 28 de junio &#8211; Velaria del Campamento Dos de Octubre, Iztacalco \u25cf 26 de julio &#8211; Plaza San Jacinto, \u00c1lvaro Obreg\u00f3n \u25cf 2 de agosto &#8211; Sede por definir, Xochimilco \u25cf 9 de agosto &#8211; Deportivo Eduardo Molina, Venustiano Carranza \u25cf 16 de agosto &#8211; Explanada Tec\u00f3mitl, Milpa Alta \u25cf 23 de agosto &#8211; Parque del Mestizaje, Gustavo A. Madero \u25cf 30 de agosto &#8211; Mixquic, Tl\u00e1huac \u25cf 6 de septiembre &#8211; Parque Tezoz\u00f3moc, Azcapotzalco Con \u201cCu\u00edcatl: la ciudad que suena\u201d, Amandititita no solo regresa a cantar en la Ciudad de M\u00e9xico, vuelve a recorrerla desde la memoria, a escucharla desde la experiencia y a encontrarse, una vez m\u00e1s, con las historias que le dan sentido a su obra.<\/li>\n<\/ul>\n<p>&nbsp;<\/p>\n","protected":false},"excerpt":{"rendered":"<p>En \u201cCU\u00cdCATL: LA CIUDAD QUE SUENA\u201d La destacada cantautora y escritora ofrecer\u00e1 una serie de conciertos de entrada libre los domingos a partir del 3 de mayo y hasta el 6 de septiembre de 2026 Las agrupaciones encargadas de abrir cada concierto fueron seleccionadas a trav\u00e9s de una convocatoria lanzada a principios de marzo, dise\u00f1ada [&hellip;]<\/p>\n","protected":false},"author":14,"featured_media":717360,"comment_status":"open","ping_status":"open","sticky":false,"template":"","format":"standard","meta":{"_monsterinsights_skip_tracking":false,"_monsterinsights_sitenote_active":false,"_monsterinsights_sitenote_note":"","_monsterinsights_sitenote_category":0,"footnotes":""},"categories":[12],"tags":[],"class_list":["post-717359","post","type-post","status-publish","format-standard","has-post-thumbnail","hentry","category-espectaculos"],"_links":{"self":[{"href":"https:\/\/www.diarioimagen.net\/index.php?rest_route=\/wp\/v2\/posts\/717359","targetHints":{"allow":["GET"]}}],"collection":[{"href":"https:\/\/www.diarioimagen.net\/index.php?rest_route=\/wp\/v2\/posts"}],"about":[{"href":"https:\/\/www.diarioimagen.net\/index.php?rest_route=\/wp\/v2\/types\/post"}],"author":[{"embeddable":true,"href":"https:\/\/www.diarioimagen.net\/index.php?rest_route=\/wp\/v2\/users\/14"}],"replies":[{"embeddable":true,"href":"https:\/\/www.diarioimagen.net\/index.php?rest_route=%2Fwp%2Fv2%2Fcomments&post=717359"}],"version-history":[{"count":1,"href":"https:\/\/www.diarioimagen.net\/index.php?rest_route=\/wp\/v2\/posts\/717359\/revisions"}],"predecessor-version":[{"id":717361,"href":"https:\/\/www.diarioimagen.net\/index.php?rest_route=\/wp\/v2\/posts\/717359\/revisions\/717361"}],"wp:featuredmedia":[{"embeddable":true,"href":"https:\/\/www.diarioimagen.net\/index.php?rest_route=\/wp\/v2\/media\/717360"}],"wp:attachment":[{"href":"https:\/\/www.diarioimagen.net\/index.php?rest_route=%2Fwp%2Fv2%2Fmedia&parent=717359"}],"wp:term":[{"taxonomy":"category","embeddable":true,"href":"https:\/\/www.diarioimagen.net\/index.php?rest_route=%2Fwp%2Fv2%2Fcategories&post=717359"},{"taxonomy":"post_tag","embeddable":true,"href":"https:\/\/www.diarioimagen.net\/index.php?rest_route=%2Fwp%2Fv2%2Ftags&post=717359"}],"curies":[{"name":"wp","href":"https:\/\/api.w.org\/{rel}","templated":true}]}}