{"id":717362,"date":"2026-04-26T18:42:57","date_gmt":"2026-04-27T00:42:57","guid":{"rendered":"https:\/\/www.diarioimagen.net\/?p=717362"},"modified":"2026-04-26T18:42:57","modified_gmt":"2026-04-27T00:42:57","slug":"con-paso-firme-se-avanza-para-mejorar-la-movilidad-en-naucalpan-regidor-paulo-lara","status":"publish","type":"post","link":"https:\/\/www.diarioimagen.net\/?p=717362","title":{"rendered":"Con paso firme se avanza para mejorar la  movilidad en Naucalpan: regidor Paulo Lara"},"content":{"rendered":"<ul>\n<li><strong>Fortalecimiento de la infraestructura vial<\/strong><\/li>\n<\/ul>\n<p><strong>\u00a0<\/strong><\/p>\n<p><img loading=\"lazy\" decoding=\"async\" class=\"alignnone wp-image-717363 size-large\" src=\"https:\/\/www.diarioimagen.net\/wp-content\/uploads\/2026\/04\/BAENA-1-ok-13-322x270.jpg\" alt=\"\" width=\"322\" height=\"270\" srcset=\"https:\/\/www.diarioimagen.net\/wp-content\/uploads\/2026\/04\/BAENA-1-ok-13-322x270.jpg 322w, https:\/\/www.diarioimagen.net\/wp-content\/uploads\/2026\/04\/BAENA-1-ok-13-240x201.jpg 240w, https:\/\/www.diarioimagen.net\/wp-content\/uploads\/2026\/04\/BAENA-1-ok-13-768x644.jpg 768w, https:\/\/www.diarioimagen.net\/wp-content\/uploads\/2026\/04\/BAENA-1-ok-13-1536x1287.jpg 1536w, https:\/\/www.diarioimagen.net\/wp-content\/uploads\/2026\/04\/BAENA-1-ok-13-2048x1716.jpg 2048w\" sizes=\"auto, (max-width: 322px) 100vw, 322px\" \/><\/p>\n<p>Naucalpan, M\u00e9x.- Con el liderazgo de nuestro presidente municipal Isaac Montoya M\u00e1rquez\u00a0 y gracias a la obra realizada con recursos propios del gobierno, se llev\u00f3 a cabo la inauguraci\u00f3n de la reconstrucci\u00f3n con concreto hidr\u00e1ulico de 3.2 kil\u00f3metros de la lateral del Perif\u00e9rico Norte, desde Viveros a Baden Powell.<\/p>\n<p>&nbsp;<\/p>\n<p>Expres\u00f3 lo anterior el quinto regidor Paulo Lara Saavedra, luego de asegurar que \u00abesta acci\u00f3n fortalece la infraestructura vial y mejora la seguridad para todas y todos los habitantes y de quienes transitan por esta v\u00eda\u00bb.<\/p>\n<p>&nbsp;<\/p>\n<p>El representante popular de Morena destac\u00f3 que \u00aben este importante acto contamos con la presencia de la gobernadora Delfina G\u00f3mez \u00c1lvarez\u00a0 como invitada, refrendando la importancia de seguir trabajando en coordinaci\u00f3n por el bienestar de la ciudadan\u00eda\u00bb.<\/p>\n<p>&nbsp;<\/p>\n<p>En ese sentido, diversos sectores de la poblaci\u00f3n, reconocieron las acciones del gobierno que encabeza el alcalde Isaac Montoya y refrendaron su confianza por las obras y servicios p\u00fablicos en su beneficio.<\/p>\n<p>&nbsp;<\/p>\n<p>Finalmente, Paulo Lara puntualiz\u00f3 que \u201cseguimos avanzando con acciones que generan resultados reales, construyendo vialidades m\u00e1s duraderas y servicios p\u00fablicos de calidad en favor de la ciudadan\u00eda\u201d, concluy\u00f3.<\/p>\n<p>&nbsp;<\/p>\n<p>&nbsp;<\/p>\n","protected":false},"excerpt":{"rendered":"<p>Fortalecimiento de la infraestructura vial \u00a0 Naucalpan, M\u00e9x.- Con el liderazgo de nuestro presidente municipal Isaac Montoya M\u00e1rquez\u00a0 y gracias a la obra realizada con recursos propios del gobierno, se llev\u00f3 a cabo la inauguraci\u00f3n de la reconstrucci\u00f3n con concreto hidr\u00e1ulico de 3.2 kil\u00f3metros de la lateral del Perif\u00e9rico Norte, desde Viveros a Baden Powell. [&hellip;]<\/p>\n","protected":false},"author":14,"featured_media":717363,"comment_status":"open","ping_status":"open","sticky":false,"template":"","format":"standard","meta":{"_monsterinsights_skip_tracking":false,"_monsterinsights_sitenote_active":false,"_monsterinsights_sitenote_note":"","_monsterinsights_sitenote_category":0,"footnotes":""},"categories":[5],"tags":[],"class_list":["post-717362","post","type-post","status-publish","format-standard","has-post-thumbnail","hentry","category-estado-de-mexico"],"_links":{"self":[{"href":"https:\/\/www.diarioimagen.net\/index.php?rest_route=\/wp\/v2\/posts\/717362","targetHints":{"allow":["GET"]}}],"collection":[{"href":"https:\/\/www.diarioimagen.net\/index.php?rest_route=\/wp\/v2\/posts"}],"about":[{"href":"https:\/\/www.diarioimagen.net\/index.php?rest_route=\/wp\/v2\/types\/post"}],"author":[{"embeddable":true,"href":"https:\/\/www.diarioimagen.net\/index.php?rest_route=\/wp\/v2\/users\/14"}],"replies":[{"embeddable":true,"href":"https:\/\/www.diarioimagen.net\/index.php?rest_route=%2Fwp%2Fv2%2Fcomments&post=717362"}],"version-history":[{"count":1,"href":"https:\/\/www.diarioimagen.net\/index.php?rest_route=\/wp\/v2\/posts\/717362\/revisions"}],"predecessor-version":[{"id":717364,"href":"https:\/\/www.diarioimagen.net\/index.php?rest_route=\/wp\/v2\/posts\/717362\/revisions\/717364"}],"wp:featuredmedia":[{"embeddable":true,"href":"https:\/\/www.diarioimagen.net\/index.php?rest_route=\/wp\/v2\/media\/717363"}],"wp:attachment":[{"href":"https:\/\/www.diarioimagen.net\/index.php?rest_route=%2Fwp%2Fv2%2Fmedia&parent=717362"}],"wp:term":[{"taxonomy":"category","embeddable":true,"href":"https:\/\/www.diarioimagen.net\/index.php?rest_route=%2Fwp%2Fv2%2Fcategories&post=717362"},{"taxonomy":"post_tag","embeddable":true,"href":"https:\/\/www.diarioimagen.net\/index.php?rest_route=%2Fwp%2Fv2%2Ftags&post=717362"}],"curies":[{"name":"wp","href":"https:\/\/api.w.org\/{rel}","templated":true}]}}