{"id":717365,"date":"2026-04-26T19:00:34","date_gmt":"2026-04-27T01:00:34","guid":{"rendered":"https:\/\/www.diarioimagen.net\/?p=717365"},"modified":"2026-04-26T19:00:34","modified_gmt":"2026-04-27T01:00:34","slug":"destinara-el-gobierno-de-atizapan-150-millones-de-pesos-en-apoyos","status":"publish","type":"post","link":"https:\/\/www.diarioimagen.net\/?p=717365","title":{"rendered":"Destinar\u00e1 el gobierno de Atizap\u00e1n  150 millones de pesos en apoyos"},"content":{"rendered":"<ul>\n<li><strong>Programa \u201cSalario familiar\u201d<\/strong><\/li>\n<\/ul>\n<p><strong>\u00a0<\/strong><\/p>\n<div id=\"attachment_717366\" style=\"width: 370px\" class=\"wp-caption alignnone\"><img loading=\"lazy\" decoding=\"async\" aria-describedby=\"caption-attachment-717366\" class=\"wp-image-717366 size-large\" src=\"https:\/\/www.diarioimagen.net\/wp-content\/uploads\/2026\/04\/BAENA-2-ok-15-360x270.jpg\" alt=\"\" width=\"360\" height=\"270\" srcset=\"https:\/\/www.diarioimagen.net\/wp-content\/uploads\/2026\/04\/BAENA-2-ok-15-360x270.jpg 360w, https:\/\/www.diarioimagen.net\/wp-content\/uploads\/2026\/04\/BAENA-2-ok-15-240x180.jpg 240w, https:\/\/www.diarioimagen.net\/wp-content\/uploads\/2026\/04\/BAENA-2-ok-15-768x576.jpg 768w, https:\/\/www.diarioimagen.net\/wp-content\/uploads\/2026\/04\/BAENA-2-ok-15.jpg 1500w\" sizes=\"auto, (max-width: 360px) 100vw, 360px\" \/><p id=\"caption-attachment-717366\" class=\"wp-caption-text\">El programa \u201cSalario familiar\u201d, impulsado por el alcalde Pedro Rodr\u00edguez, beneficiar\u00e1 este a\u00f1o a 20 mil familias atizapenses.<\/p><\/div>\n<p>&nbsp;<\/p>\n<p>Atizap\u00e1n de Zaragoza, M\u00e9x.-\u00a0 Con un presupuesto hist\u00f3rico de 150 millones de pesos, el programa \u201cSalario familiar\u201d, impulsado por el alcalde Pedro Rodr\u00edguez, beneficiar\u00e1 este a\u00f1o a 20 mil familias del municipio, cifra nunca antes destinada a programas sociales en Atizap\u00e1n de Zaragoza.<\/p>\n<p>&nbsp;<\/p>\n<p>El Presidente Municipal afirm\u00f3 que el incremento en el presupuesto asignado a este programa, responde a la demanda de la poblaci\u00f3n.<\/p>\n<p>&nbsp;<\/p>\n<p>\u201cRecibimos m\u00e1s de 57 mil solicitudes, es por ello que crecerlo a 20 mil era la posibilidad de tratar de apoyar a m\u00e1s Atizapenses, pero tambi\u00e9n el hecho de destinar otros 50 millones de pesos, con lo cual estaremos rebasando m\u00e1s de 150 millones en este programa y ello\u00a0 habla de finanzas sanas que tenemos\u201d, dijo.<\/p>\n<p>&nbsp;<\/p>\n<p>Puntualiz\u00f3 que la ampliaci\u00f3n en la inversi\u00f3n que se ejercer\u00e1 durante este a\u00f1o en esta iniciativa municipal es una muestra de que los impuestos que los Atizapenses pagan con muchos sacrificios, se traducen tambi\u00e9n en beneficios para ellos mismos.<\/p>\n<p>&nbsp;<\/p>\n<p>Integrantes del cuerpo edilicio de las distintas fracciones partidistas reconocieron el buen manejo de los recursos que este gobierno ha tenido, lo que permite que hoy m\u00e1s familias puedan acceder a uno de los apoyos sociales que ha distinguido a esta administraci\u00f3n.<\/p>\n<p><strong>\u00a0<\/strong><\/p>\n<p>&nbsp;<\/p>\n<p>&nbsp;<\/p>\n","protected":false},"excerpt":{"rendered":"<p>Programa \u201cSalario familiar\u201d \u00a0 &nbsp; Atizap\u00e1n de Zaragoza, M\u00e9x.-\u00a0 Con un presupuesto hist\u00f3rico de 150 millones de pesos, el programa \u201cSalario familiar\u201d, impulsado por el alcalde Pedro Rodr\u00edguez, beneficiar\u00e1 este a\u00f1o a 20 mil familias del municipio, cifra nunca antes destinada a programas sociales en Atizap\u00e1n de Zaragoza. &nbsp; El Presidente Municipal afirm\u00f3 que el [&hellip;]<\/p>\n","protected":false},"author":14,"featured_media":717366,"comment_status":"open","ping_status":"open","sticky":false,"template":"","format":"standard","meta":{"_monsterinsights_skip_tracking":false,"_monsterinsights_sitenote_active":false,"_monsterinsights_sitenote_note":"","_monsterinsights_sitenote_category":0,"footnotes":""},"categories":[5],"tags":[],"class_list":["post-717365","post","type-post","status-publish","format-standard","has-post-thumbnail","hentry","category-estado-de-mexico"],"_links":{"self":[{"href":"https:\/\/www.diarioimagen.net\/index.php?rest_route=\/wp\/v2\/posts\/717365","targetHints":{"allow":["GET"]}}],"collection":[{"href":"https:\/\/www.diarioimagen.net\/index.php?rest_route=\/wp\/v2\/posts"}],"about":[{"href":"https:\/\/www.diarioimagen.net\/index.php?rest_route=\/wp\/v2\/types\/post"}],"author":[{"embeddable":true,"href":"https:\/\/www.diarioimagen.net\/index.php?rest_route=\/wp\/v2\/users\/14"}],"replies":[{"embeddable":true,"href":"https:\/\/www.diarioimagen.net\/index.php?rest_route=%2Fwp%2Fv2%2Fcomments&post=717365"}],"version-history":[{"count":1,"href":"https:\/\/www.diarioimagen.net\/index.php?rest_route=\/wp\/v2\/posts\/717365\/revisions"}],"predecessor-version":[{"id":717367,"href":"https:\/\/www.diarioimagen.net\/index.php?rest_route=\/wp\/v2\/posts\/717365\/revisions\/717367"}],"wp:featuredmedia":[{"embeddable":true,"href":"https:\/\/www.diarioimagen.net\/index.php?rest_route=\/wp\/v2\/media\/717366"}],"wp:attachment":[{"href":"https:\/\/www.diarioimagen.net\/index.php?rest_route=%2Fwp%2Fv2%2Fmedia&parent=717365"}],"wp:term":[{"taxonomy":"category","embeddable":true,"href":"https:\/\/www.diarioimagen.net\/index.php?rest_route=%2Fwp%2Fv2%2Fcategories&post=717365"},{"taxonomy":"post_tag","embeddable":true,"href":"https:\/\/www.diarioimagen.net\/index.php?rest_route=%2Fwp%2Fv2%2Ftags&post=717365"}],"curies":[{"name":"wp","href":"https:\/\/api.w.org\/{rel}","templated":true}]}}