{"id":717371,"date":"2026-04-26T19:13:34","date_gmt":"2026-04-27T01:13:34","guid":{"rendered":"https:\/\/www.diarioimagen.net\/?p=717371"},"modified":"2026-04-26T19:13:34","modified_gmt":"2026-04-27T01:13:34","slug":"sigamos-construyendo-un-mejor-futuro-para-la-ninez-simon-mondragon","status":"publish","type":"post","link":"https:\/\/www.diarioimagen.net\/?p=717371","title":{"rendered":"Sigamos construyendo un mejor futuro para la ni\u00f1ez: Sim\u00f3n Mondrag\u00f3n\u00a0"},"content":{"rendered":"<p><img loading=\"lazy\" decoding=\"async\" class=\"alignnone wp-image-717372 size-large\" src=\"https:\/\/www.diarioimagen.net\/wp-content\/uploads\/2026\/04\/BAENA-4-ok-14-460x264.jpg\" alt=\"\" width=\"460\" height=\"264\" srcset=\"https:\/\/www.diarioimagen.net\/wp-content\/uploads\/2026\/04\/BAENA-4-ok-14-460x264.jpg 460w, https:\/\/www.diarioimagen.net\/wp-content\/uploads\/2026\/04\/BAENA-4-ok-14-240x138.jpg 240w, https:\/\/www.diarioimagen.net\/wp-content\/uploads\/2026\/04\/BAENA-4-ok-14-768x441.jpg 768w, https:\/\/www.diarioimagen.net\/wp-content\/uploads\/2026\/04\/BAENA-4-ok-14.jpg 1500w\" sizes=\"auto, (max-width: 460px) 100vw, 460px\" \/><\/p>\n<p>&nbsp;<\/p>\n<p>Valle de M\u00e9xico. En el marco del \u00abD\u00eda del Ni\u00f1o\u00bb, el celebrar su infancia es reconocer su creatividad, su energ\u00eda y su capacidad de so\u00f1ar. Sigamos construyendo espacios donde se sientan felices, seguros y valorados cada d\u00eda. Afirm\u00f3 el profesor Sim\u00f3n Mondrag\u00f3n Bernal,\u00a0director general de Educaci\u00f3n Media Superior del Estado de M\u00e9xico, luego de reiterar que en los gobiernos federal y estatal,\u00a0 la educaci\u00f3n es y siempre ser\u00e1 una prioridad, pues es la mejor herramienta para el futuro de las nuevas generaciones.<\/p>\n<p>&nbsp;<\/p>\n","protected":false},"excerpt":{"rendered":"<p>&nbsp; Valle de M\u00e9xico. En el marco del \u00abD\u00eda del Ni\u00f1o\u00bb, el celebrar su infancia es reconocer su creatividad, su energ\u00eda y su capacidad de so\u00f1ar. Sigamos construyendo espacios donde se sientan felices, seguros y valorados cada d\u00eda. Afirm\u00f3 el profesor Sim\u00f3n Mondrag\u00f3n Bernal,\u00a0director general de Educaci\u00f3n Media Superior del Estado de M\u00e9xico, luego de [&hellip;]<\/p>\n","protected":false},"author":14,"featured_media":717372,"comment_status":"open","ping_status":"open","sticky":false,"template":"","format":"standard","meta":{"_monsterinsights_skip_tracking":false,"_monsterinsights_sitenote_active":false,"_monsterinsights_sitenote_note":"","_monsterinsights_sitenote_category":0,"footnotes":""},"categories":[5],"tags":[],"class_list":["post-717371","post","type-post","status-publish","format-standard","has-post-thumbnail","hentry","category-estado-de-mexico"],"_links":{"self":[{"href":"https:\/\/www.diarioimagen.net\/index.php?rest_route=\/wp\/v2\/posts\/717371","targetHints":{"allow":["GET"]}}],"collection":[{"href":"https:\/\/www.diarioimagen.net\/index.php?rest_route=\/wp\/v2\/posts"}],"about":[{"href":"https:\/\/www.diarioimagen.net\/index.php?rest_route=\/wp\/v2\/types\/post"}],"author":[{"embeddable":true,"href":"https:\/\/www.diarioimagen.net\/index.php?rest_route=\/wp\/v2\/users\/14"}],"replies":[{"embeddable":true,"href":"https:\/\/www.diarioimagen.net\/index.php?rest_route=%2Fwp%2Fv2%2Fcomments&post=717371"}],"version-history":[{"count":1,"href":"https:\/\/www.diarioimagen.net\/index.php?rest_route=\/wp\/v2\/posts\/717371\/revisions"}],"predecessor-version":[{"id":717373,"href":"https:\/\/www.diarioimagen.net\/index.php?rest_route=\/wp\/v2\/posts\/717371\/revisions\/717373"}],"wp:featuredmedia":[{"embeddable":true,"href":"https:\/\/www.diarioimagen.net\/index.php?rest_route=\/wp\/v2\/media\/717372"}],"wp:attachment":[{"href":"https:\/\/www.diarioimagen.net\/index.php?rest_route=%2Fwp%2Fv2%2Fmedia&parent=717371"}],"wp:term":[{"taxonomy":"category","embeddable":true,"href":"https:\/\/www.diarioimagen.net\/index.php?rest_route=%2Fwp%2Fv2%2Fcategories&post=717371"},{"taxonomy":"post_tag","embeddable":true,"href":"https:\/\/www.diarioimagen.net\/index.php?rest_route=%2Fwp%2Fv2%2Ftags&post=717371"}],"curies":[{"name":"wp","href":"https:\/\/api.w.org\/{rel}","templated":true}]}}