{"id":717374,"date":"2026-04-26T19:17:06","date_gmt":"2026-04-27T01:17:06","guid":{"rendered":"https:\/\/www.diarioimagen.net\/?p=717374"},"modified":"2026-04-26T19:17:06","modified_gmt":"2026-04-27T01:17:06","slug":"descartan-prorroga-para-registrar-lineas-de-telefonia-celular","status":"publish","type":"post","link":"https:\/\/www.diarioimagen.net\/?p=717374","title":{"rendered":"Descartan pr\u00f3rroga para registrar l\u00edneas de telefon\u00eda celular"},"content":{"rendered":"<p>&nbsp;<\/p>\n<ul>\n<li><strong>El plazo vence el 30 de junio<\/strong><strong>\u00a0<\/strong><\/li>\n<li><strong>Se espera que en 64 d\u00edas se pueda alcanzar la meta de registrar m\u00e1s de 148.2 millones de chips; van 30.2 millones<\/strong><\/li>\n<\/ul>\n<div id=\"attachment_717375\" style=\"width: 642px\" class=\"wp-caption alignnone\"><img loading=\"lazy\" decoding=\"async\" aria-describedby=\"caption-attachment-717375\" class=\"size-full wp-image-717375\" src=\"https:\/\/www.diarioimagen.net\/wp-content\/uploads\/2026\/04\/CELULARES.png\" alt=\"\" width=\"632\" height=\"470\" srcset=\"https:\/\/www.diarioimagen.net\/wp-content\/uploads\/2026\/04\/CELULARES.png 632w, https:\/\/www.diarioimagen.net\/wp-content\/uploads\/2026\/04\/CELULARES-240x178.png 240w, https:\/\/www.diarioimagen.net\/wp-content\/uploads\/2026\/04\/CELULARES-363x270.png 363w\" sizes=\"auto, (max-width: 632px) 100vw, 632px\" \/><p id=\"caption-attachment-717375\" class=\"wp-caption-text\">La meta es registrar 1.5 millones de l\u00edneas m\u00f3viles, a fin de que antes del 30 de junio se tengan registradas m\u00e1s de 148 millones de l\u00edneas telef\u00f3nicas m\u00f3viles, se\u00f1alan autoridades.<\/p><\/div>\n<p>No habr\u00e1 una pr\u00f3rroga para registrar l\u00edneas de telefon\u00eda celular hasta el 30 de junio ante las compa\u00f1\u00edas de telecomunicaciones y de lo contrario tendr\u00e1n suspendido el servicio, asegur\u00f3 Norma Solano Rodr\u00edguez, comisionada presidenta de la Comisi\u00f3n Reguladora de Telecomunicaciones (CRT).<\/p>\n<p>La funcionaria federal revel\u00f3 que a la fecha se tiene contabilizado 30.2 millones de l\u00edneas de telefon\u00eda m\u00f3vil, por lo que se espera que antes del plazo establecido se puedan registrar 148.2 millones de l\u00edneas telef\u00f3nicas existentes en el pa\u00eds.<\/p>\n<p>La CRT junto con los operadores de telecomunicaciones, entidades de gobierno y organismos empresariales lanzaron una campa\u00f1a masiva en redes sociales y medios de comunicaci\u00f3n para que la poblaci\u00f3n pueda realizar el registro de las l\u00edneas de telefon\u00eda, de lo contrario a partir del 1 de julio tendr\u00e1n suspendido el servicio, dijo.<\/p>\n<p>La campa\u00f1a tendr\u00e1 presencia en espacios p\u00fablicos, oficinas de gobierno, eventos culturales, plazas comerciales, estadios, centros de atenci\u00f3n y entretenimiento, as\u00ed como en p\u00e1ginas de gobierno y de instituciones privadas y educativas, aplicaciones de las compa\u00f1\u00edas m\u00f3viles y redes sociales.<\/p>\n<p>\u201cNo existe un escenario donde las personas antes del 30 junio no van a registrar la l\u00edneas telef\u00f3nicas, por lo que hoy en una estrategia conjunta lanzada por la CRT con operadores se busca que se acelere los registros de las l\u00edneas\u201d, coment\u00f3 Solano.<\/p>\n<p>Resalt\u00f3 que todos los datos solicitados para el registro de las l\u00edneas celulares no estar\u00e1n en posesi\u00f3n del gobierno federal, sino que se mantendr\u00e1n en base de datos de todos los operadores de telefon\u00eda m\u00f3vil.<\/p>\n<p>En un escenario optimista, Solano resalt\u00f3 que de manera diaria se deben registrar 1.5 millones de l\u00edneas, esto a fin de que antes del 30 de junio se tengan registrados la totalidad de las l\u00edneas telef\u00f3nicas m\u00f3viles.<\/p>\n<p>Durante la conferencia, la comisionada presidenta record\u00f3 que esta medida el registro de l\u00edneas es una obligaci\u00f3n mandato dentro de la Ley en Materia de Telecomunicaciones y Radiodifusi\u00f3n, por lo que tambi\u00e9n se descart\u00f3 la idea de que se desconecte a la poblaci\u00f3n como mandato constitucional.<\/p>\n<p>Solano puntualiz\u00f3 que en caso de que los mexicanos no registren su l\u00ednea de telefon\u00eda m\u00f3vil tendr\u00e1n suspendido el servicio, s\u00f3lo podr\u00e1n realizar llamadas de n\u00fameros de emergencia como el 911 y recibir alertas de seguridad s\u00edsmica.<\/p>\n<p>Aclar\u00f3 que todos los usuarios de telefon\u00eda m\u00f3vil si desean realizar el registro de su l\u00ednea posterior al 30 de junio podr\u00e1n \u00abreactivar\u00bb su servicio, por lo que tambi\u00e9n se descart\u00f3 la posibilidad de perder el n\u00famero telef\u00f3nico una vez se cumpla el plazo.<\/p>\n<p>El registro de las l\u00edneas m\u00f3viles es una obligaci\u00f3n que entr\u00f3 en vigor el 9 de enero del presente a\u00f1o, que tiene la finalidad de erradicar activos delictivos y estafas que se realizan a trav\u00e9s de estos mecanismos de comunicaci\u00f3n.<\/p>\n<p>Por operadores, Telcel lleva un avance de 19 por ciento del universo usuarios que tienen, seguido de Telef\u00f3nica Movistar M\u00e9xico con un 16 por ciento, AT&amp;T M\u00e9xico con un 29 por ciento y Bait con un 28 por ciento, puntualiz\u00f3 Solano.<\/p>\n<p>&nbsp;<\/p>\n<p><strong>Desconfianza de entregar datos personales<\/strong><\/p>\n<p>&nbsp;<\/p>\n<p>El pa\u00eds poco m\u00e1s de 60 d\u00edas de que concluya el plazo para la vinculaci\u00f3n masiva de l\u00edneas m\u00f3viles y la presi\u00f3n crece sobre la industria y la autoridad regulatoria debido a la resistencia de las personas a entregar sus datos oficiales.<\/p>\n<p>La falta de confianza no solo ha retrasado el proceso de registro, sino que empuja a los mexicanos a buscar alternativas para comunicarse al margen del padr\u00f3n de telefon\u00eda. En un sondeo realizado o mecanismos como las e-SIM.<\/p>\n<p>\u201cNo pienso dar mis datos. Prefiero quedarme sin l\u00ednea, adem\u00e1s para qu\u00e9 quieren nuestra informaci\u00f3n si ya tienen bastante de nosotros. No lo entiendo. Seguir\u00e9 con Whats porque eso solo necesita internet y a ver qu\u00e9 pasa\u201d, asegur\u00f3 Ricardo Cervantes, un transe\u00fante de la plaza comercial Forum Buenavista.<\/p>\n<p>Otros usuarios reconocieron que no estaban enterados de la disposici\u00f3n oficial y mucho menos del plazo. \u201cNo estaba enterada de eso y no entiendo para qu\u00e9 lo piden (\u2026) no creo que d\u00e9 mis datos. Ya existen otras alternativas para comunicarse como Whats\u201d, dijo Carolina L\u00f3pez.<\/p>\n<p>La narrativa se replica en redes sociales, donde los usuarios exploran alternativas para mantenerse comunicados sin vincular su informaci\u00f3n personal a un n\u00famero telef\u00f3nico.<\/p>\n<p>Desde el 9 de enero entr\u00f3 en vigor el registro telef\u00f3nico nacional para asociar una identidad a una l\u00ednea m\u00f3vil y conservar el servicio de conectividad. De lo contrario, solo se tendr\u00e1 acceso a n\u00fameros de emergencia. Para realizar el tr\u00e1mite son necesarios documentos como la CURP, la INE o el pasaporte. El objetivo de la medida es combatir las extorsiones v\u00eda m\u00f3vil.<\/p>\n<p>Pero expertos aseguraron que la b\u00fasqueda de alternativas de comunicaci\u00f3n para evitar el registro m\u00f3vil se enmarca en la desconfianza hacia las autoridades sobre el tratamiento de la informaci\u00f3n personal y en el temor a la vigilancia.<\/p>\n<p>\u201cLas opciones que contemplan los ciudadanos son viables porque ya las ven como una opci\u00f3n, pero esto solo habla de lo mal que est\u00e1 la regulaci\u00f3n y claramente es algo que no se previ\u00f3\u201d, asegur\u00f3 Jorge Bravo, especialista en telecomunicaciones y presidente de la Asociaci\u00f3n Mexicana de Derecho a la Informaci\u00f3n (Amedi).<\/p>\n<p>V\u00edctor Ruiz, CEO de la empresa de ciberseguridad Silikn, reconoci\u00f3 que WhatsApp y las e-SIM de Estados Unidos y los servicios de voz sobre IP son las opciones que m\u00e1s exploran los usuarios, especialmente en foros de redes sociales. Esto se debe a que la aplicaci\u00f3n de mensajer\u00eda permite mantener conversaciones incluso sin contar con una l\u00ednea telef\u00f3nica activa, mientras que las e-SIM facilitan la conectividad mediante roaming.<\/p>\n<p>&nbsp;<\/p>\n<p>&nbsp;<\/p>\n<p><strong>\u00a0<\/strong><\/p>\n<p>&nbsp;<\/p>\n<p><strong>\u00a0<\/strong><\/p>\n<p>&nbsp;<\/p>\n","protected":false},"excerpt":{"rendered":"<p>&nbsp; El plazo vence el 30 de junio\u00a0 Se espera que en 64 d\u00edas se pueda alcanzar la meta de registrar m\u00e1s de 148.2 millones de chips; van 30.2 millones No habr\u00e1 una pr\u00f3rroga para registrar l\u00edneas de telefon\u00eda celular hasta el 30 de junio ante las compa\u00f1\u00edas de telecomunicaciones y de lo contrario tendr\u00e1n [&hellip;]<\/p>\n","protected":false},"author":14,"featured_media":717375,"comment_status":"open","ping_status":"open","sticky":false,"template":"","format":"standard","meta":{"_monsterinsights_skip_tracking":false,"_monsterinsights_sitenote_active":false,"_monsterinsights_sitenote_note":"","_monsterinsights_sitenote_category":0,"footnotes":""},"categories":[3],"tags":[],"class_list":["post-717374","post","type-post","status-publish","format-standard","has-post-thumbnail","hentry","category-nacional"],"_links":{"self":[{"href":"https:\/\/www.diarioimagen.net\/index.php?rest_route=\/wp\/v2\/posts\/717374","targetHints":{"allow":["GET"]}}],"collection":[{"href":"https:\/\/www.diarioimagen.net\/index.php?rest_route=\/wp\/v2\/posts"}],"about":[{"href":"https:\/\/www.diarioimagen.net\/index.php?rest_route=\/wp\/v2\/types\/post"}],"author":[{"embeddable":true,"href":"https:\/\/www.diarioimagen.net\/index.php?rest_route=\/wp\/v2\/users\/14"}],"replies":[{"embeddable":true,"href":"https:\/\/www.diarioimagen.net\/index.php?rest_route=%2Fwp%2Fv2%2Fcomments&post=717374"}],"version-history":[{"count":1,"href":"https:\/\/www.diarioimagen.net\/index.php?rest_route=\/wp\/v2\/posts\/717374\/revisions"}],"predecessor-version":[{"id":717376,"href":"https:\/\/www.diarioimagen.net\/index.php?rest_route=\/wp\/v2\/posts\/717374\/revisions\/717376"}],"wp:featuredmedia":[{"embeddable":true,"href":"https:\/\/www.diarioimagen.net\/index.php?rest_route=\/wp\/v2\/media\/717375"}],"wp:attachment":[{"href":"https:\/\/www.diarioimagen.net\/index.php?rest_route=%2Fwp%2Fv2%2Fmedia&parent=717374"}],"wp:term":[{"taxonomy":"category","embeddable":true,"href":"https:\/\/www.diarioimagen.net\/index.php?rest_route=%2Fwp%2Fv2%2Fcategories&post=717374"},{"taxonomy":"post_tag","embeddable":true,"href":"https:\/\/www.diarioimagen.net\/index.php?rest_route=%2Fwp%2Fv2%2Ftags&post=717374"}],"curies":[{"name":"wp","href":"https:\/\/api.w.org\/{rel}","templated":true}]}}