{"id":717377,"date":"2026-04-26T19:19:52","date_gmt":"2026-04-27T01:19:52","guid":{"rendered":"https:\/\/www.diarioimagen.net\/?p=717377"},"modified":"2026-04-26T19:19:52","modified_gmt":"2026-04-27T01:19:52","slug":"delfina-gomez-constata-avance-del-97-en-la-rehabilitacion-del-periferico-norte","status":"publish","type":"post","link":"https:\/\/www.diarioimagen.net\/?p=717377","title":{"rendered":"\u00a0  Delfina G\u00f3mez constata avance del 97%  en la rehabilitaci\u00f3n del Perif\u00e9rico Norte"},"content":{"rendered":"<p>&nbsp;<\/p>\n<ul>\n<li><strong>Reconstrucci\u00f3n de los 108 kil\u00f3metros<\/strong><\/li>\n<li><strong>El proyecto forma parte de la estrategia \u201c2026, A\u00f1o de las Obras en Edomex\u201d, y se prev\u00e9 que la renovaci\u00f3n concluya el 30 de abril<\/strong><\/li>\n<\/ul>\n<div id=\"attachment_717378\" style=\"width: 415px\" class=\"wp-caption alignnone\"><img loading=\"lazy\" decoding=\"async\" aria-describedby=\"caption-attachment-717378\" class=\"wp-image-717378 size-large\" src=\"https:\/\/www.diarioimagen.net\/wp-content\/uploads\/2026\/04\/EDOMEX-1-ok-13-405x270.jpg\" alt=\"\" width=\"405\" height=\"270\" srcset=\"https:\/\/www.diarioimagen.net\/wp-content\/uploads\/2026\/04\/EDOMEX-1-ok-13-405x270.jpg 405w, https:\/\/www.diarioimagen.net\/wp-content\/uploads\/2026\/04\/EDOMEX-1-ok-13-240x160.jpg 240w, https:\/\/www.diarioimagen.net\/wp-content\/uploads\/2026\/04\/EDOMEX-1-ok-13-768x511.jpg 768w, https:\/\/www.diarioimagen.net\/wp-content\/uploads\/2026\/04\/EDOMEX-1-ok-13.jpg 1500w\" sizes=\"auto, (max-width: 405px) 100vw, 405px\" \/><p id=\"caption-attachment-717378\" class=\"wp-caption-text\">Delfina G\u00f3mez \u00c1lvarez supervis\u00f3 la reconstrucci\u00f3n de los 108 kil\u00f3metros del Perif\u00e9rico Norte, la cual lleva un avance del 97 por ciento. Destac\u00f3 que esta obra es producto de la coordinaci\u00f3n con los gobiernos municipales para mejorar la calidad de vida de las y los mexiquenses.<\/p><\/div>\n<p>&nbsp;<\/p>\n<p>Naucalpan, Estado de M\u00e9xico.\u2013 La gobernadora Delfina G\u00f3mez \u00c1lvarez supervis\u00f3 la reconstrucci\u00f3n de los 108 kil\u00f3metros del Perif\u00e9rico Norte, la cual lleva un avance del 97 por ciento. Destac\u00f3 que esta obra es producto de la coordinaci\u00f3n con los gobiernos municipales para mejorar la calidad de vida de las y los mexiquenses.<\/p>\n<p>\u201dSi ustedes observan, es una obra que va a estar muy bien, va a apoyar a muchos transportistas, muchos automovilistas y eso me deja muy complacida\u201d, expres\u00f3 la Gobernadora Delfina G\u00f3mez \u00c1lvarez.<\/p>\n<p>Joel Gonz\u00e1lez Toral, Director de la Junta de Caminos del Estado de M\u00e9xico, inform\u00f3 que las labores de renovaci\u00f3n de la carpeta asf\u00e1ltica y balizamiento quedar\u00e1n concluidas el 30 de abril, lo que permitir\u00e1 disminuir hasta 30 minutos los traslados de los m\u00e1s de 200 mil automovilistas que transitan diariamente por esta v\u00eda.<\/p>\n<p>A m\u00e1s de tres meses de trabajos ininterrumpidos tambi\u00e9n se realizaron acciones para prevenir inundaciones, Beatriz Garc\u00eda Villegas, Vocal Ejecutiva de la Comisi\u00f3n del Agua del Estado de M\u00e9xico (CAEM), indic\u00f3 que retiraron mil 939 metros c\u00fabicos de azolve a lo largo de 87 kil\u00f3metros; as\u00ed como la limpieza de 657 pozos de visita, 473 rejillas y 837 coladeras, esto en coordinaci\u00f3n con los gobiernos municipales.<\/p>\n<p>La gobernadora Delfina G\u00f3mez \u00c1lvarez hizo un reconocimiento a todos los que han participado en este proyecto que forma parte de la estrategia \u201c2026, A\u00f1o de las Obras en Edomex\u201d para recuperar una de las vialidades m\u00e1s importantes del pa\u00eds y de la movilidad del Valle de M\u00e9xico.<\/p>\n<p>En la supervisi\u00f3n estuvieron Juan Hugo de la Rosa Garc\u00eda, Secretario de Movilidad, y alcaldes y alcaldesas de Naucalpan, Tlalnepantla, Cuautitl\u00e1n Izcalli, Tepotzotl\u00e1n, Atizap\u00e1n de Zaragoza y Tultitl\u00e1n.<\/p>\n<p>&nbsp;<\/p>\n<p><strong>\u00a0<\/strong><\/p>\n<p>&nbsp;<\/p>\n","protected":false},"excerpt":{"rendered":"<p>&nbsp; Reconstrucci\u00f3n de los 108 kil\u00f3metros El proyecto forma parte de la estrategia \u201c2026, A\u00f1o de las Obras en Edomex\u201d, y se prev\u00e9 que la renovaci\u00f3n concluya el 30 de abril &nbsp; Naucalpan, Estado de M\u00e9xico.\u2013 La gobernadora Delfina G\u00f3mez \u00c1lvarez supervis\u00f3 la reconstrucci\u00f3n de los 108 kil\u00f3metros del Perif\u00e9rico Norte, la cual lleva un [&hellip;]<\/p>\n","protected":false},"author":14,"featured_media":717378,"comment_status":"open","ping_status":"open","sticky":false,"template":"","format":"standard","meta":{"_monsterinsights_skip_tracking":false,"_monsterinsights_sitenote_active":false,"_monsterinsights_sitenote_note":"","_monsterinsights_sitenote_category":0,"footnotes":""},"categories":[16,5],"tags":[],"class_list":["post-717377","post","type-post","status-publish","format-standard","has-post-thumbnail","hentry","category-destacadas","category-estado-de-mexico"],"_links":{"self":[{"href":"https:\/\/www.diarioimagen.net\/index.php?rest_route=\/wp\/v2\/posts\/717377","targetHints":{"allow":["GET"]}}],"collection":[{"href":"https:\/\/www.diarioimagen.net\/index.php?rest_route=\/wp\/v2\/posts"}],"about":[{"href":"https:\/\/www.diarioimagen.net\/index.php?rest_route=\/wp\/v2\/types\/post"}],"author":[{"embeddable":true,"href":"https:\/\/www.diarioimagen.net\/index.php?rest_route=\/wp\/v2\/users\/14"}],"replies":[{"embeddable":true,"href":"https:\/\/www.diarioimagen.net\/index.php?rest_route=%2Fwp%2Fv2%2Fcomments&post=717377"}],"version-history":[{"count":1,"href":"https:\/\/www.diarioimagen.net\/index.php?rest_route=\/wp\/v2\/posts\/717377\/revisions"}],"predecessor-version":[{"id":717379,"href":"https:\/\/www.diarioimagen.net\/index.php?rest_route=\/wp\/v2\/posts\/717377\/revisions\/717379"}],"wp:featuredmedia":[{"embeddable":true,"href":"https:\/\/www.diarioimagen.net\/index.php?rest_route=\/wp\/v2\/media\/717378"}],"wp:attachment":[{"href":"https:\/\/www.diarioimagen.net\/index.php?rest_route=%2Fwp%2Fv2%2Fmedia&parent=717377"}],"wp:term":[{"taxonomy":"category","embeddable":true,"href":"https:\/\/www.diarioimagen.net\/index.php?rest_route=%2Fwp%2Fv2%2Fcategories&post=717377"},{"taxonomy":"post_tag","embeddable":true,"href":"https:\/\/www.diarioimagen.net\/index.php?rest_route=%2Fwp%2Fv2%2Ftags&post=717377"}],"curies":[{"name":"wp","href":"https:\/\/api.w.org\/{rel}","templated":true}]}}