{"id":717383,"date":"2026-04-26T19:25:35","date_gmt":"2026-04-27T01:25:35","guid":{"rendered":"https:\/\/www.diarioimagen.net\/?p=717383"},"modified":"2026-04-26T19:25:35","modified_gmt":"2026-04-27T01:25:35","slug":"esav-alan-apuesta-por-la-balada-con-7-albumes-en-2026","status":"publish","type":"post","link":"https:\/\/www.diarioimagen.net\/?p=717383","title":{"rendered":"Esav Alan apuesta por la balada con 7 \u00e1lbumes en 2026"},"content":{"rendered":"<ul>\n<li><strong>El cantante y compositor presenta un ambicioso proyecto <\/strong><\/li>\n<li><strong>Con homenajes a grandes int\u00e9rpretes y temas in\u00e9ditos: \u201cQuiero retomar el power balad en su esencia\u201d<\/strong><\/li>\n<\/ul>\n<div id=\"attachment_717388\" style=\"width: 283px\" class=\"wp-caption alignnone\"><img loading=\"lazy\" decoding=\"async\" aria-describedby=\"caption-attachment-717388\" class=\"wp-image-717388 size-large\" src=\"https:\/\/www.diarioimagen.net\/wp-content\/uploads\/2026\/04\/ESAV-OK-273x270.jpg\" alt=\"\" width=\"273\" height=\"270\" srcset=\"https:\/\/www.diarioimagen.net\/wp-content\/uploads\/2026\/04\/ESAV-OK-273x270.jpg 273w, https:\/\/www.diarioimagen.net\/wp-content\/uploads\/2026\/04\/ESAV-OK-240x237.jpg 240w, https:\/\/www.diarioimagen.net\/wp-content\/uploads\/2026\/04\/ESAV-OK-768x760.jpg 768w, https:\/\/www.diarioimagen.net\/wp-content\/uploads\/2026\/04\/ESAV-OK-50x50.jpg 50w, https:\/\/www.diarioimagen.net\/wp-content\/uploads\/2026\/04\/ESAV-OK-75x75.jpg 75w, https:\/\/www.diarioimagen.net\/wp-content\/uploads\/2026\/04\/ESAV-OK-70x70.jpg 70w, https:\/\/www.diarioimagen.net\/wp-content\/uploads\/2026\/04\/ESAV-OK.jpg 998w\" sizes=\"auto, (max-width: 273px) 100vw, 273px\" \/><p id=\"caption-attachment-717388\" class=\"wp-caption-text\">El cantante busca reconectar a las nuevas generaciones con la m\u00fasica rom\u00e1ntica y emocional a trav\u00e9s de sus interpretaciones.<\/p><\/div>\n<p><strong>Por Arturo Arellano <\/strong><\/p>\n<p>&nbsp;<\/p>\n<p>El cantante y compositor Esav Alan anunci\u00f3 uno de los proyectos musicales m\u00e1s ambiciosos del a\u00f1o: el lanzamiento de siete \u00e1lbumes de estudio a lo largo de 2026. El concepto integra una cuidada selecci\u00f3n de covers de grandes cl\u00e1sicos de la balada, as\u00ed como canciones in\u00e9ditas.<\/p>\n<p>&nbsp;<\/p>\n<p>\u201cEmpezamos con las producciones desde el a\u00f1o pasado, ya tengo 35 canciones terminadas\u201d, explic\u00f3 el artista en entrevista, quien adelant\u00f3 que uno de los discos ya se encuentra disponible en plataformas digitales. El pr\u00f3ximo lanzamiento llegar\u00e1 el 29 de abril con El \u00faltimo int\u00e9rprete Vol. 1 y 2.<\/p>\n<p>&nbsp;<\/p>\n<p>En mayo, el proyecto continuar\u00e1 con \u201cM\u00e9xico, un encanto\u201d, un homenaje a la m\u00fasica mexicana con temas rancheros y boleros de compositores como \u00c1lvaro Carrillo, Jos\u00e9 Alfredo Jim\u00e9nez y Javier Sol\u00eds.<\/p>\n<p>&nbsp;<\/p>\n<p><strong>Homenaje a los grandes<\/strong><\/p>\n<p><strong>\u00a0<\/strong><\/p>\n<p>Una parte fundamental del proyecto est\u00e1 dedicada a rendir tributo a figuras ic\u00f3nicas como Roc\u00edo D\u00farcal, Daniela Romo, Jos\u00e9 Jos\u00e9, Juan Gabriel, Camilo Sesto, Nelson Ned, Lupita D\u2019Alessio y Amanda Miguel \u201cUna buena parte es ese homenaje y otra son canciones in\u00e9ditas, adem\u00e1s de un disco en ingl\u00e9s con temas de C\u00e9line Dion, Paul Anka y Sinatra\u201d, detall\u00f3.<\/p>\n<p>&nbsp;<\/p>\n<p>El propio Esav Alan ha elegido cada tema por su carga emocional y exigencia interpretativa. \u201cSon temas que requieren y exigen al int\u00e9rprete calidad y t\u00e9cnica, porque los estoy haciendo en los tonos originales\u2026 no son habladitas, son desgarr\u00e1ndose\u201d.<\/p>\n<p>&nbsp;<\/p>\n<p>Tambi\u00e9n ha realizado adaptaciones respetuosas, pero con nuevos arreglos. \u201cPor ejemplo, de Roc\u00edo D\u00farcal grab\u00e9 \u2018Sola\u2019, yo la cambio a \u2018Solo\u2019, se hace la adecuaci\u00f3n de la letra, pero respeto todo lo dem\u00e1s\u201d.<\/p>\n<p>&nbsp;<\/p>\n<p><strong>Nuevos sonidos para cl\u00e1sicos<\/strong><\/p>\n<p><strong>\u00a0<\/strong><\/p>\n<p>El artista ha incorporado elementos contempor\u00e1neos a algunas canciones, sin perder su esencia. \u201cCada tema tiene mucho arreglo disco dance, porque a m\u00ed me gusta Bee Gees, Donna Summer\u201d, coment\u00f3.<\/p>\n<p>&nbsp;<\/p>\n<p>Como ejemplo, mencion\u00f3 el tema \u201cO todo o nada\u201d, de Rafael P\u00e9rez Botija: \u201cOriginalmente es una balada, pero yo la hice con ligeros toques electr\u00f3nicos\u201d.<\/p>\n<p>&nbsp;<\/p>\n<p>El proyecto surge en un momento que el propio cantante considera clave: el resurgimiento del inter\u00e9s por la m\u00fasica rom\u00e1ntica entre los j\u00f3venes \u201cLas nuevas audiencias est\u00e1n retomando el inter\u00e9s por las canciones de amor, los sentimientos y las letras con profundidad emocional\u201d, afirm\u00f3.<\/p>\n<p>&nbsp;<\/p>\n<p>Record\u00f3 incluso una experiencia personal que confirma esta tendencia: \u201cHace tiempo me llama la due\u00f1a de la secundaria donde yo estudi\u00e9 y me dice: \u2018pas\u00e9 por el sal\u00f3n de dibujo y estaban escuchando a Julio Iglesias y a Jos\u00e9 Jos\u00e9\u2019\u201d. Para \u00e9l, este cambio marca una diferencia frente a su propia generaci\u00f3n. \u201cYo batall\u00e9 mucho con mi generaci\u00f3n, que estaban entretenidos con otros g\u00e9neros\u2026 hab\u00eda una barrera con los sentimientos, pero ya se est\u00e1 derribando\u201d.<\/p>\n<p>&nbsp;<\/p>\n<p><strong>M\u00fasica in\u00e9dita con esencia espiritual<\/strong><\/p>\n<p><strong>\u00a0<\/strong><\/p>\n<p>Adem\u00e1s de los homenajes, Esav Alan trabaja en canciones originales con un enfoque emocional y espiritual \u201cTengo ya la mayor\u00eda de los temas originales terminados, con el coraz\u00f3n en la mano: \u2018Antes de perder la fe\u2019, \u2018Siglos de vida\u2019, \u2018Diab\u00f3lico m\u00e1gico\u2019\u201d.<\/p>\n<p>&nbsp;<\/p>\n<p>Sobre este \u00faltimo enfoque, explic\u00f3: \u201cMe gusta mucho esa onda m\u00e1gica, esot\u00e9rica, espiritual\u2026 pero sumado a lo rom\u00e1ntico. Por ejemplo, \u2018Siglos de vida\u2019 es de dos personas que se encuentran de nuevo despu\u00e9s de varias reencarnaciones\u201d.<\/p>\n<p>&nbsp;<\/p>\n<p>El calendario contempla el lanzamiento de El \u00faltimo int\u00e9rprete Vol. 3, seguido del \u00e1lbum en ingl\u00e9s y, finalmente, los temas originales.<\/p>\n<p>&nbsp;<\/p>\n<p>En cuanto a presentaciones en vivo, el cantante adelant\u00f3 que llegar\u00e1n despu\u00e9s de la segunda mitad del a\u00f1o. \u201cDebo terminar de grabar todos los discos\u2026 luego hacer los arreglos para los shows en vivo, es mucho trabajo, pero s\u00ed lo haremos\u201d.<\/p>\n<p>&nbsp;<\/p>\n<p>Finalmente, subray\u00f3 la importancia del contacto directo con el p\u00fablico: \u201cEs necesario compartir estas canciones presencialmente, sobre todo con los j\u00f3venes\u201d.<\/p>\n<p>&nbsp;<\/p>\n<blockquote><p><strong>\u00a0Adem\u00e1s de los homenajes, Esav Alan trabaja en canciones originales con un enfoque emocional y espiritual \u201cTengo ya la mayor\u00eda de los temas originales terminados, con el coraz\u00f3n en la mano: \u2018Antes de perder la fe\u2019, \u2018Siglos de vida\u2019, \u2018Diab\u00f3lico m\u00e1gico\u2019\u201d.<\/strong><\/p><\/blockquote>\n<p><strong>\u00a0<\/strong><\/p>\n<p><strong>\u00a0<\/strong><\/p>\n","protected":false},"excerpt":{"rendered":"<p>El cantante y compositor presenta un ambicioso proyecto Con homenajes a grandes int\u00e9rpretes y temas in\u00e9ditos: \u201cQuiero retomar el power balad en su esencia\u201d Por Arturo Arellano &nbsp; El cantante y compositor Esav Alan anunci\u00f3 uno de los proyectos musicales m\u00e1s ambiciosos del a\u00f1o: el lanzamiento de siete \u00e1lbumes de estudio a lo largo de [&hellip;]<\/p>\n","protected":false},"author":14,"featured_media":717388,"comment_status":"open","ping_status":"open","sticky":false,"template":"","format":"standard","meta":{"_monsterinsights_skip_tracking":false,"_monsterinsights_sitenote_active":false,"_monsterinsights_sitenote_note":"","_monsterinsights_sitenote_category":0,"footnotes":""},"categories":[16,12],"tags":[],"class_list":["post-717383","post","type-post","status-publish","format-standard","has-post-thumbnail","hentry","category-destacadas","category-espectaculos"],"_links":{"self":[{"href":"https:\/\/www.diarioimagen.net\/index.php?rest_route=\/wp\/v2\/posts\/717383","targetHints":{"allow":["GET"]}}],"collection":[{"href":"https:\/\/www.diarioimagen.net\/index.php?rest_route=\/wp\/v2\/posts"}],"about":[{"href":"https:\/\/www.diarioimagen.net\/index.php?rest_route=\/wp\/v2\/types\/post"}],"author":[{"embeddable":true,"href":"https:\/\/www.diarioimagen.net\/index.php?rest_route=\/wp\/v2\/users\/14"}],"replies":[{"embeddable":true,"href":"https:\/\/www.diarioimagen.net\/index.php?rest_route=%2Fwp%2Fv2%2Fcomments&post=717383"}],"version-history":[{"count":1,"href":"https:\/\/www.diarioimagen.net\/index.php?rest_route=\/wp\/v2\/posts\/717383\/revisions"}],"predecessor-version":[{"id":717395,"href":"https:\/\/www.diarioimagen.net\/index.php?rest_route=\/wp\/v2\/posts\/717383\/revisions\/717395"}],"wp:featuredmedia":[{"embeddable":true,"href":"https:\/\/www.diarioimagen.net\/index.php?rest_route=\/wp\/v2\/media\/717388"}],"wp:attachment":[{"href":"https:\/\/www.diarioimagen.net\/index.php?rest_route=%2Fwp%2Fv2%2Fmedia&parent=717383"}],"wp:term":[{"taxonomy":"category","embeddable":true,"href":"https:\/\/www.diarioimagen.net\/index.php?rest_route=%2Fwp%2Fv2%2Fcategories&post=717383"},{"taxonomy":"post_tag","embeddable":true,"href":"https:\/\/www.diarioimagen.net\/index.php?rest_route=%2Fwp%2Fv2%2Ftags&post=717383"}],"curies":[{"name":"wp","href":"https:\/\/api.w.org\/{rel}","templated":true}]}}