{"id":717398,"date":"2026-04-26T19:27:38","date_gmt":"2026-04-27T01:27:38","guid":{"rendered":"https:\/\/www.diarioimagen.net\/?p=717398"},"modified":"2026-04-26T19:27:38","modified_gmt":"2026-04-27T01:27:38","slug":"claudia-sheinbaum-pardo-pide-a-argentina-deportar-al-contralmirante-fernando-farias","status":"publish","type":"post","link":"https:\/\/www.diarioimagen.net\/?p=717398","title":{"rendered":"\u00a0  Claudia Sheinbaum Pardo  pide a Argentina deportar al  Contralmirante Fernando Far\u00edas"},"content":{"rendered":"<p><strong>\u00a0<\/strong><\/p>\n<ul>\n<li><strong>Combate al huachicol<\/strong><\/li>\n<li><strong>Su b\u00fasqueda deriva del decomiso de un buque con huachicol en Tampico en 2025, se\u00f1ala<\/strong><\/li>\n<\/ul>\n<p>&nbsp;<\/p>\n<div id=\"attachment_717402\" style=\"width: 410px\" class=\"wp-caption alignnone\"><img loading=\"lazy\" decoding=\"async\" aria-describedby=\"caption-attachment-717402\" class=\"wp-image-717402 size-large\" src=\"https:\/\/www.diarioimagen.net\/wp-content\/uploads\/2026\/04\/MANANERA-ok-5-400x270.jpg\" alt=\"\" width=\"400\" height=\"270\" srcset=\"https:\/\/www.diarioimagen.net\/wp-content\/uploads\/2026\/04\/MANANERA-ok-5-400x270.jpg 400w, https:\/\/www.diarioimagen.net\/wp-content\/uploads\/2026\/04\/MANANERA-ok-5-240x162.jpg 240w, https:\/\/www.diarioimagen.net\/wp-content\/uploads\/2026\/04\/MANANERA-ok-5-768x518.jpg 768w, https:\/\/www.diarioimagen.net\/wp-content\/uploads\/2026\/04\/MANANERA-ok-5.jpg 1500w\" sizes=\"auto, (max-width: 400px) 100vw, 400px\" \/><p id=\"caption-attachment-717402\" class=\"wp-caption-text\">Claudia Sheinbaum Pardo afirm\u00f3 que buscar\u00e1n que sea deportado el contraalmirante Fernando Far\u00eda, sobrino del ex secretario de Marina, Rafael Ojeda, quien entr\u00f3 a Argentina con un pasaporte falso.<\/p><\/div>\n<p>&nbsp;<\/p>\n<p>La presidenta Claudia Sheinbaum Pardo\u00a0 afirm\u00f3 que buscar\u00e1n que sea deportado el contraalmirante Fernando Far\u00eda, sobrino del ex secretario de Marina, Rafael Ojeda, quien entr\u00f3 a Argentina con un pasaporte falso,<\/p>\n<p>La persona que se detuvo el d\u00eda de ayer, se fug\u00f3 del pa\u00eds y el jueves, a trav\u00e9s de Interpol, que son estas fichas rojas que se emiten en todo el mundo, fue detenido, y est\u00e1 en este momento en Argentina, y se est\u00e1n haciendo todas las gestiones necesarias con el gobierno de Argentina, de la Fiscal\u00eda General de la Rep\u00fablica, y Relaciones Exteriores, para ver si puede haber una deportaci\u00f3n.<\/p>\n<p>\u201d\u00c9l entra con un pasaporte falso a Argentina, entonces se est\u00e1 solicitando la deportaci\u00f3n, y en caso de que no fuera as\u00ed, pues ya se establecer\u00eda las condiciones de extradici\u00f3n, pero estamos esperando que haya de deportaci\u00f3n dado que entr\u00f3 de manera ilegal\u201d, se\u00f1al\u00f3.<\/p>\n<p>La Presidenta refiri\u00f3 que las detenciones realizadas por autoridades mexicanas y la detenci\u00f3n de Fernando Far\u00edas derivan del decomiso de un buque en Tampico en 2025, pues se descubri\u00f3 que exist\u00eda una red de huachicol detr\u00e1s.<\/p>\n<p>\u201cEsta carpeta de investigaci\u00f3n ha dado una red que exist\u00eda, que ya no existe, una red que exist\u00eda de entrada de combustible ilegal a nuestro Pa\u00eds, que se dio particularmente en los primeros meses del 2025, cuando se hace este investigaci\u00f3n a partir del buque que llega a Tampico\u00bb, apunt\u00f3.<\/p>\n<p>Sheinbaum Pardo explic\u00f3 que tras el decomiso se encontr\u00f3 que el buque transportaba diesel de manera ilegal con un permiso temporal con el que no pagaba impuesto, y que a partir de ah\u00ed, se cancelaron esos permisos, se aument\u00f3 la vigilancia en la entrada y distribuci\u00f3n del producto, y la Secretar\u00eda de Energ\u00eda realiza una trazabilidad del combustible en las aduanas, y las investigaciones de la Fiscal\u00eda General de la Rep\u00fablica.<\/p>\n<p>El Contralmirante Fernando Far\u00edas, se\u00f1alado como presunto l\u00edder de una red de huachicol, fue detenido ayer en Argentina, luego de que su hermano, el Vicealmirante Manuel Roberto Far\u00edas Laguna, fue capturado desde septiembre del a\u00f1o pasado.<\/p>\n<p>&nbsp;<\/p>\n<p>&nbsp;<\/p>\n<p><strong>Sheinbaum: a Campos se le se\u00f1al\u00f3 incumplir ley; \u00absoberan\u00eda no se negocia\u00bb<\/strong><\/p>\n<p>&nbsp;<\/p>\n<p>En otro tema, Sheinbaum Pardo inform\u00f3 que el titular de la Secretar\u00eda de Seguridad y Protecci\u00f3n Ciudadana (SSPC), Omar Garc\u00eda Harfuch, solicit\u00f3 informaci\u00f3n a la gobernadora de Chihuahua, Mar\u00eda Eugenia Campos, sobre el operativo de seguridad en esa entidad en el que presuntamente participaron agentes de la Central Intelligence Agency (CIA), y le reiter\u00f3 los principios legales que deben observarse en la colaboraci\u00f3n con gobiernos extranjeros.<\/p>\n<p>En su ma\u00f1anera, la mandataria se\u00f1al\u00f3 que el encuentro que sostuvieron ayer el secretario y la gobernadora fue cordial, pero subray\u00f3 que en este caso no se siguieron los procedimientos establecidos para la cooperaci\u00f3n internacional en materia de seguridad.<\/p>\n<p>\u201cSe le pidi\u00f3 informaci\u00f3n a la gobernadora y qued\u00f3 de dar la informaci\u00f3n y de parte del secretario de Seguridad, pues se le dijo todos los principios que hay que seguir, todas las leyes que hay que seguir para poder colaborar con alg\u00fan gobierno extranjero. Y que en este caso, pues no se sigui\u00f3 este procedimiento\u201d, afirm\u00f3.<\/p>\n<p>Indic\u00f3 que, tras ese intercambio, corresponde ahora a la titular del Ejecutivo estatal proporcionar los datos solicitados por el gobierno federal.<\/p>\n<p>Consultada sobre si tendr\u00eda comunicaci\u00f3n directa con la gobernadora, Sheinbaum respondi\u00f3 que el contacto institucional ya se realiz\u00f3 por conducto del secretario de Seguridad. \u201cYa a trav\u00e9s del secretario ya se estableci\u00f3 la relaci\u00f3n\u201d, sostuvo.<\/p>\n<p>La reuni\u00f3n entre Garc\u00eda Harfuch y Campos se realiz\u00f3 en privado y tuvo una duraci\u00f3n menor a una hora. El encuentro ocurri\u00f3 en medio de la controversia generada por el presunto involucramiento de agentes estadounidenses en tareas operativas en Chihuahua.<\/p>\n<p>Asimismo, la presidenta inform\u00f3 que este viernes su gobierno env\u00eda una comunicaci\u00f3n a los gobiernos estatales para recordar los procedimientos legales que deben observarse en materia de cooperaci\u00f3n internacional en seguridad. Explic\u00f3 que el documento se\u00f1ala que, en caso de colaborar con agencias de Estados Unidos u otros pa\u00edses, es indispensable apegarse a lo establecido en la Constituci\u00f3n y en la Ley de Seguridad Nacional, y canalizar cualquier coordinaci\u00f3n a trav\u00e9s de la Secretar\u00eda de Relaciones Exteriores o del gabinete federal de Seguridad para contar con mayor informaci\u00f3n y seguimiento institucional.<\/p>\n<p>Sheinbaum subray\u00f3 que el gobierno federal mantiene coordinaci\u00f3n con autoridades de Chihuahua en materia de seguridad y rechaz\u00f3 se\u00f1alamientos de legisladores de oposici\u00f3n en el sentido de que el cuestionamiento al operativo respondiera a una falta de reconocimiento a los resultados estatales. Indic\u00f3 que existe trabajo conjunto y record\u00f3 que la federaci\u00f3n ha desmantelado m\u00e1s de 2 mil 500 laboratorios clandestinos desde el inicio de su administraci\u00f3n.<\/p>\n<p>Sin embargo, enfatiz\u00f3 que el punto central de la controversia es la eventual participaci\u00f3n de agentes extranjeros en operativos en territorio estatal sin los permisos correspondientes. \u201cHay algo que no se negocia, se llama soberan\u00eda y principios. La soberan\u00eda no se negocia, se colabora, se coordina, pero en el marco de nuestras leyes, de nuestra Constituci\u00f3n y de la defensa de nuestra soberan\u00eda\u201d, sostuvo.<\/p>\n<p>A\u00f1adi\u00f3 que s\u00ed existe coordinaci\u00f3n con agencias de Estados Unidos en materia de seguridad, incluso con presencia de personal autorizado por la Secretar\u00eda de Relaciones Exteriores, pero subray\u00f3 que \u00e9sta se desarrolla sin subordinaci\u00f3n ni injerencismo.<\/p>\n<p>Record\u00f3 adem\u00e1s que la defensa de la soberan\u00eda nacional ha implicado altos costos hist\u00f3ricos para el pa\u00eds, como la p\u00e9rdida de territorio, y reiter\u00f3 que todos los \u00f3rdenes de gobierno deben apegarse a la Constituci\u00f3n y a la Ley de Seguridad Nacional en este tipo de cooperaci\u00f3n.<\/p>\n<p>&nbsp;<\/p>\n<p>&nbsp;<\/p>\n<p>&nbsp;<\/p>\n<p><strong>Destaca Sheinbaum reducci\u00f3n de percepci\u00f3n de inseguridad en M\u00e9xico<\/strong><\/p>\n<p><strong>\u00a0<\/strong><\/p>\n<p><strong>\u00a0<\/strong><\/p>\n<p>La presidenta Claudia Sheinbaum Pardo destac\u00f3 una reducci\u00f3n en la percepci\u00f3n de inseguridad en el pa\u00eds, de acuerdo con los resultados m\u00e1s recientes de la Encuesta Nacional de Seguridad P\u00fablica Urbana elaborada por el Instituto Nacional de Estad\u00edstica y Geograf\u00eda (Inegi), los cuales, afirm\u00f3, reflejan avances de la Estrategia Nacional de Seguridad.<\/p>\n<p>La mandataria present\u00f3 una gr\u00e1fica con los datos de la encuesta, seg\u00fan los cuales la percepci\u00f3n de inseguridad pas\u00f3 de 63.8 por ciento en diciembre de 2025 a 61.5 por ciento en 2026, lo que representa una disminuci\u00f3n de 2.3 puntos porcentuales.<\/p>\n<p>\u201cLa percepci\u00f3n de seguridad tiene que ver con distintos temas, principalmente con los delitos que se cometen en el lugar en que se vive. Esta encuesta se hace en las principales ciudades del pa\u00eds, las ciudades de m\u00e1s habitantes en M\u00e9xico\u201d, explic\u00f3.<\/p>\n<p>Precis\u00f3 que la medici\u00f3n del Inegi se concentra en zonas urbanas y se\u00f1al\u00f3 que, en el caso de la Ciudad de M\u00e9xico, la evaluaci\u00f3n se realiza incluso por alcald\u00eda, a diferencia de otras entidades donde se consideran \u00fanicamente las principales ciudades.<\/p>\n<p>La Presidenta subray\u00f3 que la percepci\u00f3n de inseguridad no depende exclusivamente de la incidencia delictiva, sino tambi\u00e9n de factores vinculados al entorno urbano. \u201cTiene que ver tambi\u00e9n con otras cosas como la condici\u00f3n de un municipio. Por ejemplo, si las luminarias no funcionan en una ciudad, si se ve oscura en la noche porque no est\u00e1n funcionando las luminarias, pues tambi\u00e9n influye en la percepci\u00f3n de inseguridad\u201d, indic\u00f3.<\/p>\n<p>Sheinbaum sostuvo que la reducci\u00f3n registrada en la encuesta representa un avance, aunque reconoci\u00f3 que se trata de una variaci\u00f3n moderada. A\u00f1adi\u00f3 que su gobierno continuar\u00e1 trabajando en coordinaci\u00f3n con autoridades estatales y municipales para disminuir los delitos y mejorar la percepci\u00f3n de seguridad entre la poblaci\u00f3n.<\/p>\n<p>&nbsp;<\/p>\n<p>&nbsp;<\/p>\n","protected":false},"excerpt":{"rendered":"<p>\u00a0 Combate al huachicol Su b\u00fasqueda deriva del decomiso de un buque con huachicol en Tampico en 2025, se\u00f1ala &nbsp; &nbsp; La presidenta Claudia Sheinbaum Pardo\u00a0 afirm\u00f3 que buscar\u00e1n que sea deportado el contraalmirante Fernando Far\u00eda, sobrino del ex secretario de Marina, Rafael Ojeda, quien entr\u00f3 a Argentina con un pasaporte falso, La persona que [&hellip;]<\/p>\n","protected":false},"author":14,"featured_media":717402,"comment_status":"open","ping_status":"open","sticky":false,"template":"","format":"standard","meta":{"_monsterinsights_skip_tracking":false,"_monsterinsights_sitenote_active":false,"_monsterinsights_sitenote_note":"","_monsterinsights_sitenote_category":0,"footnotes":""},"categories":[3],"tags":[],"class_list":["post-717398","post","type-post","status-publish","format-standard","has-post-thumbnail","hentry","category-nacional"],"_links":{"self":[{"href":"https:\/\/www.diarioimagen.net\/index.php?rest_route=\/wp\/v2\/posts\/717398","targetHints":{"allow":["GET"]}}],"collection":[{"href":"https:\/\/www.diarioimagen.net\/index.php?rest_route=\/wp\/v2\/posts"}],"about":[{"href":"https:\/\/www.diarioimagen.net\/index.php?rest_route=\/wp\/v2\/types\/post"}],"author":[{"embeddable":true,"href":"https:\/\/www.diarioimagen.net\/index.php?rest_route=\/wp\/v2\/users\/14"}],"replies":[{"embeddable":true,"href":"https:\/\/www.diarioimagen.net\/index.php?rest_route=%2Fwp%2Fv2%2Fcomments&post=717398"}],"version-history":[{"count":1,"href":"https:\/\/www.diarioimagen.net\/index.php?rest_route=\/wp\/v2\/posts\/717398\/revisions"}],"predecessor-version":[{"id":717406,"href":"https:\/\/www.diarioimagen.net\/index.php?rest_route=\/wp\/v2\/posts\/717398\/revisions\/717406"}],"wp:featuredmedia":[{"embeddable":true,"href":"https:\/\/www.diarioimagen.net\/index.php?rest_route=\/wp\/v2\/media\/717402"}],"wp:attachment":[{"href":"https:\/\/www.diarioimagen.net\/index.php?rest_route=%2Fwp%2Fv2%2Fmedia&parent=717398"}],"wp:term":[{"taxonomy":"category","embeddable":true,"href":"https:\/\/www.diarioimagen.net\/index.php?rest_route=%2Fwp%2Fv2%2Fcategories&post=717398"},{"taxonomy":"post_tag","embeddable":true,"href":"https:\/\/www.diarioimagen.net\/index.php?rest_route=%2Fwp%2Fv2%2Ftags&post=717398"}],"curies":[{"name":"wp","href":"https:\/\/api.w.org\/{rel}","templated":true}]}}