{"id":717464,"date":"2026-04-26T19:35:26","date_gmt":"2026-04-27T01:35:26","guid":{"rendered":"https:\/\/www.diarioimagen.net\/?p=717464"},"modified":"2026-04-26T19:35:26","modified_gmt":"2026-04-27T01:35:26","slug":"ni-con-ellas-ni-sin-ellas-amigos-copas-y-un-monton-de-secretos-por-descubrir","status":"publish","type":"post","link":"https:\/\/www.diarioimagen.net\/?p=717464","title":{"rendered":"\u201cNi con ellas ni sin ellas\u201d Amigos, copas\u2026 y un mont\u00f3n de secretos por descubrir"},"content":{"rendered":"<p>&nbsp;<\/p>\n<ul>\n<li><strong>Puesta en escena a la que se suma el reconocido actor y modelo cubano, Pedro Moreno<\/strong><\/li>\n<\/ul>\n<div id=\"attachment_717465\" style=\"width: 213px\" class=\"wp-caption alignnone\"><img loading=\"lazy\" decoding=\"async\" aria-describedby=\"caption-attachment-717465\" class=\"wp-image-717465 size-large\" src=\"https:\/\/www.diarioimagen.net\/wp-content\/uploads\/2026\/04\/NI-CON-ELLAS-NOTA-203x270.jpeg\" alt=\"\" width=\"203\" height=\"270\" srcset=\"https:\/\/www.diarioimagen.net\/wp-content\/uploads\/2026\/04\/NI-CON-ELLAS-NOTA-203x270.jpeg 203w, https:\/\/www.diarioimagen.net\/wp-content\/uploads\/2026\/04\/NI-CON-ELLAS-NOTA-180x240.jpeg 180w, https:\/\/www.diarioimagen.net\/wp-content\/uploads\/2026\/04\/NI-CON-ELLAS-NOTA-768x1024.jpeg 768w, https:\/\/www.diarioimagen.net\/wp-content\/uploads\/2026\/04\/NI-CON-ELLAS-NOTA-1152x1536.jpeg 1152w, https:\/\/www.diarioimagen.net\/wp-content\/uploads\/2026\/04\/NI-CON-ELLAS-NOTA-1536x2048.jpeg 1536w, https:\/\/www.diarioimagen.net\/wp-content\/uploads\/2026\/04\/NI-CON-ELLAS-NOTA.jpeg 1575w\" sizes=\"auto, (max-width: 203px) 100vw, 203px\" \/><p id=\"caption-attachment-717465\" class=\"wp-caption-text\">\u201cNi con ellas ni sin ellas\u201d<br \/>Amigos, copas\u2026 y un mont\u00f3n de secretos por descubrir<\/p><\/div>\n<p>Por: Asael Grande<br \/>\nDirigida por Rafael Perr\u00edn, escrita por Daniel D\u00e1tola, y con un elenco conformado por Cristi\u00e1n de la Fuente, Julio Camejo, Arturo Carmona, Salvador Zerboni, Silverio Rocchi, Yulianna Peniche. \u201cNi con ellas, ni sin ellas\u201d, se presenta en el Teatro Broadway, Centro Teatral Manolo F\u00e1bregas; puesta en escena a la que se suma el reconocido actor y modelo cubano, Pedro Moreno: \u201cNi con ellas ni sin ellas, surgi\u00f3 despu\u00e9s de Alta traici\u00f3n, un proyecto que hicimos en esta sala de teatro, la sala Brodway, era una obra de terror social, y terminamos temporada a principios de a\u00f1o, y arrancamos luego con Ni con ellas ni sin ellas, las dos son obras que han estado puestas en a\u00f1os anteriores ac\u00e1, de hecho esta obra la hizo Cristi\u00e1n de la Fuente que todav\u00eda est\u00e1 en el elenco, con David Zepeda, Juan Soler, se fueron de gira y les fue muy bien, entonces, ahora hicimos un remake de la obra con actores nuevos, yo me inclu\u00ed en este combo, gracias a Omar Su\u00e1rez, que me dio la oportunidad para estar en este proyecto; es una comedia muy ligera, son cuatro tipos que se sientan en un bar a hablar de sus problemas, de las mujeres, de sus matrimonios, y de las man\u00edas que tienen ellas en casa, y cuando salen, la interpretaci\u00f3n que tiene cada uno les da a sus mujeres, y las parejas vienen y se divierten mucho porque se ven identificadas, entonces, nosotros tambi\u00e9n hemos estado en una relaci\u00f3n de a\u00f1os, y nos identificamos con la convivencia, la obra es noble, es unan obra ligera, vamos a estar en Puebla en mayo, mientras aqu\u00ed estamos s\u00e1bados y domingos\u201d, dijo el actor, en entrevista exclusiva con esta casa editorial.<br \/>\nCon proyectos recientes, como Tu vida es mi vida, su participaci\u00f3n en la telenovela A.mar, y en programas como Mira qui\u00e9n baila y MasterChef Celebrity, Pedro Moreno nos coment\u00f3 que, \u201cen 2025 hice A.mar, fue la \u00faltima novela que hicimos, y no hemos trabajado m\u00e1s en televisi\u00f3n, desde entonces, estamos estado haciendo \u00fanicamente teatro; en los realitys shows, siempre sacan la esencia de cada quien, aprendes mucho, aprend\u00ed lo mal que yo cocinaba, yo cre\u00eda que yo cocinaba regularmente bien, y cuando llegas ah\u00ed y te das cuenta que no, aprend\u00ed mucho, igual ha pasado con los realitys deportivos, de baile, alguien ve algo por televisi\u00f3n y se le hace f\u00e1cil de hacer, los he disfrutado mucho\u201d.<br \/>\nFuera de los escenarios, Pedro Moreno ha explorado el mundo de los negocios, durante la pandemia fund\u00f3 una empresa de construcci\u00f3n en Florida, donde trabaja como contratista desarrollando proyectos residenciales: \u201chemos audicionado para televisi\u00f3n, para cine, tambi\u00e9n tengo mi negocio en los Estados Unidos, tengo una compa\u00f1\u00eda de construcci\u00f3n, eso es lo que hago en mis tiempos libres, mi licencia abarca toda la Florida\u201d.<br \/>\nEn \u201cNi con ellas, ni sin ellas\u201d, un bar est\u00e1 cerrado al p\u00fablico, cuatro amigos se re\u00fanen para celebrar que uno de ellos, finalmente, ha decidido separarse de su pareja. Lo que parec\u00eda una noche de copas entre camaradas se convierte en un torbellino de secretos, confesiones y enredos que ponen a prueba la amistad y exponen, con humor y picard\u00eda, las complicadas relaciones con el sexo opuesto: \u201crecomendamos la obra para mayores de edad, trata sobre las relaciones de pareja, es una invitaci\u00f3n a toda la gente para re\u00f1ir, de c\u00f3mo nosotros pensamos sobre las mujeres, la obra est\u00e1 bien delineada, se van a divertir, eso se los aseguro\u201d.<br \/>\nCon un elenco de primer nivel encabezado por Cristi\u00e1n de la Fuente, Salvador Zerboni, Julio Camejo, Pedro Moreno, Silverio Rocchi y Yulianna Peniche, esta puesta en escena escrita por Daniel D\u00e1tola, dirigida por Rafael Perr\u00edn y producida por Omar Su\u00e1rez, ofrece una mirada fresca, divertida e irreverente sobre la eterna batalla de los g\u00e9neros. Una obra que promete que a las mujeres les encantar\u00e1 lo que se ve\u2026 y a los hombres lo que se dice.<br \/>\nHorario de Ni con ellas, ni sin ellas: viernes 20:50 horas, s\u00e1bado 20:00 horas y domingo 17:00 horas. Teatro Broadway, Centro Teatral Manolo F\u00e1bregas<\/p>\n","protected":false},"excerpt":{"rendered":"<p>&nbsp; Puesta en escena a la que se suma el reconocido actor y modelo cubano, Pedro Moreno Por: Asael Grande Dirigida por Rafael Perr\u00edn, escrita por Daniel D\u00e1tola, y con un elenco conformado por Cristi\u00e1n de la Fuente, Julio Camejo, Arturo Carmona, Salvador Zerboni, Silverio Rocchi, Yulianna Peniche. \u201cNi con ellas, ni sin ellas\u201d, se [&hellip;]<\/p>\n","protected":false},"author":14,"featured_media":717465,"comment_status":"open","ping_status":"open","sticky":false,"template":"","format":"standard","meta":{"_monsterinsights_skip_tracking":false,"_monsterinsights_sitenote_active":false,"_monsterinsights_sitenote_note":"","_monsterinsights_sitenote_category":0,"footnotes":""},"categories":[12],"tags":[],"class_list":["post-717464","post","type-post","status-publish","format-standard","has-post-thumbnail","hentry","category-espectaculos"],"_links":{"self":[{"href":"https:\/\/www.diarioimagen.net\/index.php?rest_route=\/wp\/v2\/posts\/717464","targetHints":{"allow":["GET"]}}],"collection":[{"href":"https:\/\/www.diarioimagen.net\/index.php?rest_route=\/wp\/v2\/posts"}],"about":[{"href":"https:\/\/www.diarioimagen.net\/index.php?rest_route=\/wp\/v2\/types\/post"}],"author":[{"embeddable":true,"href":"https:\/\/www.diarioimagen.net\/index.php?rest_route=\/wp\/v2\/users\/14"}],"replies":[{"embeddable":true,"href":"https:\/\/www.diarioimagen.net\/index.php?rest_route=%2Fwp%2Fv2%2Fcomments&post=717464"}],"version-history":[{"count":1,"href":"https:\/\/www.diarioimagen.net\/index.php?rest_route=\/wp\/v2\/posts\/717464\/revisions"}],"predecessor-version":[{"id":717466,"href":"https:\/\/www.diarioimagen.net\/index.php?rest_route=\/wp\/v2\/posts\/717464\/revisions\/717466"}],"wp:featuredmedia":[{"embeddable":true,"href":"https:\/\/www.diarioimagen.net\/index.php?rest_route=\/wp\/v2\/media\/717465"}],"wp:attachment":[{"href":"https:\/\/www.diarioimagen.net\/index.php?rest_route=%2Fwp%2Fv2%2Fmedia&parent=717464"}],"wp:term":[{"taxonomy":"category","embeddable":true,"href":"https:\/\/www.diarioimagen.net\/index.php?rest_route=%2Fwp%2Fv2%2Fcategories&post=717464"},{"taxonomy":"post_tag","embeddable":true,"href":"https:\/\/www.diarioimagen.net\/index.php?rest_route=%2Fwp%2Fv2%2Ftags&post=717464"}],"curies":[{"name":"wp","href":"https:\/\/api.w.org\/{rel}","templated":true}]}}