{"id":717470,"date":"2026-04-26T19:43:07","date_gmt":"2026-04-27T01:43:07","guid":{"rendered":"https:\/\/www.diarioimagen.net\/?p=717470"},"modified":"2026-04-26T19:43:07","modified_gmt":"2026-04-27T01:43:07","slug":"ficcion-vs-realidad-el-personaje-que-somos-y-la-esencia-que-olvidamos","status":"publish","type":"post","link":"https:\/\/www.diarioimagen.net\/?p=717470","title":{"rendered":"Ficci\u00f3n vs. realidad: el personaje que somos y la esencia que olvidamos"},"content":{"rendered":"<p><strong>REGINA<\/strong><\/p>\n<p><strong>\u00a0<\/strong><\/p>\n<p>&nbsp;<\/p>\n<p>&nbsp;<\/p>\n<p>En la vida cotidiana, muchas personas viven sin cuestionar una idea fundamental: \u00bflo que mostramos al mundo es realmente qui\u00e9nes somos? Entre responsabilidades, expectativas sociales y la constante presi\u00f3n por \u201cser mejores\u201d, se va formando una versi\u00f3n de nosotros mismos que, aunque funcional, no siempre es aut\u00e9ntica.<\/p>\n<p>Podr\u00edamos decir que existen dos mundos que coexisten dentro de cada persona.<\/p>\n<p>El primero es el mundo de la ficci\u00f3n. No se trata de fantas\u00eda en el sentido cl\u00e1sico, sino de una construcci\u00f3n mental profundamente arraigada. Este mundo nace del ego: ese mecanismo que, lejos de ser un enemigo, surge como defensa ante heridas emocionales, cr\u00edticas, estigmas y experiencias pasadas. Desde peque\u00f1os, absorbemos ideas sobre lo que \u201cdeber\u00edamos ser\u201d, lo que \u201cest\u00e1 bien\u201d y lo que \u201cvale la pena\u201d. Con el tiempo, estas ideas se convierten en una especie de guion interno.<\/p>\n<p>As\u00ed, casi sin darnos cuenta, creamos un personaje. Un personaje que busca aprobaci\u00f3n, estabilidad, reconocimiento. Uno que compite, que se exige, que intenta encajar. Este personaje puede alcanzar logros, construir una vida estructurada e incluso parecer exitoso ante los dem\u00e1s. Sin embargo, en ese esfuerzo constante, algo comienza a fragmentarse: la conexi\u00f3n con la verdadera esencia.<\/p>\n<p>Por otro lado, existe un segundo mundo. Uno menos visible, pero m\u00e1s profundo: el mundo de la esencia. Este no est\u00e1 condicionado por expectativas externas ni por el miedo. Es la dimensi\u00f3n donde habita lo genuino: la identidad real, los talentos naturales, la intuici\u00f3n, la sensibilidad y, sobre todo, la capacidad de amar.<\/p>\n<p>Podr\u00edamos llamarlo energ\u00eda vital, conciencia o simplemente \u201cser\u201d. Es aquello que no necesita demostrar nada porque ya es suficiente. Sin embargo, esta esencia suele quedar opacada por el ruido del personaje que hemos construido.<\/p>\n<p>Aqu\u00ed surge una pregunta clave:<br \/>\n\u00bfc\u00f3mo podemos amar de forma aut\u00e9ntica si no nos conocemos verdaderamente?<br \/>\n\u00bfc\u00f3mo dar desde un lugar genuino si estamos operando desde una versi\u00f3n aprendida de nosotros mismos?<\/p>\n<p>La desconexi\u00f3n interna no solo afecta la relaci\u00f3n con uno mismo, sino tambi\u00e9n con los dem\u00e1s. Muchas veces se confunde el amor con necesidad, apego o validaci\u00f3n, cuando en realidad el amor genuino nace del reconocimiento interno.<\/p>\n<p>Este planteamiento no busca culpar al ego ni rechazar lo que hemos construido. M\u00e1s bien, propone observarlo. Entender de d\u00f3nde viene, por qu\u00e9 existe y qu\u00e9 papel ha jugado en nuestra vida. A partir de esa conciencia, se abre la posibilidad de elegir: seguir operando desde el personaje o comenzar un proceso de reconexi\u00f3n con la esencia.<\/p>\n<p>Reconectar no implica abandonar la vida actual, sino habitarla de forma m\u00e1s consciente. Es cuestionar creencias, escuchar el interior, reconocer emociones y permitir que la autenticidad tenga espacio. Es un proceso gradual, a veces inc\u00f3modo, pero profundamente transformador.<\/p>\n<p>Esta es una invitaci\u00f3n abierta. No solo para quienes est\u00e1n en b\u00fasqueda, sino para quienes est\u00e1n dispuestos a detenerse un momento y mirar hacia adentro. A cuestionar lo que parece autom\u00e1tico y a descubrir lo que ha estado ah\u00ed desde siempre.<\/p>\n<p>Porque, al final, no se trata de convertirnos en alguien m\u00e1s.<br \/>\nSe trata de recordar qui\u00e9nes somos en realidad.<\/p>\n<p>&nbsp;<\/p>\n<p>C O M U N I C A T E<\/p>\n<p>IG @almasagrada.corp<\/p>\n<p><a href=\"mailto:almasagrada.corp@gmail.com\">almasagrada.corp@gmail.com<\/a><\/p>\n<p>&nbsp;<\/p>\n","protected":false},"excerpt":{"rendered":"<p>REGINA \u00a0 &nbsp; &nbsp; En la vida cotidiana, muchas personas viven sin cuestionar una idea fundamental: \u00bflo que mostramos al mundo es realmente qui\u00e9nes somos? Entre responsabilidades, expectativas sociales y la constante presi\u00f3n por \u201cser mejores\u201d, se va formando una versi\u00f3n de nosotros mismos que, aunque funcional, no siempre es aut\u00e9ntica. Podr\u00edamos decir que existen [&hellip;]<\/p>\n","protected":false},"author":14,"featured_media":0,"comment_status":"open","ping_status":"open","sticky":false,"template":"","format":"standard","meta":{"_monsterinsights_skip_tracking":false,"_monsterinsights_sitenote_active":false,"_monsterinsights_sitenote_note":"","_monsterinsights_sitenote_category":0,"footnotes":""},"categories":[4,877],"tags":[],"class_list":["post-717470","post","type-post","status-publish","format-standard","hentry","category-opinion","category-salud"],"_links":{"self":[{"href":"https:\/\/www.diarioimagen.net\/index.php?rest_route=\/wp\/v2\/posts\/717470","targetHints":{"allow":["GET"]}}],"collection":[{"href":"https:\/\/www.diarioimagen.net\/index.php?rest_route=\/wp\/v2\/posts"}],"about":[{"href":"https:\/\/www.diarioimagen.net\/index.php?rest_route=\/wp\/v2\/types\/post"}],"author":[{"embeddable":true,"href":"https:\/\/www.diarioimagen.net\/index.php?rest_route=\/wp\/v2\/users\/14"}],"replies":[{"embeddable":true,"href":"https:\/\/www.diarioimagen.net\/index.php?rest_route=%2Fwp%2Fv2%2Fcomments&post=717470"}],"version-history":[{"count":1,"href":"https:\/\/www.diarioimagen.net\/index.php?rest_route=\/wp\/v2\/posts\/717470\/revisions"}],"predecessor-version":[{"id":717471,"href":"https:\/\/www.diarioimagen.net\/index.php?rest_route=\/wp\/v2\/posts\/717470\/revisions\/717471"}],"wp:attachment":[{"href":"https:\/\/www.diarioimagen.net\/index.php?rest_route=%2Fwp%2Fv2%2Fmedia&parent=717470"}],"wp:term":[{"taxonomy":"category","embeddable":true,"href":"https:\/\/www.diarioimagen.net\/index.php?rest_route=%2Fwp%2Fv2%2Fcategories&post=717470"},{"taxonomy":"post_tag","embeddable":true,"href":"https:\/\/www.diarioimagen.net\/index.php?rest_route=%2Fwp%2Fv2%2Ftags&post=717470"}],"curies":[{"name":"wp","href":"https:\/\/api.w.org\/{rel}","templated":true}]}}