{"id":717475,"date":"2026-04-26T19:46:58","date_gmt":"2026-04-27T01:46:58","guid":{"rendered":"https:\/\/www.diarioimagen.net\/?p=717475"},"modified":"2026-04-26T19:46:58","modified_gmt":"2026-04-27T01:46:58","slug":"realiza-uaemex-primera-edicion-de-la-feria-universitaria-del-libro","status":"publish","type":"post","link":"https:\/\/www.diarioimagen.net\/?p=717475","title":{"rendered":"Realiza UAEM\u00e9x primera edici\u00f3n  de la Feria Universitaria del Libro"},"content":{"rendered":"<p><strong>\u00a0<\/strong><\/p>\n<ul>\n<li><strong>Lectura, eje de la Transformaci\u00f3n Universitaria<\/strong><\/li>\n<li><strong>Participaci\u00f3n de 31 editoriales, 28 actividades acad\u00e9micas, conferencias, conversatorios, presentaciones de libros y revistas, una presentaci\u00f3n teatral, una mesa de di\u00e1logo y la participaci\u00f3n de la Embajada de Cuba en M\u00e9xico<\/strong><\/li>\n<\/ul>\n<div id=\"attachment_717476\" style=\"width: 425px\" class=\"wp-caption alignnone\"><img loading=\"lazy\" decoding=\"async\" aria-describedby=\"caption-attachment-717476\" class=\"wp-image-717476 size-large\" src=\"https:\/\/www.diarioimagen.net\/wp-content\/uploads\/2026\/04\/UAEM-1-6-415x270.jpg\" alt=\"\" width=\"415\" height=\"270\" srcset=\"https:\/\/www.diarioimagen.net\/wp-content\/uploads\/2026\/04\/UAEM-1-6-415x270.jpg 415w, https:\/\/www.diarioimagen.net\/wp-content\/uploads\/2026\/04\/UAEM-1-6-240x156.jpg 240w, https:\/\/www.diarioimagen.net\/wp-content\/uploads\/2026\/04\/UAEM-1-6-768x499.jpg 768w, https:\/\/www.diarioimagen.net\/wp-content\/uploads\/2026\/04\/UAEM-1-6-1536x999.jpg 1536w, https:\/\/www.diarioimagen.net\/wp-content\/uploads\/2026\/04\/UAEM-1-6.jpg 1575w\" sizes=\"auto, (max-width: 415px) 100vw, 415px\" \/><p id=\"caption-attachment-717476\" class=\"wp-caption-text\">La rectora de la UAEM\u00e9x, Martha Patricia Zarza Delgado, afirm\u00f3 que la lectura es una herramienta que contribuye a la formaci\u00f3n de profesionistas y personas creativas, cr\u00edticas y conscientes de su entorno.<\/p><\/div>\n<p><strong>\u00a0<\/strong><\/p>\n<p><strong>\u00a0<\/strong><\/p>\n<p><strong>\u00a0<\/strong><\/p>\n<p>Toluca, M\u00e9x.- Con el objetivo de fomentar la lectura y fortalecer el bienestar integral de la comunidad universitaria y del p\u00fablico en general, la Universidad Aut\u00f3noma del Estado de M\u00e9xico (UAEM\u00e9x) inaugur\u00f3 la primera edici\u00f3n de la Feria Universitaria del Libro (FUL), un espacio que promueve el encuentro entre la palabra y el pensamiento, en el marco del Programa \u201cAbril, Mes de la Lectura\u201d.<\/p>\n<p>Esta iniciativa posiciona a la lectura como uno de los ejes de la Transformaci\u00f3n Universitaria impulsada por la rectora Martha Patricia Zarza Delgado, basada en los principios de cercan\u00eda, inclusi\u00f3n y progresismo.<\/p>\n<p>La Feria cuenta con la participaci\u00f3n de 31 editoriales \u2014incluida la propia UAEM\u00e9x\u2014 y ofrece 28 actividades acad\u00e9micas, entre ellas tres conferencias, tres conversatorios, 20 presentaciones de libros y revistas, una puesta en escena, una mesa de di\u00e1logo y la colaboraci\u00f3n de la Embajada de Cuba en M\u00e9xico.<\/p>\n<p>Durante la ceremonia inaugural, realizada en el Patio del Centenario del Edificio de Rector\u00eda, Zarza Delgado destac\u00f3 que la lectura es una herramienta fundamental para la formaci\u00f3n integral, al fortalecer la libertad acad\u00e9mica y el pensamiento humanista. Subray\u00f3 que esta pr\u00e1ctica contribuye a la formaci\u00f3n de profesionistas cr\u00edticos, creativos y conscientes de su entorno.<\/p>\n<p>Acompa\u00f1ada por integrantes de la comunidad universitaria, as\u00ed como por la consejera cultural de la Embajada de Cuba en M\u00e9xico, Norma Rodr\u00edguez Derivet; el secretario Acad\u00e9mico, Francisco Herrera Tapia, y la secretaria de Identidad y Cultura, Cynthia Ortega Salgado, la rectora inform\u00f3 que, en 2026, la UAEM\u00e9x ha ampliado su oferta a m\u00e1s de 400 actividades culturales y literarias distribuidas en 52 espacios acad\u00e9micos.<\/p>\n<p>Asimismo, resalt\u00f3 que la universidad reafirma su car\u00e1cter regional y estatal al promover la lectura como un elemento clave para la diversidad cultural y la inclusi\u00f3n, al contribuir a la preservaci\u00f3n de lenguas, tradiciones y narrativas colectivas.<\/p>\n<p>En su intervenci\u00f3n, el secretario Acad\u00e9mico, Francisco Herrera Tapia, se\u00f1al\u00f3 que la FUL consolida el compromiso institucional con la formaci\u00f3n integral, al reconocer a los libros como fuente de conocimiento y herramienta esencial para la transformaci\u00f3n social. A\u00f1adi\u00f3 que la lectura constituye un acto de resistencia que fomenta ciudadan\u00edas cr\u00edticas, informadas y sensibles ante su realidad.<\/p>\n<p>Finalmente, subray\u00f3 que, al impulsar el acceso equitativo y plural a la cultura y el conocimiento, la UAEM\u00e9x fortalece su vocaci\u00f3n como instituci\u00f3n p\u00fablica comprometida con la construcci\u00f3n de un futuro m\u00e1s justo, libre y solidario.<\/p>\n<p>La primera edici\u00f3n de la FUL UAEM\u00e9x se llevar\u00e1 a cabo hasta el viernes 24 de abril en el Edificio de Rector\u00eda, con acceso libre y gratuito para la comunidad universitaria y el p\u00fablico en general.<\/p>\n<p>&nbsp;<\/p>\n<p>&nbsp;<\/p>\n<p>&nbsp;<\/p>\n","protected":false},"excerpt":{"rendered":"<p>\u00a0 Lectura, eje de la Transformaci\u00f3n Universitaria Participaci\u00f3n de 31 editoriales, 28 actividades acad\u00e9micas, conferencias, conversatorios, presentaciones de libros y revistas, una presentaci\u00f3n teatral, una mesa de di\u00e1logo y la participaci\u00f3n de la Embajada de Cuba en M\u00e9xico \u00a0 \u00a0 \u00a0 Toluca, M\u00e9x.- Con el objetivo de fomentar la lectura y fortalecer el bienestar integral [&hellip;]<\/p>\n","protected":false},"author":14,"featured_media":717476,"comment_status":"open","ping_status":"open","sticky":false,"template":"","format":"standard","meta":{"_monsterinsights_skip_tracking":false,"_monsterinsights_sitenote_active":false,"_monsterinsights_sitenote_note":"","_monsterinsights_sitenote_category":0,"footnotes":""},"categories":[16,5],"tags":[],"class_list":["post-717475","post","type-post","status-publish","format-standard","has-post-thumbnail","hentry","category-destacadas","category-estado-de-mexico"],"_links":{"self":[{"href":"https:\/\/www.diarioimagen.net\/index.php?rest_route=\/wp\/v2\/posts\/717475","targetHints":{"allow":["GET"]}}],"collection":[{"href":"https:\/\/www.diarioimagen.net\/index.php?rest_route=\/wp\/v2\/posts"}],"about":[{"href":"https:\/\/www.diarioimagen.net\/index.php?rest_route=\/wp\/v2\/types\/post"}],"author":[{"embeddable":true,"href":"https:\/\/www.diarioimagen.net\/index.php?rest_route=\/wp\/v2\/users\/14"}],"replies":[{"embeddable":true,"href":"https:\/\/www.diarioimagen.net\/index.php?rest_route=%2Fwp%2Fv2%2Fcomments&post=717475"}],"version-history":[{"count":1,"href":"https:\/\/www.diarioimagen.net\/index.php?rest_route=\/wp\/v2\/posts\/717475\/revisions"}],"predecessor-version":[{"id":717477,"href":"https:\/\/www.diarioimagen.net\/index.php?rest_route=\/wp\/v2\/posts\/717475\/revisions\/717477"}],"wp:featuredmedia":[{"embeddable":true,"href":"https:\/\/www.diarioimagen.net\/index.php?rest_route=\/wp\/v2\/media\/717476"}],"wp:attachment":[{"href":"https:\/\/www.diarioimagen.net\/index.php?rest_route=%2Fwp%2Fv2%2Fmedia&parent=717475"}],"wp:term":[{"taxonomy":"category","embeddable":true,"href":"https:\/\/www.diarioimagen.net\/index.php?rest_route=%2Fwp%2Fv2%2Fcategories&post=717475"},{"taxonomy":"post_tag","embeddable":true,"href":"https:\/\/www.diarioimagen.net\/index.php?rest_route=%2Fwp%2Fv2%2Ftags&post=717475"}],"curies":[{"name":"wp","href":"https:\/\/api.w.org\/{rel}","templated":true}]}}