{"id":717478,"date":"2026-04-26T19:48:59","date_gmt":"2026-04-27T01:48:59","guid":{"rendered":"https:\/\/www.diarioimagen.net\/?p=717478"},"modified":"2026-04-26T19:48:59","modified_gmt":"2026-04-27T01:48:59","slug":"historias-y-musica-inspiran-a-juventudes-universitarias-en-atlacomulco","status":"publish","type":"post","link":"https:\/\/www.diarioimagen.net\/?p=717478","title":{"rendered":"Historias y m\u00fasica inspiran a juventudes universitarias en Atlacomulco"},"content":{"rendered":"<div id=\"attachment_717479\" style=\"width: 470px\" class=\"wp-caption alignnone\"><img loading=\"lazy\" decoding=\"async\" aria-describedby=\"caption-attachment-717479\" class=\"wp-image-717479 size-large\" src=\"https:\/\/www.diarioimagen.net\/wp-content\/uploads\/2026\/04\/UAEM-2-6-460x264.jpg\" alt=\"\" width=\"460\" height=\"264\" srcset=\"https:\/\/www.diarioimagen.net\/wp-content\/uploads\/2026\/04\/UAEM-2-6-460x264.jpg 460w, https:\/\/www.diarioimagen.net\/wp-content\/uploads\/2026\/04\/UAEM-2-6-240x138.jpg 240w, https:\/\/www.diarioimagen.net\/wp-content\/uploads\/2026\/04\/UAEM-2-6-768x441.jpg 768w, https:\/\/www.diarioimagen.net\/wp-content\/uploads\/2026\/04\/UAEM-2-6-1536x883.jpg 1536w, https:\/\/www.diarioimagen.net\/wp-content\/uploads\/2026\/04\/UAEM-2-6.jpg 1575w\" sizes=\"auto, (max-width: 460px) 100vw, 460px\" \/><p id=\"caption-attachment-717479\" class=\"wp-caption-text\">El Centro Universitario Atlacomulco de la UAEM\u00e9x llev\u00f3 a cabo \u201cEntre cuentos y acordes\u201d, iniciativa que destac\u00f3 la importancia de la narraci\u00f3n oral, la lectura y la m\u00fasica como herramientas formativas que estimulan la imaginaci\u00f3n, la creatividad y el pensamiento cr\u00edtico.<\/p><\/div>\n<p>&nbsp;<\/p>\n<p>Atlacomulco, M\u00e9x.- En el marco de \u201cAbril, mes para celebrar a la juventud universitaria\u201d, el Centro Universitario Atlacomulco de la Universidad Aut\u00f3noma del Estado de M\u00e9xico (UAEM\u00e9x) llev\u00f3 a cabo \u201cEntre cuentos y acordes\u201d, iniciativa que destac\u00f3 la importancia de la narraci\u00f3n oral, la lectura y la m\u00fasica como herramientas formativas que estimulan la imaginaci\u00f3n, la creatividad y el pensamiento cr\u00edtico.<\/p>\n<p>El auditorio de este campus universitario se transform\u00f3 en un espacio de encuentro art\u00edstico que dio cabida a la narraci\u00f3n de cuentos e historias breves a cargo de La Abuela Peris, guionista y locutora, as\u00ed como a la propuesta musical de Unpluggers, dueto enfocado en interpretaciones ac\u00fasticas.<\/p>\n<p>Durante el evento, la secretaria de Identidad y Cultura de la UAEM\u00e9x, Cynthia Ortega Salgado, ante la rectora Martha Patricia Zarza Delgado, subray\u00f3 que este tipo de encuentros forman parte de los esfuerzos institucionales por fortalecer una universidad cercana a su comunidad, al descentralizar las expresiones art\u00edsticas y culturales en los 55 espacios acad\u00e9micos que integran la instituci\u00f3n.<\/p>\n<p>En este acto, al que asisti\u00f3 el secretario de Centros Acad\u00e9micos y Unidades Acad\u00e9micas Profesionales, Jos\u00e9 Guadalupe Miranda Hern\u00e1ndez, Ortega Salgado destac\u00f3 que la combinaci\u00f3n de m\u00fasica y literatura permite reconocer la vigencia de la tradici\u00f3n oral, una de las principales formas hist\u00f3ricas de transmitir historias y conocimiento.<\/p>\n<p>En este sentido, afirm\u00f3 que dichas actividades fortalecen el papel de la tradici\u00f3n oral como un v\u00ednculo que genera aprendizajes y reflexiones entre quienes comparten estas expresiones y la comunidad universitaria que las recibe.<\/p>\n<p>Por su parte, la directora del Centro Universitario UAEM Atlacomulco, Thania Mart\u00ednez Bello, se\u00f1al\u00f3 que \u201cEntre cuentos y acordes\u201d surge de la convicci\u00f3n de que la universidad no solo forma profesionistas, sino tambi\u00e9n personas con sensibilidad, pensamiento cr\u00edtico y apertura a las emociones.<\/p>\n<p>Finalmente, Mart\u00ednez Bello enfatiz\u00f3 que el evento tuvo como prop\u00f3sito celebrar a las juventudes universitarias, reconociendo en ellas su capacidad de asombro y creatividad, cualidades que dan sentido y vida a la comunidad de la UAEM\u00e9x.<\/p>\n<p>&nbsp;<\/p>\n<p>&nbsp;<\/p>\n<p>&nbsp;<\/p>\n","protected":false},"excerpt":{"rendered":"<p>&nbsp; Atlacomulco, M\u00e9x.- En el marco de \u201cAbril, mes para celebrar a la juventud universitaria\u201d, el Centro Universitario Atlacomulco de la Universidad Aut\u00f3noma del Estado de M\u00e9xico (UAEM\u00e9x) llev\u00f3 a cabo \u201cEntre cuentos y acordes\u201d, iniciativa que destac\u00f3 la importancia de la narraci\u00f3n oral, la lectura y la m\u00fasica como herramientas formativas que estimulan la [&hellip;]<\/p>\n","protected":false},"author":14,"featured_media":717479,"comment_status":"open","ping_status":"open","sticky":false,"template":"","format":"standard","meta":{"_monsterinsights_skip_tracking":false,"_monsterinsights_sitenote_active":false,"_monsterinsights_sitenote_note":"","_monsterinsights_sitenote_category":0,"footnotes":""},"categories":[16,5],"tags":[],"class_list":["post-717478","post","type-post","status-publish","format-standard","has-post-thumbnail","hentry","category-destacadas","category-estado-de-mexico"],"_links":{"self":[{"href":"https:\/\/www.diarioimagen.net\/index.php?rest_route=\/wp\/v2\/posts\/717478","targetHints":{"allow":["GET"]}}],"collection":[{"href":"https:\/\/www.diarioimagen.net\/index.php?rest_route=\/wp\/v2\/posts"}],"about":[{"href":"https:\/\/www.diarioimagen.net\/index.php?rest_route=\/wp\/v2\/types\/post"}],"author":[{"embeddable":true,"href":"https:\/\/www.diarioimagen.net\/index.php?rest_route=\/wp\/v2\/users\/14"}],"replies":[{"embeddable":true,"href":"https:\/\/www.diarioimagen.net\/index.php?rest_route=%2Fwp%2Fv2%2Fcomments&post=717478"}],"version-history":[{"count":1,"href":"https:\/\/www.diarioimagen.net\/index.php?rest_route=\/wp\/v2\/posts\/717478\/revisions"}],"predecessor-version":[{"id":717480,"href":"https:\/\/www.diarioimagen.net\/index.php?rest_route=\/wp\/v2\/posts\/717478\/revisions\/717480"}],"wp:featuredmedia":[{"embeddable":true,"href":"https:\/\/www.diarioimagen.net\/index.php?rest_route=\/wp\/v2\/media\/717479"}],"wp:attachment":[{"href":"https:\/\/www.diarioimagen.net\/index.php?rest_route=%2Fwp%2Fv2%2Fmedia&parent=717478"}],"wp:term":[{"taxonomy":"category","embeddable":true,"href":"https:\/\/www.diarioimagen.net\/index.php?rest_route=%2Fwp%2Fv2%2Fcategories&post=717478"},{"taxonomy":"post_tag","embeddable":true,"href":"https:\/\/www.diarioimagen.net\/index.php?rest_route=%2Fwp%2Fv2%2Ftags&post=717478"}],"curies":[{"name":"wp","href":"https:\/\/api.w.org\/{rel}","templated":true}]}}