{"id":717521,"date":"2026-04-27T19:49:17","date_gmt":"2026-04-28T01:49:17","guid":{"rendered":"https:\/\/www.diarioimagen.net\/?p=717521"},"modified":"2026-04-27T19:49:17","modified_gmt":"2026-04-28T01:49:17","slug":"sano-realizar-antidoping-a-candidatos-a-cargos-de-eleccion-popular-dice-horacio-jimenez-lopez","status":"publish","type":"post","link":"https:\/\/www.diarioimagen.net\/?p=717521","title":{"rendered":"Sano, realizar antidoping a candidatos a cargos  de elecci\u00f3n popular, dice Horacio Jim\u00e9nez L\u00f3pez"},"content":{"rendered":"<p>&nbsp;<\/p>\n<p><strong>\u00a0<\/strong><\/p>\n<ul>\n<li><strong>Medida contra la infiltraci\u00f3n del crimen organizado<\/strong><\/li>\n<\/ul>\n<p><strong>\u00a0<\/strong><\/p>\n<p>&nbsp;<\/p>\n<p><img loading=\"lazy\" decoding=\"async\" class=\"alignnone wp-image-717522 size-large\" src=\"https:\/\/www.diarioimagen.net\/wp-content\/uploads\/2026\/04\/BAENA-1-ok-14-405x270.jpg\" alt=\"\" width=\"405\" height=\"270\" srcset=\"https:\/\/www.diarioimagen.net\/wp-content\/uploads\/2026\/04\/BAENA-1-ok-14-405x270.jpg 405w, https:\/\/www.diarioimagen.net\/wp-content\/uploads\/2026\/04\/BAENA-1-ok-14-240x160.jpg 240w, https:\/\/www.diarioimagen.net\/wp-content\/uploads\/2026\/04\/BAENA-1-ok-14-768x512.jpg 768w, https:\/\/www.diarioimagen.net\/wp-content\/uploads\/2026\/04\/BAENA-1-ok-14.jpg 1500w\" sizes=\"auto, (max-width: 405px) 100vw, 405px\" \/><\/p>\n<p>&nbsp;<\/p>\n<p>Por Arturo Baena<\/p>\n<p>&nbsp;<\/p>\n<p>Valle de M\u00e9xico.- Aunque en la entidad mexiquense\u00a0 el realizar ex\u00e1menes toxicol\u00f3gicos para candidatos a cargos de elecci\u00f3n popular no es un requisito obligatorio, es necesario que estos se hagan para garantizar que no tengan adicciones que afecten su desempe\u00f1o p\u00fablico.<\/p>\n<p>&nbsp;<\/p>\n<p>Expres\u00f3 lo anterior el polit\u00f3logo Horacio Jim\u00e9nez L\u00f3pez, al tiempo de asegurar que \u00abaunque muchos puedan argumentar violaci\u00f3n a sus derechos a la privacidad, pues s\u00f3lo as\u00ed se podr\u00eda prevenir la infiltraci\u00f3n del crimen organizado en alcald\u00edas y congresos\u00bb, dijo.<\/p>\n<p>&nbsp;<\/p>\n<p>Actualmente, para ser candidato a puestos como la Presidencia, Diputaciones o Senadur\u00edas, los \u00fanicos requisitos se limitan principalmente a la nacionalidad, edad, residencia y estar en pleno goce de derechos pol\u00edticos y el examen toxicol\u00f3gico no figura en la lista obligatoria para obtener el registro ante el Instituto Nacional Electoral (INE).<\/p>\n<p>&nbsp;<\/p>\n<p>Sin embargo, continu\u00f3, \u00aben septiembre de 2025, se propuso exigir estas pruebas de forma peri\u00f3dica y aleatoria para todos los funcionarios electos, pero ello qued\u00f3 en el olvido.<\/p>\n<p>&nbsp;<\/p>\n<p>Y es qu\u00e9, efectivamente, algunos partidos pol\u00edticos incluyen en sus estatutos la facultad de solicitar pruebas m\u00e9dicas o de \u00abcontrol de confianza\u00bb (incluyendo antidoping) como filtro para sus precandidatos antes de postularlos formalmente.<\/p>\n<p>&nbsp;<\/p>\n<p>En procesos electorales recientes, diversos candidatos se han realizado pruebas toxicol\u00f3gicas de forma voluntaria ante laboratorios certificados para proyectar transparencia y \u201captitud\u201d ante el electorado.<\/p>\n<p>&nbsp;<\/p>\n<p>&nbsp;<\/p>\n<p>&nbsp;<\/p>\n","protected":false},"excerpt":{"rendered":"<p>&nbsp; \u00a0 Medida contra la infiltraci\u00f3n del crimen organizado \u00a0 &nbsp; &nbsp; Por Arturo Baena &nbsp; Valle de M\u00e9xico.- Aunque en la entidad mexiquense\u00a0 el realizar ex\u00e1menes toxicol\u00f3gicos para candidatos a cargos de elecci\u00f3n popular no es un requisito obligatorio, es necesario que estos se hagan para garantizar que no tengan adicciones que afecten su [&hellip;]<\/p>\n","protected":false},"author":14,"featured_media":717522,"comment_status":"open","ping_status":"open","sticky":false,"template":"","format":"standard","meta":{"_monsterinsights_skip_tracking":false,"_monsterinsights_sitenote_active":false,"_monsterinsights_sitenote_note":"","_monsterinsights_sitenote_category":0,"footnotes":""},"categories":[5],"tags":[],"class_list":["post-717521","post","type-post","status-publish","format-standard","has-post-thumbnail","hentry","category-estado-de-mexico"],"_links":{"self":[{"href":"https:\/\/www.diarioimagen.net\/index.php?rest_route=\/wp\/v2\/posts\/717521","targetHints":{"allow":["GET"]}}],"collection":[{"href":"https:\/\/www.diarioimagen.net\/index.php?rest_route=\/wp\/v2\/posts"}],"about":[{"href":"https:\/\/www.diarioimagen.net\/index.php?rest_route=\/wp\/v2\/types\/post"}],"author":[{"embeddable":true,"href":"https:\/\/www.diarioimagen.net\/index.php?rest_route=\/wp\/v2\/users\/14"}],"replies":[{"embeddable":true,"href":"https:\/\/www.diarioimagen.net\/index.php?rest_route=%2Fwp%2Fv2%2Fcomments&post=717521"}],"version-history":[{"count":1,"href":"https:\/\/www.diarioimagen.net\/index.php?rest_route=\/wp\/v2\/posts\/717521\/revisions"}],"predecessor-version":[{"id":717523,"href":"https:\/\/www.diarioimagen.net\/index.php?rest_route=\/wp\/v2\/posts\/717521\/revisions\/717523"}],"wp:featuredmedia":[{"embeddable":true,"href":"https:\/\/www.diarioimagen.net\/index.php?rest_route=\/wp\/v2\/media\/717522"}],"wp:attachment":[{"href":"https:\/\/www.diarioimagen.net\/index.php?rest_route=%2Fwp%2Fv2%2Fmedia&parent=717521"}],"wp:term":[{"taxonomy":"category","embeddable":true,"href":"https:\/\/www.diarioimagen.net\/index.php?rest_route=%2Fwp%2Fv2%2Fcategories&post=717521"},{"taxonomy":"post_tag","embeddable":true,"href":"https:\/\/www.diarioimagen.net\/index.php?rest_route=%2Fwp%2Fv2%2Ftags&post=717521"}],"curies":[{"name":"wp","href":"https:\/\/api.w.org\/{rel}","templated":true}]}}