{"id":717524,"date":"2026-04-27T20:23:44","date_gmt":"2026-04-28T02:23:44","guid":{"rendered":"https:\/\/www.diarioimagen.net\/?p=717524"},"modified":"2026-04-27T20:23:44","modified_gmt":"2026-04-28T02:23:44","slug":"opera-gruas-chavarria-ilegalmente-con-la-complicidad-de-autoridades","status":"publish","type":"post","link":"https:\/\/www.diarioimagen.net\/?p=717524","title":{"rendered":"Opera Gr\u00faas Chavarr\u00eda ilegalmente  con la complicidad de autoridades"},"content":{"rendered":"<p>&nbsp;<\/p>\n<p>&nbsp;<\/p>\n<ul>\n<li><strong>Abusos en cobro de \u201carrastre\u201d en Cuautitl\u00e1n<\/strong><\/li>\n<\/ul>\n<div id=\"attachment_717525\" style=\"width: 434px\" class=\"wp-caption alignnone\"><img loading=\"lazy\" decoding=\"async\" aria-describedby=\"caption-attachment-717525\" class=\"wp-image-717525 size-large\" src=\"https:\/\/www.diarioimagen.net\/wp-content\/uploads\/2026\/04\/BAENA-2-ok-16-424x270.jpg\" alt=\"\" width=\"424\" height=\"270\" srcset=\"https:\/\/www.diarioimagen.net\/wp-content\/uploads\/2026\/04\/BAENA-2-ok-16-424x270.jpg 424w, https:\/\/www.diarioimagen.net\/wp-content\/uploads\/2026\/04\/BAENA-2-ok-16-240x153.jpg 240w, https:\/\/www.diarioimagen.net\/wp-content\/uploads\/2026\/04\/BAENA-2-ok-16-768x489.jpg 768w, https:\/\/www.diarioimagen.net\/wp-content\/uploads\/2026\/04\/BAENA-2-ok-16-1536x977.jpg 1536w, https:\/\/www.diarioimagen.net\/wp-content\/uploads\/2026\/04\/BAENA-2-ok-16-2048x1303.jpg 2048w\" sizes=\"auto, (max-width: 424px) 100vw, 424px\" \/><p id=\"caption-attachment-717525\" class=\"wp-caption-text\">Exigen en Cuautitl\u00e1n Izcalli que la FGJEM abra una carpeta de investigaci\u00f3n por la supuesta complicidad de autoridades en los abusos de la empresa Gr\u00faas Chavarr\u00eda .<\/p><\/div>\n<p>&nbsp;<\/p>\n<p>&nbsp;<\/p>\n<p>Cuautitl\u00e1n Izcalli, M\u00e9x.- Transportistas y automovilistas exigieron que la Fiscal\u00eda General de Justicia del Estado de M\u00e9xico\u00a0 (FGJEM) abra una carpeta de investigaci\u00f3n contra el alcalde Pedro Serrano,\u00a0 funcionarios y mandos policiales de esta localidad, por la supuesta complicidad de abusos por el\u00a0 cobro de \u201carrastre\u201d\u00a0 de la empresa \u00abGr\u00faas Chavarr\u00eda\u00bb .<\/p>\n<p>&nbsp;<\/p>\n<p>La presunta complicidad entre el gobierno municipal y dicha empresa ha sido motivo de denuncias ciudadanas y operativos estatales debido a abusos sistem\u00e1ticos en el servicio de arrastre y corral\u00f3n, afirm\u00f3 el l\u00edder social, Juan Francisco Flores.<\/p>\n<p>&nbsp;<\/p>\n<p>En ese sentido, ciudadanos y transportistas, denunciaron cobros ilegales de hasta 18,000 pesos por arrastre sin desglose, \u00abevadiendo las tarifas m\u00e1ximas autorizadas en complicidad con autoridades municipales de este municipio\u00bb, dijeron.<\/p>\n<p>&nbsp;<\/p>\n<p>Se denunci\u00f3 que estas gr\u00faas operan sin concesi\u00f3n ni permiso, y en ocasiones mueven\u00a0 veh\u00edculos a corralones muy lejanos\u00a0 para incrementar los costos.<\/p>\n<p>&nbsp;<\/p>\n<p>Los quejosos, puntualuzaron que \u00aba pesar de las clausuras, esta empresa\u00a0 han sido se\u00f1alada por operar en la impunidad con el presunto aval de funcionarios locales, enviando veh\u00edculos particulares y de carga de manera forzosa a los diversos\u00a0 dep\u00f3sitos con los que cuentan\u00bb, remarcaron.<\/p>\n<p><strong>\u00a0<\/strong><\/p>\n","protected":false},"excerpt":{"rendered":"<p>&nbsp; &nbsp; Abusos en cobro de \u201carrastre\u201d en Cuautitl\u00e1n &nbsp; &nbsp; Cuautitl\u00e1n Izcalli, M\u00e9x.- Transportistas y automovilistas exigieron que la Fiscal\u00eda General de Justicia del Estado de M\u00e9xico\u00a0 (FGJEM) abra una carpeta de investigaci\u00f3n contra el alcalde Pedro Serrano,\u00a0 funcionarios y mandos policiales de esta localidad, por la supuesta complicidad de abusos por el\u00a0 cobro [&hellip;]<\/p>\n","protected":false},"author":14,"featured_media":717525,"comment_status":"open","ping_status":"open","sticky":false,"template":"","format":"standard","meta":{"_monsterinsights_skip_tracking":false,"_monsterinsights_sitenote_active":false,"_monsterinsights_sitenote_note":"","_monsterinsights_sitenote_category":0,"footnotes":""},"categories":[5],"tags":[],"class_list":["post-717524","post","type-post","status-publish","format-standard","has-post-thumbnail","hentry","category-estado-de-mexico"],"_links":{"self":[{"href":"https:\/\/www.diarioimagen.net\/index.php?rest_route=\/wp\/v2\/posts\/717524","targetHints":{"allow":["GET"]}}],"collection":[{"href":"https:\/\/www.diarioimagen.net\/index.php?rest_route=\/wp\/v2\/posts"}],"about":[{"href":"https:\/\/www.diarioimagen.net\/index.php?rest_route=\/wp\/v2\/types\/post"}],"author":[{"embeddable":true,"href":"https:\/\/www.diarioimagen.net\/index.php?rest_route=\/wp\/v2\/users\/14"}],"replies":[{"embeddable":true,"href":"https:\/\/www.diarioimagen.net\/index.php?rest_route=%2Fwp%2Fv2%2Fcomments&post=717524"}],"version-history":[{"count":1,"href":"https:\/\/www.diarioimagen.net\/index.php?rest_route=\/wp\/v2\/posts\/717524\/revisions"}],"predecessor-version":[{"id":717526,"href":"https:\/\/www.diarioimagen.net\/index.php?rest_route=\/wp\/v2\/posts\/717524\/revisions\/717526"}],"wp:featuredmedia":[{"embeddable":true,"href":"https:\/\/www.diarioimagen.net\/index.php?rest_route=\/wp\/v2\/media\/717525"}],"wp:attachment":[{"href":"https:\/\/www.diarioimagen.net\/index.php?rest_route=%2Fwp%2Fv2%2Fmedia&parent=717524"}],"wp:term":[{"taxonomy":"category","embeddable":true,"href":"https:\/\/www.diarioimagen.net\/index.php?rest_route=%2Fwp%2Fv2%2Fcategories&post=717524"},{"taxonomy":"post_tag","embeddable":true,"href":"https:\/\/www.diarioimagen.net\/index.php?rest_route=%2Fwp%2Fv2%2Ftags&post=717524"}],"curies":[{"name":"wp","href":"https:\/\/api.w.org\/{rel}","templated":true}]}}