{"id":717527,"date":"2026-04-27T20:26:06","date_gmt":"2026-04-28T02:26:06","guid":{"rendered":"https:\/\/www.diarioimagen.net\/?p=717527"},"modified":"2026-04-27T20:26:06","modified_gmt":"2026-04-28T02:26:06","slug":"gobierno-de-tlalnepantla-combate-desabasto-de-agua-en-el-municipio","status":"publish","type":"post","link":"https:\/\/www.diarioimagen.net\/?p=717527","title":{"rendered":"Gobierno de Tlalnepantla combate  desabasto de agua en el municipio\u00a0"},"content":{"rendered":"<p>&nbsp;<\/p>\n<ul>\n<li><strong>Garantizan acceso al recurso h\u00eddrico<\/strong><\/li>\n<\/ul>\n<p><img loading=\"lazy\" decoding=\"async\" class=\"alignnone wp-image-717528 size-large\" src=\"https:\/\/www.diarioimagen.net\/wp-content\/uploads\/2026\/04\/BAENA3-ok-2-405x270.jpg\" alt=\"\" width=\"405\" height=\"270\" srcset=\"https:\/\/www.diarioimagen.net\/wp-content\/uploads\/2026\/04\/BAENA3-ok-2-405x270.jpg 405w, https:\/\/www.diarioimagen.net\/wp-content\/uploads\/2026\/04\/BAENA3-ok-2-240x160.jpg 240w, https:\/\/www.diarioimagen.net\/wp-content\/uploads\/2026\/04\/BAENA3-ok-2-768x513.jpg 768w, https:\/\/www.diarioimagen.net\/wp-content\/uploads\/2026\/04\/BAENA3-ok-2.jpg 1500w\" sizes=\"auto, (max-width: 405px) 100vw, 405px\" \/><\/p>\n<p>Tlalnepantla, M\u00e9x.- Con la finalidad de garantizar el acceso al recurso h\u00eddrico como un derecho vital y prevenir los efectos del desabasto en el municipio, el alcalde Raciel P\u00e9rez Cruz encabez\u00f3 el arranque del Programa de Entrega de Tinacos y Cisternas 2026.<\/p>\n<p>&nbsp;<\/p>\n<p>A trav\u00e9s del Organismo P\u00fablico Descentralizado para la Prestaci\u00f3n de los Servicios de Agua Potable, Alcantarillado y Saneamiento (OPDM), esta administraci\u00f3n busca reducir al m\u00ednimo la escasez en todas las colonias, barrios y fraccionamientos de Tlalnepantla.<\/p>\n<p>&nbsp;<\/p>\n<p>En el arranque del programa, Raciel P\u00e9rez Cruz destac\u00f3 que esta iniciativa no es un apoyo aislado, sino una estrategia de prevenci\u00f3n integral para que las familias cuenten con infraestructura adecuada de almacenamiento.<\/p>\n<p>&nbsp;<\/p>\n<p>El alcalde refiri\u00f3 que ninguna familia debe padecer por escasez de agua, por eso el gobierno tambi\u00e9n se encuentra perforando nuevos pozos para no depender del sistema Cutzamala y poder brindar un servicio de calidad.<\/p>\n<p>&nbsp;<\/p>\n<p>En esta primera etapa del programa se \u00a0logr\u00f3 beneficiar a 1,542 personas residentes de zonas como Tenayo Centro, Tenayo Norte, Tenayo Sur, la Unidad Habitacional El Tenayo, Izcalli Acatitl\u00e1n, Izcalli Pir\u00e1mide y la colonia F.F. Cecilia Mora Vda. de G\u00f3mez.<\/p>\n<p>&nbsp;<\/p>\n<p><strong>\u00a0<\/strong><\/p>\n<p>&nbsp;<\/p>\n<p>&nbsp;<\/p>\n<p>&nbsp;<\/p>\n","protected":false},"excerpt":{"rendered":"<p>&nbsp; Garantizan acceso al recurso h\u00eddrico Tlalnepantla, M\u00e9x.- Con la finalidad de garantizar el acceso al recurso h\u00eddrico como un derecho vital y prevenir los efectos del desabasto en el municipio, el alcalde Raciel P\u00e9rez Cruz encabez\u00f3 el arranque del Programa de Entrega de Tinacos y Cisternas 2026. &nbsp; A trav\u00e9s del Organismo P\u00fablico Descentralizado [&hellip;]<\/p>\n","protected":false},"author":14,"featured_media":717528,"comment_status":"open","ping_status":"open","sticky":false,"template":"","format":"standard","meta":{"_monsterinsights_skip_tracking":false,"_monsterinsights_sitenote_active":false,"_monsterinsights_sitenote_note":"","_monsterinsights_sitenote_category":0,"footnotes":""},"categories":[5],"tags":[],"class_list":["post-717527","post","type-post","status-publish","format-standard","has-post-thumbnail","hentry","category-estado-de-mexico"],"_links":{"self":[{"href":"https:\/\/www.diarioimagen.net\/index.php?rest_route=\/wp\/v2\/posts\/717527","targetHints":{"allow":["GET"]}}],"collection":[{"href":"https:\/\/www.diarioimagen.net\/index.php?rest_route=\/wp\/v2\/posts"}],"about":[{"href":"https:\/\/www.diarioimagen.net\/index.php?rest_route=\/wp\/v2\/types\/post"}],"author":[{"embeddable":true,"href":"https:\/\/www.diarioimagen.net\/index.php?rest_route=\/wp\/v2\/users\/14"}],"replies":[{"embeddable":true,"href":"https:\/\/www.diarioimagen.net\/index.php?rest_route=%2Fwp%2Fv2%2Fcomments&post=717527"}],"version-history":[{"count":1,"href":"https:\/\/www.diarioimagen.net\/index.php?rest_route=\/wp\/v2\/posts\/717527\/revisions"}],"predecessor-version":[{"id":717529,"href":"https:\/\/www.diarioimagen.net\/index.php?rest_route=\/wp\/v2\/posts\/717527\/revisions\/717529"}],"wp:featuredmedia":[{"embeddable":true,"href":"https:\/\/www.diarioimagen.net\/index.php?rest_route=\/wp\/v2\/media\/717528"}],"wp:attachment":[{"href":"https:\/\/www.diarioimagen.net\/index.php?rest_route=%2Fwp%2Fv2%2Fmedia&parent=717527"}],"wp:term":[{"taxonomy":"category","embeddable":true,"href":"https:\/\/www.diarioimagen.net\/index.php?rest_route=%2Fwp%2Fv2%2Fcategories&post=717527"},{"taxonomy":"post_tag","embeddable":true,"href":"https:\/\/www.diarioimagen.net\/index.php?rest_route=%2Fwp%2Fv2%2Ftags&post=717527"}],"curies":[{"name":"wp","href":"https:\/\/api.w.org\/{rel}","templated":true}]}}