{"id":717539,"date":"2026-04-27T20:37:57","date_gmt":"2026-04-28T02:37:57","guid":{"rendered":"https:\/\/www.diarioimagen.net\/?p=717539"},"modified":"2026-04-27T20:37:57","modified_gmt":"2026-04-28T02:37:57","slug":"donde-radica-el-dirigente-real-de-morena-en-palacio-nacional-o-en-palenque","status":"publish","type":"post","link":"https:\/\/www.diarioimagen.net\/?p=717539","title":{"rendered":"\u00bfD\u00f3nde radica el dirigente real de Morena,  \u00a0en Palacio Nacional o en Palenque?"},"content":{"rendered":"<p><strong>CLASE POLITICA\u00a0 <\/strong>Miguel \u00c1ngel Rivera<\/p>\n<p>&nbsp;<\/p>\n<p>&nbsp;<\/p>\n<p>\u00bfA qui\u00e9n tratan de enga\u00f1ar?<\/p>\n<p>Esa es la primera pregunta que surge de los rumores acerca del relevo en la dirigencia nacional del Movimiento de Regeneraci\u00f3n Nacional (Morena), el partido oficial.<\/p>\n<p>Desde hace semanas surgieron los primeros rumores, acerca del relevo de la ex secretaria de Gobernaci\u00f3n, Luisa Mar\u00eda Alcalde Luj\u00e1n, lo cual ya se confirm\u00f3, aunque fue necesaria una pausa para imprimirle un poco de suspenso al movimiento, pues la destacada militante de la llamada Cuarta Transformaci\u00f3n se dio el lujo de responder a la incitaci\u00f3n presidencial para mudarse a Palacio Nacional como titular de la Consejer\u00eda Jur\u00eddica del Ejecutivo Federal con un \u201clo voy a pensar\u201d.<\/p>\n<p>Claro, se cumpli\u00f3 el viejo precepto de que nadie le dice no al Presidente(a) de la Rep\u00fablica, por lo que la saliente dirigente nacional ya tiene todo listo para entregar la estafeta a su sucesor, que todo indica que ser\u00e1 sucesora (con A) y trasladarse al edificio principal del Z\u00f3calo capitalino. Lo cierto es que Alcalde Luj\u00e1n no lo pens\u00f3 mucho, dio el s\u00ed el mismo d\u00eda en que se formaliz\u00f3 la \u201cpropuesta\u201d de la jefa del Ejecutivo federal.<\/p>\n<p>De inmediato, casi al mismo tiempo que surgieron los rumores acerca de la destituci\u00f3n de Luisa Mar\u00eda Alcalde, tambi\u00e9n se conocieron versiones acerca de su posible relevo y, entre una muy reducida lista de candidatos surgi\u00f3 con fuerza el nombre de la secretaria del Bienestar, Ariadna Montiel Reyes.<\/p>\n<p>Parece un cambio muy l\u00f3gico. Ella ha sido la encargada de\u00a0hacer llegar a los ciudadanos, personas de la tercera edad, mujeres madres de familia, j\u00f3venes desempleados y sin estudio y dem\u00e1s programas de asistencia social que, en la pr\u00e1ctica, sirven para asegurar los votos de todos esos sectores sociales, bajo la amenaza de que, si no votan por el r\u00e9gimen y pierde Morena, tambi\u00e9n dejar\u00e1n de recibir sus subsidios.<\/p>\n<p>Claro, eso no es cierto, pues todos los programas sociales se han vuelto constitucionales, con el respaldo de todos los partidos y los eventuales triunfadores en las siguientes elecciones no se atrever\u00edan a cortarlos o desaparecerlos pues correr\u00edan el riesgo de perder la simpat\u00eda popular. Pero los afamados \u201cServidores de la Naci\u00f3n\u201d \u2013que cobran precisamente en la Secretar\u00eda del Bienestar\u2013 se encargan de difundir la especie de que los \u201cmalos\u201d de la oposici\u00f3n les van a quitar esas prebendas.<\/p>\n<p>Por cierto, la acci\u00f3n de ese cuerpo de \u201cservidores de la naci\u00f3n\u201d es presentada en tono casi l\u00edrico (por no decir cursi) en el portal del gobierno de M\u00e9xico.<\/p>\n<p>Bajo el t\u00edtulo \u201cServidores de la Naci\u00f3n, los programas sociales hasta donde nunca hab\u00edan llegado\u201d, el texto oficial relata:<\/p>\n<p>\u201cTodos los d\u00edas, bajo el sol, la lluvia, sin descanso, recorren pueblos, cerros, caminos rurales y peque\u00f1as veredas para llevar a los lugares m\u00e1s apartados, aqu\u00e9llos a donde nunca se llegaba, los apoyos de los programas sociales. Ellos son los Servidores de la Naci\u00f3n, quienes recorren largos caminos a pie y en veh\u00edculos para acercar lo que por derecho les corresponde a quienes durante d\u00e9cadas permanecieron sin ser visto y hoy son prioridad.<\/p>\n<p>\u201cLa contingencia sanitaria que provoc\u00f3 el SARS COV2 no detuvo a los servidores de la Naci\u00f3n, los mismos que ahora, en diferentes lenguas maternas que dan identidad a los pueblos de M\u00e9xico, se comunican con adultos mayores de 60 a\u00f1os en las zonas ind\u00edgenas del pa\u00eds para saber qui\u00e9nes y en d\u00f3nde recibir\u00e1n la vacuna contra la Covid-19.<\/p>\n<p>\u201cEn Tzotzil, Chol, Tzeltal, entre otras lenguas maternas, los Servidores de la Naci\u00f3n conforman los Centros Integradores de Desarrollo de sus regiones para ubicar v\u00eda telef\u00f3nica a las y los adultos mayores y, en su lengua originaria, les informan sobre la posibilidad de ser vacunados y si aceptan hacerlo; si les es posible trasladarse o si ser\u00e1 necesario acudir a su domicilio para que reciba la protecci\u00f3n contra la Covid-19.<\/p>\n<p>\u201cLos Servidores de la Naci\u00f3n no s\u00f3lo conocen las comunidades que recorren, tambi\u00e9n ayudan a facilitar, organizar y coordinar a los derechohabientes de los Programas Integrales de Bienestar para que reciban de manera directa y sin intermediarios los apoyos que por derecho les corresponde\u201d.<\/p>\n<p>As\u00ed, con vistas a las pr\u00f3ximas elecciones intermedias, en donde la llamada Cuarta Transformaci\u00f3n pretende ratificar su mayor\u00eda calificada en las dos c\u00e1maras del Congreso de la Uni\u00f3n, que actualmente detenta y consigui\u00f3 mediante artima\u00f1as toleradas por el Instituto y el Tribunal electorales. En consecuencia, esos \u201cServidores de la Naci\u00f3n\u201d quedar\u00e1n convertidos en cobradores, es decir, encargados de hacer efectivas (votos) las d\u00e1divas que se atribuye Morena y nadie mejor para encabezar esa tarea que la misma persona que los dirige para difundir la versi\u00f3n de que s\u00f3lo Morena garantiza que contin\u00faen los donativos.<\/p>\n<p>Todo quedar\u00e1 aclarado el domingo venidero, cuando concluya el VIII Congreso Nacional Extraordinario de Morena convocado por su apenas el pasado fin de semana por el Comit\u00e9 Ejecutivo Nacional (CEN). Se cit\u00f3 para las 11:00 horas en el World Trade Center de la Ciudad de M\u00e9xico. El encuentro tendr\u00e1 como eje central la renovaci\u00f3n de su dirigencia nacional, que dej\u00f3 Luisa Mar\u00eda Alcalde.<\/p>\n<p>Acerca del nombramiento del pr\u00f3ximo(a) dirigente nacional de Morena, la presidenta (con A) Claudia Sheinbaum Pardo fue interrogada en la ma\u00f1anera sobre el posible traslado de su secretaria del Bienestar a lo que respondi\u00f3 que, aun cuando la secretaria del Bienestar Ariadna Montiel la acompa\u00f1\u00f3 a lo largo de su gira por Hidalgo, no le coment\u00f3 nada sobre su posible inter\u00e9s de encabezar la dirigencia de Morena.<\/p>\n<p>Agreg\u00f3 que su colaboradora es la que tiene que informar \u201csi es que toma la determinaci\u00f3n de dejar el gobierno para irse al partido\u201d.<\/p>\n<p>\u00bfYa est\u00e1 barajando nombres sobre su sustituto?, le repreguntaron a la mandataria, quien se limit\u00f3 a responder: \u201ctiempo al tiempo\u201d.<\/p>\n<p>Ya se ha vuelto com\u00fan que la presidenta Sheinbaum declare ignorancia acerca de algunos de los asuntos que ocurren en el pa\u00eds, como sucedi\u00f3 con la enorme derrama de petr\u00f3leo en el Golfo de M\u00e9xico, por mencionar s\u00f3lo un caso.<\/p>\n<p>Sin embargo, no es lo mismo en lo referente a movimientos en su equipo de trabajo. Es de presumir que sabe (decide) por adelantado si alguno(a) de sus colaboradores ser\u00e1 trasladado a otro cargo o, de plano, ser\u00e1 enviado a su casa. Claro, en el caso del partido oficial, igual que lo hac\u00edan sus antecesores, de los que ahora reniegan, los mandatarios en turno afirman no intervenir en asuntos de su organizaci\u00f3n.<\/p>\n<p>Pero si en verdad, no es la presidenta la que manda en su partido, la situaci\u00f3n resulta peor, porque se dar\u00eda validez a las versiones de que vivimos un Maximato y que las \u00f3rdenes superiores provienen de \u201cLa Chingada\u201d.<\/p>\n<p>Para fomentar las especulaciones, es de notar que la convocatoria para el congreso nacional del partido oficial menciona s\u00f3lo dos cargos en donde cambiar\u00e1n los titulares, la referida presidencia y la Secretar\u00eda de Finanzas, que estaba a cargo de Iv\u00e1n Herrera Zazueta, a quien se le atribuye ser de las confianzas de Alcalde Luj\u00e1n.<\/p>\n<p>Contra muchas suposiciones, no habr\u00e1 relevo en la Secretar\u00eda de Organizaci\u00f3n, estatutariamente el tercer cargo en importancia dentro del partido, pero que en la actual dirigencia tiene mucho mayor relieve porque lo ocupa \u201cNo me digan Andy\u201d Andr\u00e9s Manuel L\u00f3pez Beltr\u00e1n, cuyo nombramiento surgi\u00f3 precisamente de la finca de sonoro t\u00edtulo ubicada en Palenque, Chiapas.<\/p>\n<p>Mientras tanto, en la 4T sigue el mismo mandato sobre la aplicaci\u00f3n de la ley: \u201cjusticia y gracia para los amigos, justicia a secas para los enemigos\u201d.<\/p>\n<p>Contin\u00faa la persecuci\u00f3n contra la gobernadora de Chihuahua, Maru Campos, por la colaboraci\u00f3n de agentes extranjeros (cuya acreditaci\u00f3n y control corresponden al gobierno federal), pero se exculpa al secretario de Econom\u00eda, Marcelo Ebrard, del alojamiento de su hijo durante medio a\u00f1o en la embajada de M\u00e9xico en Londres.<\/p>\n<p>En el caso de Ebrard, la presidenta Sheinbaum de hecho lo exculp\u00f3, pues no hay leyes al respecto. \u201cMe parece que no hay una regulaci\u00f3n particular sobre estos temas, no hay normas establecidas\u201d y admiti\u00f3 que \u201ces importante que se establezcan par\u00e1metros para la utilizaci\u00f3n de las embajadas\u201d.<\/p>\n<p>Tampoco hay una ley acerca del caso concreto,<\/p>\n<p>respecto a la responsabilidad de las entidades federativas por la acci\u00f3n de agentes extranjeros, pero se insiste en culpar a la gobernadora de Chihuahua. Claro, ella es del PAN.<\/p>\n<p>&nbsp;<\/p>\n<p>&nbsp;<\/p>\n","protected":false},"excerpt":{"rendered":"<p>CLASE POLITICA\u00a0 Miguel \u00c1ngel Rivera &nbsp; &nbsp; \u00bfA qui\u00e9n tratan de enga\u00f1ar? Esa es la primera pregunta que surge de los rumores acerca del relevo en la dirigencia nacional del Movimiento de Regeneraci\u00f3n Nacional (Morena), el partido oficial. Desde hace semanas surgieron los primeros rumores, acerca del relevo de la ex secretaria de Gobernaci\u00f3n, Luisa [&hellip;]<\/p>\n","protected":false},"author":14,"featured_media":0,"comment_status":"open","ping_status":"open","sticky":false,"template":"","format":"standard","meta":{"_monsterinsights_skip_tracking":false,"_monsterinsights_sitenote_active":false,"_monsterinsights_sitenote_note":"","_monsterinsights_sitenote_category":0,"footnotes":""},"categories":[84119,4],"tags":[],"class_list":["post-717539","post","type-post","status-publish","format-standard","hentry","category-miguel-angel-rivera","category-opinion"],"_links":{"self":[{"href":"https:\/\/www.diarioimagen.net\/index.php?rest_route=\/wp\/v2\/posts\/717539","targetHints":{"allow":["GET"]}}],"collection":[{"href":"https:\/\/www.diarioimagen.net\/index.php?rest_route=\/wp\/v2\/posts"}],"about":[{"href":"https:\/\/www.diarioimagen.net\/index.php?rest_route=\/wp\/v2\/types\/post"}],"author":[{"embeddable":true,"href":"https:\/\/www.diarioimagen.net\/index.php?rest_route=\/wp\/v2\/users\/14"}],"replies":[{"embeddable":true,"href":"https:\/\/www.diarioimagen.net\/index.php?rest_route=%2Fwp%2Fv2%2Fcomments&post=717539"}],"version-history":[{"count":1,"href":"https:\/\/www.diarioimagen.net\/index.php?rest_route=\/wp\/v2\/posts\/717539\/revisions"}],"predecessor-version":[{"id":717540,"href":"https:\/\/www.diarioimagen.net\/index.php?rest_route=\/wp\/v2\/posts\/717539\/revisions\/717540"}],"wp:attachment":[{"href":"https:\/\/www.diarioimagen.net\/index.php?rest_route=%2Fwp%2Fv2%2Fmedia&parent=717539"}],"wp:term":[{"taxonomy":"category","embeddable":true,"href":"https:\/\/www.diarioimagen.net\/index.php?rest_route=%2Fwp%2Fv2%2Fcategories&post=717539"},{"taxonomy":"post_tag","embeddable":true,"href":"https:\/\/www.diarioimagen.net\/index.php?rest_route=%2Fwp%2Fv2%2Ftags&post=717539"}],"curies":[{"name":"wp","href":"https:\/\/api.w.org\/{rel}","templated":true}]}}