{"id":717544,"date":"2026-04-27T20:43:43","date_gmt":"2026-04-28T02:43:43","guid":{"rendered":"https:\/\/www.diarioimagen.net\/?p=717544"},"modified":"2026-04-27T20:43:43","modified_gmt":"2026-04-28T02:43:43","slug":"csp-y-delfina-gomez-reactivan-obra-hidraulica-en-nezahualcoyotl","status":"publish","type":"post","link":"https:\/\/www.diarioimagen.net\/?p=717544","title":{"rendered":"CSP y Delfina G\u00f3mez reactivan  obra hidr\u00e1ulica en Nezahualc\u00f3yotl"},"content":{"rendered":"<ul>\n<li><strong>Protecci\u00f3n ante inundaciones<\/strong><\/li>\n<li><strong>El C\u00e1rcamo en el T\u00fanel Churubusco-Xochiaca refuerza el drenaje en la Zona Oriente del Edomex, una de las m\u00e1s vulnerables durante las lluvias<\/strong><\/li>\n<\/ul>\n<p>&nbsp;<\/p>\n<div id=\"attachment_717545\" style=\"width: 415px\" class=\"wp-caption alignnone\"><img loading=\"lazy\" decoding=\"async\" aria-describedby=\"caption-attachment-717545\" class=\"wp-image-717545 size-large\" src=\"https:\/\/www.diarioimagen.net\/wp-content\/uploads\/2026\/04\/EDOMEX-1-ok-14-405x270.jpg\" alt=\"\" width=\"405\" height=\"270\" srcset=\"https:\/\/www.diarioimagen.net\/wp-content\/uploads\/2026\/04\/EDOMEX-1-ok-14-405x270.jpg 405w, https:\/\/www.diarioimagen.net\/wp-content\/uploads\/2026\/04\/EDOMEX-1-ok-14-240x160.jpg 240w, https:\/\/www.diarioimagen.net\/wp-content\/uploads\/2026\/04\/EDOMEX-1-ok-14-768x511.jpg 768w, https:\/\/www.diarioimagen.net\/wp-content\/uploads\/2026\/04\/EDOMEX-1-ok-14.jpg 1500w\" sizes=\"auto, (max-width: 405px) 100vw, 405px\" \/><p id=\"caption-attachment-717545\" class=\"wp-caption-text\">La gobernadora Delfina G\u00f3mez \u00c1lvarez supervis\u00f3 la construcci\u00f3n del C\u00e1rcamo de Bombeo en la Lumbrera 2 del T\u00fanel Churubusco-Xochiaca, una obra estrat\u00e9gica impulsada con el respaldo de la Presidenta Claudia Sheinbaum Pardo.<\/p><\/div>\n<p>Nezahualc\u00f3yotl, Estado de M\u00e9xico.\u2013 Como parte del trabajo entre los Gobiernos de M\u00e9xico y Estado de M\u00e9xico, la maestra Delfina G\u00f3mez \u00c1lvarez supervis\u00f3 la construcci\u00f3n del C\u00e1rcamo de Bombeo en la Lumbrera 2 del T\u00fanel Churubusco-Xochiaca, una obra estrat\u00e9gica impulsada con el respaldo de la Presidenta Claudia Sheinbaum Pardo para reducir riesgos de inundaci\u00f3n en la Zona Oriente.<\/p>\n<p>Acompa\u00f1ada por Efra\u00edn Morales L\u00f3pez, Director General de la Comisi\u00f3n Nacional del Agua (CONAGUA), la Mandataria mexiquense constat\u00f3 los avances de esta infraestructura que beneficiar\u00e1 directamente a m\u00e1s de un mill\u00f3n de habitantes de los municipios de Nezahualc\u00f3yotl y La Paz, una regi\u00f3n que por a\u00f1os enfrent\u00f3 rezagos en materia de drenaje.<\/p>\n<p>Con una inversi\u00f3n de 2 millones 566 mil pesos por parte del Gobierno de M\u00e9xico, el proyecto forma parte de una estrategia integral para mejorar el sistema hidr\u00e1ulico del Valle de M\u00e9xico. Este inici\u00f3 en 2014, pero fue abandonado, por lo que se retom\u00f3 en esta administraci\u00f3n para atender una problem\u00e1tica hist\u00f3rica.<\/p>\n<p>\u201cDecirle a nuestra Presidenta que much\u00edsimas gracias, porque ella nos ha dado esta gran ense\u00f1anza de que trabajando en equipo se pueden lograr grandes cosas en beneficio de nuestra poblaci\u00f3n. Y no solamente se va a apoyar a m\u00e1s de un mill\u00f3n de habitantes que tiene Neza, sino tambi\u00e9n a toda la zona que limita con Ciudad Nezahualc\u00f3yotl\u201d, dijo la Maestra Delfina G\u00f3mez \u00c1lvarez.<\/p>\n<p>Durante el recorrido, la Gobernadora Delfina G\u00f3mez \u00c1lvarez tambi\u00e9n hizo un llamado a la ciudadan\u00eda a evitar tirar basura en calles y drenajes, ya que esta pr\u00e1ctica contribuye a obstrucciones que derivan en inundaciones, particularmente en zonas urbanas de alta densidad.<\/p>\n<p>&nbsp;<\/p>\n<p>&nbsp;<\/p>\n","protected":false},"excerpt":{"rendered":"<p>Protecci\u00f3n ante inundaciones El C\u00e1rcamo en el T\u00fanel Churubusco-Xochiaca refuerza el drenaje en la Zona Oriente del Edomex, una de las m\u00e1s vulnerables durante las lluvias &nbsp; Nezahualc\u00f3yotl, Estado de M\u00e9xico.\u2013 Como parte del trabajo entre los Gobiernos de M\u00e9xico y Estado de M\u00e9xico, la maestra Delfina G\u00f3mez \u00c1lvarez supervis\u00f3 la construcci\u00f3n del C\u00e1rcamo de [&hellip;]<\/p>\n","protected":false},"author":14,"featured_media":717545,"comment_status":"open","ping_status":"open","sticky":false,"template":"","format":"standard","meta":{"_monsterinsights_skip_tracking":false,"_monsterinsights_sitenote_active":false,"_monsterinsights_sitenote_note":"","_monsterinsights_sitenote_category":0,"footnotes":""},"categories":[5],"tags":[],"class_list":["post-717544","post","type-post","status-publish","format-standard","has-post-thumbnail","hentry","category-estado-de-mexico"],"_links":{"self":[{"href":"https:\/\/www.diarioimagen.net\/index.php?rest_route=\/wp\/v2\/posts\/717544","targetHints":{"allow":["GET"]}}],"collection":[{"href":"https:\/\/www.diarioimagen.net\/index.php?rest_route=\/wp\/v2\/posts"}],"about":[{"href":"https:\/\/www.diarioimagen.net\/index.php?rest_route=\/wp\/v2\/types\/post"}],"author":[{"embeddable":true,"href":"https:\/\/www.diarioimagen.net\/index.php?rest_route=\/wp\/v2\/users\/14"}],"replies":[{"embeddable":true,"href":"https:\/\/www.diarioimagen.net\/index.php?rest_route=%2Fwp%2Fv2%2Fcomments&post=717544"}],"version-history":[{"count":1,"href":"https:\/\/www.diarioimagen.net\/index.php?rest_route=\/wp\/v2\/posts\/717544\/revisions"}],"predecessor-version":[{"id":717546,"href":"https:\/\/www.diarioimagen.net\/index.php?rest_route=\/wp\/v2\/posts\/717544\/revisions\/717546"}],"wp:featuredmedia":[{"embeddable":true,"href":"https:\/\/www.diarioimagen.net\/index.php?rest_route=\/wp\/v2\/media\/717545"}],"wp:attachment":[{"href":"https:\/\/www.diarioimagen.net\/index.php?rest_route=%2Fwp%2Fv2%2Fmedia&parent=717544"}],"wp:term":[{"taxonomy":"category","embeddable":true,"href":"https:\/\/www.diarioimagen.net\/index.php?rest_route=%2Fwp%2Fv2%2Fcategories&post=717544"},{"taxonomy":"post_tag","embeddable":true,"href":"https:\/\/www.diarioimagen.net\/index.php?rest_route=%2Fwp%2Fv2%2Ftags&post=717544"}],"curies":[{"name":"wp","href":"https:\/\/api.w.org\/{rel}","templated":true}]}}