{"id":717638,"date":"2026-04-27T21:06:49","date_gmt":"2026-04-28T03:06:49","guid":{"rendered":"https:\/\/www.diarioimagen.net\/?p=717638"},"modified":"2026-04-27T21:06:49","modified_gmt":"2026-04-28T03:06:49","slug":"iran-acusa-a-eu-de-actuar-como-piratas-con-bloqueo-en-el-estrecho-de-ormuz","status":"publish","type":"post","link":"https:\/\/www.diarioimagen.net\/?p=717638","title":{"rendered":"Ir\u00e1n acusa a EU de actuar  como \u201cpiratas\u201d con bloqueo  en el Estrecho de Ormuz"},"content":{"rendered":"<p>&nbsp;<\/p>\n<ul>\n<li><strong>Incertidumbre sobre negociaciones de paz<\/strong><\/li>\n<li><strong>\u201cEs una amenaza la navegaci\u00f3n internacional\u201d, se\u00f1ala el embajador de Ir\u00e1n ante la ONU<\/strong><\/li>\n<\/ul>\n<p>&nbsp;<\/p>\n<div id=\"attachment_717639\" style=\"width: 416px\" class=\"wp-caption alignnone\"><img loading=\"lazy\" decoding=\"async\" aria-describedby=\"caption-attachment-717639\" class=\"wp-image-717639 size-large\" src=\"https:\/\/www.diarioimagen.net\/wp-content\/uploads\/2026\/04\/GUERRA-ok-2-406x270.jpg\" alt=\"\" width=\"406\" height=\"270\" srcset=\"https:\/\/www.diarioimagen.net\/wp-content\/uploads\/2026\/04\/GUERRA-ok-2-406x270.jpg 406w, https:\/\/www.diarioimagen.net\/wp-content\/uploads\/2026\/04\/GUERRA-ok-2-240x160.jpg 240w, https:\/\/www.diarioimagen.net\/wp-content\/uploads\/2026\/04\/GUERRA-ok-2-768x511.jpg 768w, https:\/\/www.diarioimagen.net\/wp-content\/uploads\/2026\/04\/GUERRA-ok-2.jpg 1500w\" sizes=\"auto, (max-width: 406px) 100vw, 406px\" \/><p id=\"caption-attachment-717639\" class=\"wp-caption-text\">Amir Saeid Iravani, embajador de Ir\u00e1n ante la ONU, acus\u00f3 a Estados Unidos de actuar como \u201cterroristas\u201d con el bloqueo naval en el Estrecho de Ormuz, ordenado por Donald Trump.<\/p><\/div>\n<p>El embajador de Ir\u00e1n ante la ONU, Amir Saeid Iravani, acus\u00f3 a Estados Unidos de actuar como \u00abpiratas\u00bb y \u00abterroristas\u00bb con el bloqueo naval ordenado por el presidente estadounidense, Donald Trump.<\/p>\n<p>\u201cLos Estados Unidos est\u00e1n actuando como piratas y terroristas que atacan a buques mercantes mediante la coacci\u00f3n y la intimidaci\u00f3n, secuestrando a la tripulaci\u00f3n, confiscando el barco y tomando a los tripulantes como rehenes\u201d, asegur\u00f3 el diplom\u00e1tico en una rueda de prensa en la sede de la ONU en Nueva York.<\/p>\n<p>Iravani tambi\u00e9n arremeti\u00f3 contra los pa\u00edses que hoy participaron en una sesi\u00f3n del Consejo de Seguridad sobre la protecci\u00f3n y la seguridad de las v\u00edas navegables en el \u00e1mbito mar\u00edtimo.<\/p>\n<p>\u201cEs lamentable que algunos miembros ignoren deliberadamente la imposici\u00f3n por parte de Estados Unidos de un bloqueo mar\u00edtimo que amenaza la navegaci\u00f3n internacional\u201d, critic\u00f3.<\/p>\n<p>Seg\u00fan Saeid, las medidas iran\u00edes en el estrecho de Ormuz, donde la naci\u00f3n persa mantiene un estricto control, tienen como objetivo \u201clograr un equilibrio adecuado entre los intereses de seguridad del Estado y la continuidad de la navegaci\u00f3n segura\u00bb en esta ruta, \u00aben un entorno de alto riesgo y vol\u00e1til\u201d.<\/p>\n<p>El iran\u00ed subray\u00f3 que el pa\u00eds norteamericano impuso un bloqueo mar\u00edtimo y ha \u00abllevado a cabo acciones ilegales\u00bb, incluyendo la incautaci\u00f3n de buques mercantes iran\u00edes en aguas internacionales y la detenci\u00f3n de la tripulaci\u00f3n.<\/p>\n<p>Adem\u00e1s, enfatiz\u00f3 que Ir\u00e1n no forma parte de la Convenci\u00f3n de la ONU sobre el Derecho del Mar de 1982, por lo que \u00abno est\u00e1 obligado por sus disposiciones basadas en el territorio\u00bb.<\/p>\n<p>&nbsp;<\/p>\n<p><strong>Ir\u00e1n ha tomado \u201cmedidas pr\u00e1cticas\u201d<\/strong><\/p>\n<p>&nbsp;<\/p>\n<p>Durante su intervenci\u00f3n previa ante el Consejo, asegur\u00f3 que Ir\u00e1n ha tomado \u201cmedidas pr\u00e1cticas\u201d coherentes con el derecho internacional para atender las nuevas amenazas contra la navegaci\u00f3n segura y mantener el paso constante de buques.<\/p>\n<p>\u201cLa responsabilidad ante toda interrupci\u00f3n, obstrucci\u00f3n u otra interferencia con v\u00edas mar\u00edtimas en el Golfo P\u00e9rsico y en el estrecho radica directamente en Estados Unidos y sus patrocinadores, cuya acci\u00f3n y estabilizaci\u00f3n han crispado tensiones y han hecho decaer la seguridad mar\u00edtima y la libertad de navegaci\u00f3n\u201d, asever\u00f3.<\/p>\n<p>Las negociaciones entre Estados Unidos e Ir\u00e1n siguen estancadas, y este fin de semana el ministro de Asuntos Exteriores iran\u00ed, Ab\u00e1s Araqch\u00ed, abandon\u00f3 Pakist\u00e1n sin mostrar intenci\u00f3n de conversar con Washington, que cancel\u00f3 a su vez el viaje a Islamabad de los enviados especiales de Trump, Steve Witkoff y Jared Kushner.<\/p>\n<p>Seg\u00fan el portal Axios, Ir\u00e1n ha presentado a Estados Unidos una nueva propuesta de negociaci\u00f3n para reabrir el estrecho de Ormuz y poner fin a la guerra y, a la vez, posponer las negociaciones sobre el programa nuclear de Teher\u00e1n para m\u00e1s adelante.<\/p>\n<p><strong>\u00a0<\/strong><\/p>\n<p><strong>El bloqueo s\u00f3lo es contra Ir\u00e1n<\/strong><\/p>\n<p>&nbsp;<\/p>\n<p>Por su parte, el secretario de Estado de Estados Unidos, Marco Rubio, defendi\u00f3 el bloqueo naval que el Comando Central mantiene desde hace m\u00e1s de 15 d\u00edas contra los puertos de Ir\u00e1n, en medio de incertidumbre sobre el futuro de negociaciones de paz con Teher\u00e1n.<\/p>\n<p>\u201cEl bloqueo no es un bloqueo contra el transporte mar\u00edtimo, es un bloqueo contra el transporte iran\u00ed\u201d, dijo Rubio en una entrevista exclusiva con la cadena Fox News.<\/p>\n<p>&nbsp;<\/p>\n<p><strong>\u00a0<\/strong><\/p>\n<p>&nbsp;<\/p>\n","protected":false},"excerpt":{"rendered":"<p>&nbsp; Incertidumbre sobre negociaciones de paz \u201cEs una amenaza la navegaci\u00f3n internacional\u201d, se\u00f1ala el embajador de Ir\u00e1n ante la ONU &nbsp; El embajador de Ir\u00e1n ante la ONU, Amir Saeid Iravani, acus\u00f3 a Estados Unidos de actuar como \u00abpiratas\u00bb y \u00abterroristas\u00bb con el bloqueo naval ordenado por el presidente estadounidense, Donald Trump. \u201cLos Estados Unidos [&hellip;]<\/p>\n","protected":false},"author":14,"featured_media":717639,"comment_status":"open","ping_status":"open","sticky":false,"template":"","format":"standard","meta":{"_monsterinsights_skip_tracking":false,"_monsterinsights_sitenote_active":false,"_monsterinsights_sitenote_note":"","_monsterinsights_sitenote_category":0,"footnotes":""},"categories":[9],"tags":[],"class_list":["post-717638","post","type-post","status-publish","format-standard","has-post-thumbnail","hentry","category-mundo"],"_links":{"self":[{"href":"https:\/\/www.diarioimagen.net\/index.php?rest_route=\/wp\/v2\/posts\/717638","targetHints":{"allow":["GET"]}}],"collection":[{"href":"https:\/\/www.diarioimagen.net\/index.php?rest_route=\/wp\/v2\/posts"}],"about":[{"href":"https:\/\/www.diarioimagen.net\/index.php?rest_route=\/wp\/v2\/types\/post"}],"author":[{"embeddable":true,"href":"https:\/\/www.diarioimagen.net\/index.php?rest_route=\/wp\/v2\/users\/14"}],"replies":[{"embeddable":true,"href":"https:\/\/www.diarioimagen.net\/index.php?rest_route=%2Fwp%2Fv2%2Fcomments&post=717638"}],"version-history":[{"count":1,"href":"https:\/\/www.diarioimagen.net\/index.php?rest_route=\/wp\/v2\/posts\/717638\/revisions"}],"predecessor-version":[{"id":717640,"href":"https:\/\/www.diarioimagen.net\/index.php?rest_route=\/wp\/v2\/posts\/717638\/revisions\/717640"}],"wp:featuredmedia":[{"embeddable":true,"href":"https:\/\/www.diarioimagen.net\/index.php?rest_route=\/wp\/v2\/media\/717639"}],"wp:attachment":[{"href":"https:\/\/www.diarioimagen.net\/index.php?rest_route=%2Fwp%2Fv2%2Fmedia&parent=717638"}],"wp:term":[{"taxonomy":"category","embeddable":true,"href":"https:\/\/www.diarioimagen.net\/index.php?rest_route=%2Fwp%2Fv2%2Fcategories&post=717638"},{"taxonomy":"post_tag","embeddable":true,"href":"https:\/\/www.diarioimagen.net\/index.php?rest_route=%2Fwp%2Fv2%2Ftags&post=717638"}],"curies":[{"name":"wp","href":"https:\/\/api.w.org\/{rel}","templated":true}]}}