{"id":717686,"date":"2026-04-28T20:39:39","date_gmt":"2026-04-29T02:39:39","guid":{"rendered":"https:\/\/www.diarioimagen.net\/?p=717686"},"modified":"2026-04-28T20:39:39","modified_gmt":"2026-04-29T02:39:39","slug":"la-bendita-locura-de-alicia-villarreal","status":"publish","type":"post","link":"https:\/\/www.diarioimagen.net\/?p=717686","title":{"rendered":"La \u201cBendita Locura\u201d de Alicia Villarreal  \u00a0"},"content":{"rendered":"<ul>\n<li><strong>Regresa al Auditorio Nacional<\/strong><\/li>\n<li><strong>Tras un exitoso cierre de a\u00f1o, \u201cLa Jefa\u201d del regional mexicano vuelve el pr\u00f3ximo 14 de mayo.<\/strong><\/li>\n<\/ul>\n<div id=\"attachment_717687\" style=\"width: 213px\" class=\"wp-caption alignnone\"><img loading=\"lazy\" decoding=\"async\" aria-describedby=\"caption-attachment-717687\" class=\"wp-image-717687 size-large\" src=\"https:\/\/www.diarioimagen.net\/wp-content\/uploads\/2026\/04\/ALICIA-01-203x270.jpeg\" alt=\"\" width=\"203\" height=\"270\" \/><p id=\"caption-attachment-717687\" class=\"wp-caption-text\">La \u201cBendita Locura\u201d de Alicia Villarreal<\/p><\/div>\n<p><em>Por: Asael Grande<\/em><\/p>\n<p>Alicia Villarreal anunci\u00f3 en conferencia de prensa, su nueva gira para el 2026 titulada \u201cBendita Locura\u201d. Tras el \u00e9xito de su tour anterior, \u201cDonde Todo Comenz\u00f3 2.0\u201d, la cantante regiomontana regresa a los escenarios para celebrar su trayectoria con una serie de presentaciones en M\u00e9xico y Estados Unidos.<\/p>\n<p>Tras un exitoso cierre de a\u00f1o, \u201cLa Jefa\u201d del regional mexicano anuncia su regreso al Auditorio Nacional el pr\u00f3ximo 14 de mayo. Una de las figuras m\u00e1s ic\u00f3nicas y queridas de la m\u00fasica norte\u00f1a y el regional mexicano est\u00e1 de vuelta. Alicia Villarreal ha anunciado oficialmente el inicio de su nueva gira titulada Bendita Locura, con la cual busca reafirmar su reinado en los escenarios m\u00e1s importantes de nuestro pa\u00eds.<\/p>\n<p>Tras haber cerrado con broche de oro su etapa anterior, Donde Todo Comenz\u00f3 2.0 a finales de 2025, la cantante regiomontana arranca este 2026 con una energ\u00eda renovada y una producci\u00f3n que promete recorrer sus m\u00e1s grandes \u00e9xitos, adem\u00e1s de presentar su material m\u00e1s reciente.<\/p>\n<p>En conferencia de prensa, Alicia Villarreal, quien contin\u00faa demostrando porqu\u00e9 es una de las compositoras m\u00e1s respetadas del g\u00e9nero, comparti\u00f3 que \u201c<em>estar\u00e9 este 14 de mayo en el Auditorio Nacional; hemos preparado un show bien bonito, vamos a tener invitados sorpresa, todas las canciones son importantes para esa noche, Bendita Locura involucra todo lo que me est\u00e1 sucediendo, y como buena creadora de producci\u00f3n creo que fue un perfecto t\u00edtulo, a aparte es una canci\u00f3n que da pie al nuevo disco, y las canciones en s\u00ed, toda la trayectoria que el p\u00fablico ha hecho en mi carrera como Alicia Villarreal, desde el Grupo L\u00edmite, ahora las canciones son lo importante, a veces quiero cantar canciones de otros artistas y me es imposible porque tengo demasiados \u00e9xitos que el p\u00fablico quiere escuchar que son de ellos, entonces el plus es la producci\u00f3n, los invitados sorpresa, las nuevas versiones, porque tambi\u00e9n para las nuevas versiones, estamos tratando de pegar con las nuevas generaciones que est\u00e1n escuchando otro tipo de m\u00fasica que, a final de cuentas el regional mexicano tiene un auge\u00a0 tremendo y es parte de nuestra cultura, por eso la Bendita Locura aparece en esta gira, porque es un mundo de emociones, pasamos por muchas etapas, tengo m\u00e1s de treinta a\u00f1os de carrera, as\u00ed que ser\u00e1 una experiencia ir al show con su g\u00fcerita consentida<\/em>\u201d.<\/p>\n<p>La \u201cg\u00fcerita consentida\u201d del regional mexicano, actualmente, se encuentra promocionando temas como \u201cMaldita Billetera\u201d, junto a Lila Downs, una canci\u00f3n que mantiene la esencia norte\u00f1a y el car\u00e1cter que la han definido durante d\u00e9cadas, conectando con las nuevas generaciones sin perder el estilo que la catapult\u00f3 a la fama mundial: \u201c<em>en el disco pasado, hay un tema que se llama \u2018Mejor que t\u00fa\u2019, un tema que fue dif\u00edcil grabarlo, me representaba en todos los aspectos, en ese momento, y a veces hay canciones en el show que son dif\u00edciles de interpretar, esta canci\u00f3n ha sido un parteaguas para poder darme cuenta que a veces necesitamos de una persona, y no es as\u00ed; a la Alicia del pasado le dir\u00eda que ha tenido mucha voluntad, y que realmente hace la lucha<\/em>\u201d.<\/p>\n<p>No te pierdas la oportunidad de vivir la Bendita Locura de Alicia Villarreal en vivo. Se presentar\u00e1 en el Auditorio Nacional el 14 de mayo de 2026 a las 20:30 horas. Se espera que incluya sus grandes \u00e9xitos tanto de su etapa solista como con Grupo L\u00edmite, tales como \u201cTe qued\u00f3 grande la yegua\u201d, \u201cAy papacito\u201d y \u201cSolo contigo\u201d.<\/p>\n<p>&nbsp;<\/p>\n<p>&nbsp;<\/p>\n<blockquote><p>Tras haber cerrado con broche de oro su etapa anterior, Donde Todo Comenz\u00f3 2.0 a finales de 2025.<\/p><\/blockquote>\n","protected":false},"excerpt":{"rendered":"<p>Regresa al Auditorio Nacional Tras un exitoso cierre de a\u00f1o, \u201cLa Jefa\u201d del regional mexicano vuelve el pr\u00f3ximo 14 de mayo. Por: Asael Grande Alicia Villarreal anunci\u00f3 en conferencia de prensa, su nueva gira para el 2026 titulada \u201cBendita Locura\u201d. Tras el \u00e9xito de su tour anterior, \u201cDonde Todo Comenz\u00f3 2.0\u201d, la cantante regiomontana regresa [&hellip;]<\/p>\n","protected":false},"author":14,"featured_media":717687,"comment_status":"open","ping_status":"open","sticky":false,"template":"","format":"standard","meta":{"_monsterinsights_skip_tracking":false,"_monsterinsights_sitenote_active":false,"_monsterinsights_sitenote_note":"","_monsterinsights_sitenote_category":0,"footnotes":""},"categories":[12],"tags":[],"class_list":["post-717686","post","type-post","status-publish","format-standard","has-post-thumbnail","hentry","category-espectaculos"],"_links":{"self":[{"href":"https:\/\/www.diarioimagen.net\/index.php?rest_route=\/wp\/v2\/posts\/717686","targetHints":{"allow":["GET"]}}],"collection":[{"href":"https:\/\/www.diarioimagen.net\/index.php?rest_route=\/wp\/v2\/posts"}],"about":[{"href":"https:\/\/www.diarioimagen.net\/index.php?rest_route=\/wp\/v2\/types\/post"}],"author":[{"embeddable":true,"href":"https:\/\/www.diarioimagen.net\/index.php?rest_route=\/wp\/v2\/users\/14"}],"replies":[{"embeddable":true,"href":"https:\/\/www.diarioimagen.net\/index.php?rest_route=%2Fwp%2Fv2%2Fcomments&post=717686"}],"version-history":[{"count":1,"href":"https:\/\/www.diarioimagen.net\/index.php?rest_route=\/wp\/v2\/posts\/717686\/revisions"}],"predecessor-version":[{"id":717688,"href":"https:\/\/www.diarioimagen.net\/index.php?rest_route=\/wp\/v2\/posts\/717686\/revisions\/717688"}],"wp:featuredmedia":[{"embeddable":true,"href":"https:\/\/www.diarioimagen.net\/index.php?rest_route=\/wp\/v2\/media\/717687"}],"wp:attachment":[{"href":"https:\/\/www.diarioimagen.net\/index.php?rest_route=%2Fwp%2Fv2%2Fmedia&parent=717686"}],"wp:term":[{"taxonomy":"category","embeddable":true,"href":"https:\/\/www.diarioimagen.net\/index.php?rest_route=%2Fwp%2Fv2%2Fcategories&post=717686"},{"taxonomy":"post_tag","embeddable":true,"href":"https:\/\/www.diarioimagen.net\/index.php?rest_route=%2Fwp%2Fv2%2Ftags&post=717686"}],"curies":[{"name":"wp","href":"https:\/\/api.w.org\/{rel}","templated":true}]}}