{"id":717701,"date":"2026-04-28T21:12:09","date_gmt":"2026-04-29T03:12:09","guid":{"rendered":"https:\/\/www.diarioimagen.net\/?p=717701"},"modified":"2026-04-28T21:12:09","modified_gmt":"2026-04-29T03:12:09","slug":"inaugura-el-gobierno-de-tlalnepantla-cocina-del-bienestar-en-buenaventura","status":"publish","type":"post","link":"https:\/\/www.diarioimagen.net\/?p=717701","title":{"rendered":"Inaugura el gobierno de Tlalnepantla\u00a0Cocina del Bienestar en Buenaventura"},"content":{"rendered":"<div id=\"attachment_717702\" style=\"width: 415px\" class=\"wp-caption alignnone\"><img loading=\"lazy\" decoding=\"async\" aria-describedby=\"caption-attachment-717702\" class=\"wp-image-717702 size-large\" src=\"https:\/\/www.diarioimagen.net\/wp-content\/uploads\/2026\/04\/BAENA-4-ok-16-405x270.jpg\" alt=\"\" width=\"405\" height=\"270\" srcset=\"https:\/\/www.diarioimagen.net\/wp-content\/uploads\/2026\/04\/BAENA-4-ok-16-405x270.jpg 405w, https:\/\/www.diarioimagen.net\/wp-content\/uploads\/2026\/04\/BAENA-4-ok-16-240x160.jpg 240w, https:\/\/www.diarioimagen.net\/wp-content\/uploads\/2026\/04\/BAENA-4-ok-16-768x511.jpg 768w, https:\/\/www.diarioimagen.net\/wp-content\/uploads\/2026\/04\/BAENA-4-ok-16.jpg 1500w\" sizes=\"auto, (max-width: 405px) 100vw, 405px\" \/><p id=\"caption-attachment-717702\" class=\"wp-caption-text\">Inaugura el gobierno de Tlalnepantla\u00a0Cocina del Bienestar en Buenaventura<\/p><\/div>\n<p>&nbsp;<\/p>\n<p>&nbsp;<\/p>\n<p>Tlalnepantla, M\u00e9x.- Con la finalidad de combatir la carencia alimentaria y apoyar el bolsillo de las familias, el alcalde Raciel P\u00e9rez Cruz inaugur\u00f3 formalmente la Cocina del Bienestar en la comunidad de San Buenaventura. Este proyecto representa la recuperaci\u00f3n estrat\u00e9gica de un espacio p\u00fablico que ha sido transformado en un comedor comunitario equipado, donde se ofrecer\u00e1n comidas completas y nutritivas a un costo accesible para los habitantes de la zona. La puesta en marcha de esta cocina responde a la necesidad de fortalecer los lazos de solidaridad vecinal y asegurar que ning\u00fan sector de la poblaci\u00f3n se quede atr\u00e1s en el acceso a sus derechos b\u00e1sicos.<\/p>\n<p>&nbsp;<\/p>\n<p>&nbsp;<\/p>\n","protected":false},"excerpt":{"rendered":"<p>&nbsp; &nbsp; Tlalnepantla, M\u00e9x.- Con la finalidad de combatir la carencia alimentaria y apoyar el bolsillo de las familias, el alcalde Raciel P\u00e9rez Cruz inaugur\u00f3 formalmente la Cocina del Bienestar en la comunidad de San Buenaventura. Este proyecto representa la recuperaci\u00f3n estrat\u00e9gica de un espacio p\u00fablico que ha sido transformado en un comedor comunitario equipado, [&hellip;]<\/p>\n","protected":false},"author":14,"featured_media":717702,"comment_status":"open","ping_status":"open","sticky":false,"template":"","format":"standard","meta":{"_monsterinsights_skip_tracking":false,"_monsterinsights_sitenote_active":false,"_monsterinsights_sitenote_note":"","_monsterinsights_sitenote_category":0,"footnotes":""},"categories":[5],"tags":[],"class_list":["post-717701","post","type-post","status-publish","format-standard","has-post-thumbnail","hentry","category-estado-de-mexico"],"_links":{"self":[{"href":"https:\/\/www.diarioimagen.net\/index.php?rest_route=\/wp\/v2\/posts\/717701","targetHints":{"allow":["GET"]}}],"collection":[{"href":"https:\/\/www.diarioimagen.net\/index.php?rest_route=\/wp\/v2\/posts"}],"about":[{"href":"https:\/\/www.diarioimagen.net\/index.php?rest_route=\/wp\/v2\/types\/post"}],"author":[{"embeddable":true,"href":"https:\/\/www.diarioimagen.net\/index.php?rest_route=\/wp\/v2\/users\/14"}],"replies":[{"embeddable":true,"href":"https:\/\/www.diarioimagen.net\/index.php?rest_route=%2Fwp%2Fv2%2Fcomments&post=717701"}],"version-history":[{"count":1,"href":"https:\/\/www.diarioimagen.net\/index.php?rest_route=\/wp\/v2\/posts\/717701\/revisions"}],"predecessor-version":[{"id":717703,"href":"https:\/\/www.diarioimagen.net\/index.php?rest_route=\/wp\/v2\/posts\/717701\/revisions\/717703"}],"wp:featuredmedia":[{"embeddable":true,"href":"https:\/\/www.diarioimagen.net\/index.php?rest_route=\/wp\/v2\/media\/717702"}],"wp:attachment":[{"href":"https:\/\/www.diarioimagen.net\/index.php?rest_route=%2Fwp%2Fv2%2Fmedia&parent=717701"}],"wp:term":[{"taxonomy":"category","embeddable":true,"href":"https:\/\/www.diarioimagen.net\/index.php?rest_route=%2Fwp%2Fv2%2Fcategories&post=717701"},{"taxonomy":"post_tag","embeddable":true,"href":"https:\/\/www.diarioimagen.net\/index.php?rest_route=%2Fwp%2Fv2%2Ftags&post=717701"}],"curies":[{"name":"wp","href":"https:\/\/api.w.org\/{rel}","templated":true}]}}