{"id":717704,"date":"2026-04-28T21:13:30","date_gmt":"2026-04-29T03:13:30","guid":{"rendered":"https:\/\/www.diarioimagen.net\/?p=717704"},"modified":"2026-04-28T21:13:30","modified_gmt":"2026-04-29T03:13:30","slug":"mexico-es-a-todo-dar-o-no-carlos-macias","status":"publish","type":"post","link":"https:\/\/www.diarioimagen.net\/?p=717704","title":{"rendered":"\u201cM\u00e9xico es a todo dar\u201d\u2026\u00a0 \u00bfo no\u00a0 Carlos Mac\u00edas?"},"content":{"rendered":"<ul>\n<li><strong>En medio del caos, el artista pone un alto <\/strong><\/li>\n<li><strong>Un tema conmovedor, que te apasiona y te hace llorar<\/strong><\/li>\n<\/ul>\n<p><img loading=\"lazy\" decoding=\"async\" class=\"alignnone wp-image-717705 size-large\" src=\"https:\/\/www.diarioimagen.net\/wp-content\/uploads\/2026\/04\/CARLOS01-163x270.jpeg\" alt=\"\" width=\"163\" height=\"270\" srcset=\"https:\/\/www.diarioimagen.net\/wp-content\/uploads\/2026\/04\/CARLOS01-163x270.jpeg 163w, https:\/\/www.diarioimagen.net\/wp-content\/uploads\/2026\/04\/CARLOS01-145x240.jpeg 145w, https:\/\/www.diarioimagen.net\/wp-content\/uploads\/2026\/04\/CARLOS01-768x1270.jpeg 768w, https:\/\/www.diarioimagen.net\/wp-content\/uploads\/2026\/04\/CARLOS01-929x1536.jpeg 929w, https:\/\/www.diarioimagen.net\/wp-content\/uploads\/2026\/04\/CARLOS01.jpeg 1134w\" sizes=\"auto, (max-width: 163px) 100vw, 163px\" \/><\/p>\n<p>Y es que si bien es cierto que hoy con tantas opciones digitales muchos artistas quieren probar m\u00e1s avances tecnol\u00f3gicos m\u00e1s importantes, aunque poco les importe la esencia de la m\u00fasica y de su profesi\u00f3n, el gran Carlos Mac\u00edas pone un alto y les dice a todos los mexicanos y extranjeros, artistas y p\u00fablico, que: \u201cM\u00e9xico es a todo dar\u201d.<\/p>\n<p>&nbsp;<\/p>\n<p>Se trata de un tema conmovedor, que te apasiona, te hace llorar, pero que sobre todo todo te hace sentirte orgulloso de nuestro pa\u00eds, de nuestra comida, de nuestra vestimenta, de nuestra costumbre, de nuestros artistas, deportistas y de todo lo que M\u00e9xico representa.<\/p>\n<p>&nbsp;<\/p>\n<p>Lo mismo hace referencia al maestro Manzanero que al legado de Roberto Cantoral, Frida, el Santo y Julio C\u00e9sar Ch\u00e1vez.<\/p>\n<p>&nbsp;<\/p>\n<p>\u201cM\u00e9xico es a todo dar\u201d m\u00e1s que una canci\u00f3n es un himno que hace brillar mucho m\u00e1s nuestras trajineras, nuestro Ca\u00f1\u00f3n del sumidero, nuestro Tenampa, nuestro mariachi, es que la hermosura de M\u00e9xico es incalculable.<\/p>\n<p>&nbsp;<\/p>\n<p>Sin lugar a dudas, estamos frente a una canci\u00f3n llena de simbolismos, amor, fe y mucha esperanza. La tonada dif\u00edcilmente la dejar\u00e1s pasar de largo, el coro lo recordar\u00e1s todo el d\u00eda y las im\u00e1genes te traer\u00e1n recuerdos imborrables.<\/p>\n<p>&nbsp;<\/p>\n<p>\u201cM\u00e9xico es a todo dar\u201d ya est\u00e1 en todas las plataformas y los invitamos a que la escuchen y la vean, porque hasta hoy es el mejor trabajo l\u00edrico musical del gran cantautor Carlos Mac\u00edas.<\/p>\n<p>&nbsp;<\/p>\n<p>Y recuerden que este 21 de mayo a las 20:30. Hrs Carlos Mac\u00edas ofrecer\u00e1 un concierto ic\u00f3nico en el Centro Roberto Cantoral!!!<\/p>\n","protected":false},"excerpt":{"rendered":"<p>En medio del caos, el artista pone un alto Un tema conmovedor, que te apasiona y te hace llorar Y es que si bien es cierto que hoy con tantas opciones digitales muchos artistas quieren probar m\u00e1s avances tecnol\u00f3gicos m\u00e1s importantes, aunque poco les importe la esencia de la m\u00fasica y de su profesi\u00f3n, el [&hellip;]<\/p>\n","protected":false},"author":14,"featured_media":717705,"comment_status":"open","ping_status":"open","sticky":false,"template":"","format":"standard","meta":{"_monsterinsights_skip_tracking":false,"_monsterinsights_sitenote_active":false,"_monsterinsights_sitenote_note":"","_monsterinsights_sitenote_category":0,"footnotes":""},"categories":[12],"tags":[],"class_list":["post-717704","post","type-post","status-publish","format-standard","has-post-thumbnail","hentry","category-espectaculos"],"_links":{"self":[{"href":"https:\/\/www.diarioimagen.net\/index.php?rest_route=\/wp\/v2\/posts\/717704","targetHints":{"allow":["GET"]}}],"collection":[{"href":"https:\/\/www.diarioimagen.net\/index.php?rest_route=\/wp\/v2\/posts"}],"about":[{"href":"https:\/\/www.diarioimagen.net\/index.php?rest_route=\/wp\/v2\/types\/post"}],"author":[{"embeddable":true,"href":"https:\/\/www.diarioimagen.net\/index.php?rest_route=\/wp\/v2\/users\/14"}],"replies":[{"embeddable":true,"href":"https:\/\/www.diarioimagen.net\/index.php?rest_route=%2Fwp%2Fv2%2Fcomments&post=717704"}],"version-history":[{"count":1,"href":"https:\/\/www.diarioimagen.net\/index.php?rest_route=\/wp\/v2\/posts\/717704\/revisions"}],"predecessor-version":[{"id":717706,"href":"https:\/\/www.diarioimagen.net\/index.php?rest_route=\/wp\/v2\/posts\/717704\/revisions\/717706"}],"wp:featuredmedia":[{"embeddable":true,"href":"https:\/\/www.diarioimagen.net\/index.php?rest_route=\/wp\/v2\/media\/717705"}],"wp:attachment":[{"href":"https:\/\/www.diarioimagen.net\/index.php?rest_route=%2Fwp%2Fv2%2Fmedia&parent=717704"}],"wp:term":[{"taxonomy":"category","embeddable":true,"href":"https:\/\/www.diarioimagen.net\/index.php?rest_route=%2Fwp%2Fv2%2Fcategories&post=717704"},{"taxonomy":"post_tag","embeddable":true,"href":"https:\/\/www.diarioimagen.net\/index.php?rest_route=%2Fwp%2Fv2%2Ftags&post=717704"}],"curies":[{"name":"wp","href":"https:\/\/api.w.org\/{rel}","templated":true}]}}