{"id":717710,"date":"2026-04-28T21:16:43","date_gmt":"2026-04-29T03:16:43","guid":{"rendered":"https:\/\/www.diarioimagen.net\/?p=717710"},"modified":"2026-04-28T21:16:43","modified_gmt":"2026-04-29T03:16:43","slug":"la-gobernadora-de-chihuahua-se-nego-a-ser-victima-en-un-espectaculo-de-circo","status":"publish","type":"post","link":"https:\/\/www.diarioimagen.net\/?p=717710","title":{"rendered":"La gobernadora de Chihuahua se neg\u00f3  a ser v\u00edctima en un espect\u00e1culo de circo\u00a0"},"content":{"rendered":"<p><strong>\u00a0<\/strong><\/p>\n<p><strong>CLASE POLITICA\u00a0 <\/strong>Miguel \u00c1ngel Rivera<\/p>\n<p>&nbsp;<\/p>\n<p><strong>\u00a0<\/strong><\/p>\n<p>&nbsp;<\/p>\n<p>Como qued\u00f3 establecido desde un principio, la gobernadora de Chihuahua, Mar\u00eda Eugenia Campos Galv\u00e1n, como cualquier otro mandatario estatal, no est\u00e1 obligada a comparecer ante el Senado. En consecuencia, declin\u00f3 la \u201camable\u201d invitaci\u00f3n de los legisladores federales y no apareci\u00f3 ayer en el edificio de Reforma e Insurgentes.<\/p>\n<p>La gobernante, conocida m\u00e1s como Maru Campos ha sido reiteradamente censurada desde las filas del oficialismo por supuestamente violar la soberan\u00eda nacional, al permitir que agentes extranjeros, concretamente de los Estados Unidos, participaran en un operativo para destruir un enorme laboratorio dedicado a la producci\u00f3n ilegal de enervantes, b\u00e1sicamente fentanilo, destinada a los consumidores del vecino pa\u00eds del norte.<\/p>\n<p>Un cronista taurino dir\u00eda que la decisi\u00f3n de la mandataria norte\u00f1a decepcion\u00f3 al \u201crespetable\u201d, pues como no hab\u00eda leyes aplicables en contra de la gobernadora, se le ha condenado desde todos los rumbos de la llamada Cuarta Transformaci\u00f3n y por lo tanto su eventual aparici\u00f3n en el Senado estaba dise\u00f1ada como un espect\u00e1culo destinado a satisfacer el morbo de las galer\u00edas. Vaya, todo un circo romano, con escenas que ser\u00edan multiplicadas por el enorme aparato de propaganda del r\u00e9gimen.<\/p>\n<p>Eso s\u00ed, la pol\u00edtica chihuahuense procur\u00f3 no aparecer como grosera ante la \u201camable\u201d invitaci\u00f3n de los senadores, por lo que les comunic\u00f3 oportunamente su decisi\u00f3n de no atender su propuesta.<\/p>\n<p>En una comunicaci\u00f3n oficial, el gobierno del estado justific\u00f3 que Maru Campos declin\u00f3 participar en la reuni\u00f3n de trabajo para no comprometer las investigaciones en curso.<\/p>\n<p>La decisi\u00f3n fue notificada mediante oficio dirigido a la senadora Mar\u00eda Martina Kant\u00fan Can, secretaria de la Mesa Directiva del Senado. Precis\u00f3 que su asistencia podr\u00eda comprometer informaci\u00f3n sensible relacionada con una investigaci\u00f3n en curso sobre el desmantelamiento de un narco-laboratorio en el municipio de Morelos.<\/p>\n<p>Con anterioridad, el gobierno chihuahuense hab\u00eda respondido a las denuncias sobre su supuesta responsabilidad al permitir que los agentes extranjeros que, seg\u00fan versiones period\u00edsticas, pertenec\u00edan a la Agencia Central de Inteligencia (CIA) participaran directamente en el operativo para destruir el narco laboratorio. El fiscal del estado,\u00a0C\u00e9sar J\u00e1uregui Moreno, asegur\u00f3 en principio que la colaboraci\u00f3n de los agentes estadounidenses se limit\u00f3 a intercambio de informaci\u00f3n, pero que no actuaron.<\/p>\n<p>La justificaci\u00f3n fue invalidada por el gobierno federal. En particular, la presidenta (con A)\u00a0Claudia Sheinbaum Pardo sostuvo la versi\u00f3n de que las autoridades de Chihuahua hab\u00edan permitido la violaci\u00f3n a la soberan\u00eda nacional<\/p>\n<p>El resultado fue que J\u00e1uregui renunci\u00f3 a su cargo,\u00a0tras presentar los primeros resultados por parte de la comisi\u00f3n se integr\u00f3 por \u00f3rdenes de la gobernadora para tratar de esclarecer los aspectos oscuros en torno a esta acci\u00f3n, poco despu\u00e9s de la cual murieron cuatro agentes, dos extranjeros y dos nacionales en un accidente automovil\u00edstico.<\/p>\n<p>A fin de cuentas, todo qued\u00f3 lejos de los escenarios p\u00fablicos. Los avances, si los hay, en las investigaciones se conocer\u00e1n si acaso en conferencias de prensa, sino es que s\u00f3lo mediante comunicados oficiales, ya sea del gobierno federal o del estatal. Para decepci\u00f3n de la galer\u00eda, se cancel\u00f3 el espect\u00e1culo.<\/p>\n<p>&nbsp;<\/p>\n<p>&nbsp;<\/p>\n<p><strong>Alguien hace quedar mal a la presidenta Sheinbaum<\/strong><\/p>\n<p>&nbsp;<\/p>\n<p>Contrario a lo que sosten\u00eda su antecesor y gu\u00eda, el caudillo de Macuspana, de que el Presidente de la Rep\u00fablica es el mexicano mejor informado, al grado de \u201csaber todo\u201d, la presidenta Sheinbaum ha admitido en sus conferencias matutinas ignorancia en algunos asuntos, aunque procura llenar esos vac\u00edos lo antes posible.<\/p>\n<p>Lo que ya no resulta tan com\u00fan, es que la jefa del Ejecutivo tenga que hacer aclaraciones por haber recibido informaci\u00f3n incompleta o posiblemente err\u00f3nea.<\/p>\n<p>El ejemplo m\u00e1s reciente de lo anterior ocurri\u00f3 en lo que va de la semana y la rectificaci\u00f3n fue necesaria en uno de los temas m\u00e1s sensibles para\u00a0la llamada Cuarta Transformaci\u00f3n: el empleo.<\/p>\n<p>En efecto, de manera reiterada la encargada de la construcci\u00f3n del segundo piso de la 4T ha destacado de manera reiterada que durante su administraci\u00f3n M\u00e9xico est\u00e1 entre los primeros sitios en el \u00e1mbito mundial por su bajo nivel de desempleo.<\/p>\n<p>Por ejemplo, el 30 de enero de 2025, cuando ten\u00eda menos de medio a\u00f1o al frente del gobierno nacional, la Presidenta sostuvo que, seg\u00fan datos hasta diciembre del 2024, M\u00e9xico era el pa\u00eds con menos desempleo comparado con Jap\u00f3n, Alemania, Pa\u00edses Bajos, Australia, Estados Unidos, Irlanda, Austria, Italia, B\u00e9lgica, Francia, Suecia, Finlandia, Espa\u00f1a\u00bb.<\/p>\n<p>Sheinbaum explic\u00f3 que son datos del Instituto Nacional de Estad\u00edstica, Geograf\u00eda e Inform\u00e1tica (Inegi), y que lo exhibe ante los que dicen que la econom\u00eda mexicana va \u201cmuy mal\u201d.<\/p>\n<p>\u201cEste es un dato, no del gobierno, sino del Inegi que sali\u00f3 el d\u00eda de ayer, es un dato muy bueno por ah\u00ed por los que est\u00e1n diciendo que la econom\u00eda en M\u00e9xico est\u00e1 muy mal, todo lo contrario, es muy fuerte la econom\u00eda mexicana y este es uno de los datos m\u00e1s importantes para establecer c\u00f3mo va caminando una econom\u00eda en un pa\u00eds\u00bb, presumi\u00f3 la mandataria.<\/p>\n<p>Adem\u00e1s, se\u00f1al\u00f3 que el \u00faltimo mes del a\u00f1o anterior (2024) se perdieron 684 mil empleos en el sector formal e informal en M\u00e9xico, luego de los 580 mil creados en octubre y noviembre.<\/p>\n<p>Apenas un d\u00eda antes el Inegi hab\u00eda reportado que la tasa de desempleo en el pa\u00eds se ubic\u00f3 en diciembre anterior en 2.4% de la poblaci\u00f3n econ\u00f3micamente activa (PEA), la m\u00e1s baja desde que existen registros para un cierre de a\u00f1o.<\/p>\n<p>En diciembre siguiente (2025), Sheinbaum insisti\u00f3 en el tema con su tono triunfal. Afirm\u00f3 que el pa\u00eds finalizaba el a\u00f1o como el segundo con menor tasa de desempleo en el mundo, solo por debajo de Jap\u00f3n, de acuerdo con cifras oficiales y comparativos internacionales.<\/p>\n<p>El anuncio fue realizado a trav\u00e9s de redes sociales y respaldado por datos estad\u00edsticos que colocan a M\u00e9xico por encima de econom\u00edas desarrolladas como Estados Unidos, Alemania y Francia, en t\u00e9rminos de baja desocupaci\u00f3n laboral. La mandataria subray\u00f3 que este resultado es reflejo directo de las pol\u00edticas econ\u00f3micas implementadas durante los \u00faltimos a\u00f1os e insisti\u00f3 en que M\u00e9xico registra uno de los mercados laborales m\u00e1s din\u00e1micos a nivel global.<\/p>\n<p>Las cifras correspondientes a M\u00e9xico surgieron tambi\u00e9n del Instituto Nacional de Estad\u00edstica y Geograf\u00eda (Inegi), que en su \u00faltimo reporte confirm\u00f3 que la desocupaci\u00f3n se mantuvo estable durante los \u00faltimos meses del a\u00f1o.<\/p>\n<p>Seg\u00fan el Inegi, en octubre de 2025 la tasa de desempleo en M\u00e9xico fue de 2.6% de la poblaci\u00f3n econ\u00f3micamente activa (PEA). Esto representa aproximadamente 1.6 millones de personas desocupadas en un universo laboral de 62.5 millones.<\/p>\n<p>El organismo detall\u00f3 que la tasa de participaci\u00f3n laboral alcanz\u00f3 el 59.9%, lo que significa que m\u00e1s mexicanos se incorporaron al mercado de trabajo respecto al mismo periodo de 2024. En t\u00e9rminos absolutos, la poblaci\u00f3n activa aument\u00f3 en 1.1 millones de personas.<\/p>\n<p>El concentrado optimismo se olvid\u00f3 moment\u00e1neamente, en d\u00edas recientes. Apenas el lunes 27,\u00a0la presidenta Claudia Sheinbaum inform\u00f3 que M\u00e9xico registr\u00f3 una p\u00e9rdida de 227 mil empleos formales, de los cuales 189 mil corresponden a mujeres.<\/p>\n<p>Precis\u00f3 que en la industria automotriz se registr\u00f3 una disminuci\u00f3n en la producci\u00f3n de autos el\u00e9ctricos para exportaci\u00f3n, lo que impact\u00f3 el empleo sin implicar el cierre de plantas.<\/p>\n<p>Sorpresivo el anuncio, pero m\u00e1s result\u00f3 que apenas un d\u00eda despu\u00e9s, ayer martes, la jefa del Ejecutivo corrigi\u00f3: el empleo formal s\u00ed creci\u00f3 en 2026, en particular, el IMSS reporta 207 mil nuevos puestos.<\/p>\n<p>\u00bfPor qu\u00e9 el cambio tan repentino? \u00bfQui\u00e9n enga\u00f1\u00f3 a la Presidenta o le dio datos equivocados?<\/p>\n<p>Por lo dem\u00e1s, es de recordar que los especialistas en la materia advierten que no debe prevalecer el optimismo, pues si bien es muy alto el porcentaje de quienes dicen tener trabajo, eso no significa que sean empleos de calidad,\u00a0ya que una parte importante de la poblaci\u00f3n ocupada vive en condiciones de informalidad.<\/p>\n<p>En particular, en esta materia, el Inegi report\u00f3 que en julio de 2025 los trabajadores informales sumaron 33.9 millones, lo que elev\u00f3 la tasa de informalidad al 55.7%.<\/p>\n<p>Nada para alegrarse.<\/p>\n<p>&nbsp;<\/p>\n<p>&nbsp;<\/p>\n","protected":false},"excerpt":{"rendered":"<p>\u00a0 CLASE POLITICA\u00a0 Miguel \u00c1ngel Rivera &nbsp; \u00a0 &nbsp; Como qued\u00f3 establecido desde un principio, la gobernadora de Chihuahua, Mar\u00eda Eugenia Campos Galv\u00e1n, como cualquier otro mandatario estatal, no est\u00e1 obligada a comparecer ante el Senado. En consecuencia, declin\u00f3 la \u201camable\u201d invitaci\u00f3n de los legisladores federales y no apareci\u00f3 ayer en el edificio de Reforma [&hellip;]<\/p>\n","protected":false},"author":14,"featured_media":0,"comment_status":"open","ping_status":"open","sticky":false,"template":"","format":"standard","meta":{"_monsterinsights_skip_tracking":false,"_monsterinsights_sitenote_active":false,"_monsterinsights_sitenote_note":"","_monsterinsights_sitenote_category":0,"footnotes":""},"categories":[84119,4],"tags":[],"class_list":["post-717710","post","type-post","status-publish","format-standard","hentry","category-miguel-angel-rivera","category-opinion"],"_links":{"self":[{"href":"https:\/\/www.diarioimagen.net\/index.php?rest_route=\/wp\/v2\/posts\/717710","targetHints":{"allow":["GET"]}}],"collection":[{"href":"https:\/\/www.diarioimagen.net\/index.php?rest_route=\/wp\/v2\/posts"}],"about":[{"href":"https:\/\/www.diarioimagen.net\/index.php?rest_route=\/wp\/v2\/types\/post"}],"author":[{"embeddable":true,"href":"https:\/\/www.diarioimagen.net\/index.php?rest_route=\/wp\/v2\/users\/14"}],"replies":[{"embeddable":true,"href":"https:\/\/www.diarioimagen.net\/index.php?rest_route=%2Fwp%2Fv2%2Fcomments&post=717710"}],"version-history":[{"count":1,"href":"https:\/\/www.diarioimagen.net\/index.php?rest_route=\/wp\/v2\/posts\/717710\/revisions"}],"predecessor-version":[{"id":717711,"href":"https:\/\/www.diarioimagen.net\/index.php?rest_route=\/wp\/v2\/posts\/717710\/revisions\/717711"}],"wp:attachment":[{"href":"https:\/\/www.diarioimagen.net\/index.php?rest_route=%2Fwp%2Fv2%2Fmedia&parent=717710"}],"wp:term":[{"taxonomy":"category","embeddable":true,"href":"https:\/\/www.diarioimagen.net\/index.php?rest_route=%2Fwp%2Fv2%2Fcategories&post=717710"},{"taxonomy":"post_tag","embeddable":true,"href":"https:\/\/www.diarioimagen.net\/index.php?rest_route=%2Fwp%2Fv2%2Ftags&post=717710"}],"curies":[{"name":"wp","href":"https:\/\/api.w.org\/{rel}","templated":true}]}}