{"id":717721,"date":"2026-04-28T21:24:18","date_gmt":"2026-04-29T03:24:18","guid":{"rendered":"https:\/\/www.diarioimagen.net\/?p=717721"},"modified":"2026-04-28T21:24:18","modified_gmt":"2026-04-29T03:24:18","slug":"dudas-y-esperanza-aguirre-convoca-20-de-liga-mx-para-fogueo","status":"publish","type":"post","link":"https:\/\/www.diarioimagen.net\/?p=717721","title":{"rendered":"\u00a1Dudas y esperanza! Aguirre convoca 20 de Liga MX para fogueo"},"content":{"rendered":"<ul>\n<li><strong>Solo 12 base; \u00bfsuficiente contra potencias? Chivas lidera con 5<\/strong><\/li>\n<li><strong>Doble perd\u00f3n FIFA en amarillas y alerta trata en el Mundial casero<\/strong><\/li>\n<\/ul>\n<div id=\"attachment_717722\" style=\"width: 415px\" class=\"wp-caption alignnone\"><img loading=\"lazy\" decoding=\"async\" aria-describedby=\"caption-attachment-717722\" class=\"wp-image-717722 size-large\" src=\"https:\/\/www.diarioimagen.net\/wp-content\/uploads\/2026\/04\/MUNDIAL01-ok-16-405x270.jpg\" alt=\"\" width=\"405\" height=\"270\" srcset=\"https:\/\/www.diarioimagen.net\/wp-content\/uploads\/2026\/04\/MUNDIAL01-ok-16-405x270.jpg 405w, https:\/\/www.diarioimagen.net\/wp-content\/uploads\/2026\/04\/MUNDIAL01-ok-16-240x160.jpg 240w, https:\/\/www.diarioimagen.net\/wp-content\/uploads\/2026\/04\/MUNDIAL01-ok-16-768x512.jpg 768w, https:\/\/www.diarioimagen.net\/wp-content\/uploads\/2026\/04\/MUNDIAL01-ok-16.jpg 1500w\" sizes=\"auto, (max-width: 405px) 100vw, 405px\" \/><p id=\"caption-attachment-717722\" class=\"wp-caption-text\">El &#8216;Vasco&#8217; Aguirre; su jerarqu\u00eda es la \u00faltima carta de la FMF para evitar un fracaso en casa.<\/p><\/div>\n<p><strong>Por Arturo Arellano<\/strong><\/p>\n<p>&nbsp;<\/p>\n<p>\u00bfEsta la lista que nos va a llevar al quinto partido? Javier Aguirre digna el anuncio un d\u00eda tarde, con 20 de Liga MX que suenan a conformismo puro. Chivas manda cuatro base, Doce \u00abfijos\u00bb para amistosos y sparrings de relleno; suena m\u00e1s a un experimento riesgoso, que una l\u00f3gica que nos tape la boca. La FIFA al menos salva el drama con doble amnist\u00eda amarilla, \u00a1bravo! Pero, por otro lado, la trata de personas&#8230; con millones viniendo y 96% sin denuncia, nos empuja a la incredulidad total sobre este torneo, pero so\u00f1emos: si la Hormiga pica y Vega vuela, quiz\u00e1s nos den la campanada. \u00a1Vasco, sorpr\u00e9ndenos, carajo!<\/p>\n<p>Aguirre revela 20 locales este 28 de abril, concentraci\u00f3n desde 6 de mayo por 5.5 semanas; 12 base para lista FIFA del 1 junio, 8* sparrings de futuro. Chivas domina (5), Toluca-Tijuana (3-4). Mayor\u00eda sin Liguilla, liberados por clubes. \u00bfConfianza o m\u00e1s de lo mismo?<\/p>\n<p>&nbsp;<\/p>\n<table width=\"612\">\n<tbody>\n<tr>\n<td width=\"70\"><strong>No.<\/strong><\/td>\n<td width=\"281\"><strong>Nombre<\/strong><\/td>\n<td width=\"161\"><strong>Club<\/strong><\/td>\n<td width=\"101\"><strong>Posici\u00f3n<\/strong><\/td>\n<\/tr>\n<tr>\n<td width=\"70\">1<\/td>\n<td width=\"281\">Ra\u00fal Rangel<\/td>\n<td width=\"161\">Chivas<\/td>\n<td width=\"101\">Portero<\/td>\n<\/tr>\n<tr>\n<td width=\"70\">2<\/td>\n<td width=\"281\">Carlos Acevedo<\/td>\n<td width=\"161\">Santos<\/td>\n<td width=\"101\">Portero<\/td>\n<\/tr>\n<tr>\n<td width=\"70\">3<\/td>\n<td width=\"281\">\u00d3scar Garc\u00eda*<\/td>\n<td width=\"161\">Le\u00f3n<\/td>\n<td width=\"101\">Portero<\/td>\n<\/tr>\n<tr>\n<td width=\"70\">4<\/td>\n<td width=\"281\">Luis Rey*<\/td>\n<td width=\"161\">Puebla<\/td>\n<td width=\"101\">Defensa<\/td>\n<\/tr>\n<tr>\n<td width=\"70\">5<\/td>\n<td width=\"281\">Israel Reyes<\/td>\n<td width=\"161\">Am\u00e9rica<\/td>\n<td width=\"101\">Defensa<\/td>\n<\/tr>\n<tr>\n<td width=\"70\">6<\/td>\n<td width=\"281\">Eduardo \u00c1guila*<\/td>\n<td width=\"161\">San Luis<\/td>\n<td width=\"101\">Defensa<\/td>\n<\/tr>\n<tr>\n<td width=\"70\">7<\/td>\n<td width=\"281\">Jes\u00fas G\u00f3mez*<\/td>\n<td width=\"161\">Tijuana<\/td>\n<td width=\"101\">Defensa<\/td>\n<\/tr>\n<tr>\n<td width=\"70\">8<\/td>\n<td width=\"281\">Denzell Garc\u00eda*<\/td>\n<td width=\"161\">FC Ju\u00e1rez<\/td>\n<td width=\"101\">Defensa<\/td>\n<\/tr>\n<tr>\n<td width=\"70\">9<\/td>\n<td width=\"281\">Jes\u00fas Gallardo<\/td>\n<td width=\"161\">Toluca<\/td>\n<td width=\"101\">Defensa<\/td>\n<\/tr>\n<tr>\n<td width=\"70\">10<\/td>\n<td width=\"281\">Luis Romo<\/td>\n<td width=\"161\">Chivas<\/td>\n<td width=\"101\">Medio<\/td>\n<\/tr>\n<tr>\n<td width=\"70\">11<\/td>\n<td width=\"281\">Erik Lira<\/td>\n<td width=\"161\">Cruz Azul<\/td>\n<td width=\"101\">Medio<\/td>\n<\/tr>\n<tr>\n<td width=\"70\">12<\/td>\n<td width=\"281\">Brian Guti\u00e9rrez<\/td>\n<td width=\"161\">Chivas<\/td>\n<td width=\"101\">Medio<\/td>\n<\/tr>\n<tr>\n<td width=\"70\">13<\/td>\n<td width=\"281\">Iker Fimbres*<\/td>\n<td width=\"161\">Rayados<\/td>\n<td width=\"101\">Medio<\/td>\n<\/tr>\n<tr>\n<td width=\"70\">14<\/td>\n<td width=\"281\">Gilberto Mora<\/td>\n<td width=\"161\">Tijuana<\/td>\n<td width=\"101\">Medio<\/td>\n<\/tr>\n<tr>\n<td width=\"70\">15<\/td>\n<td width=\"281\">Jairo Torres*<\/td>\n<td width=\"161\">FC Ju\u00e1rez<\/td>\n<td width=\"101\">Medio<\/td>\n<\/tr>\n<tr>\n<td width=\"70\">16<\/td>\n<td width=\"281\">Roberto Alvarado<\/td>\n<td width=\"161\">Chivas<\/td>\n<td width=\"101\">Medio<\/td>\n<\/tr>\n<tr>\n<td width=\"70\">17<\/td>\n<td width=\"281\">Kevin Casta\u00f1eda*<\/td>\n<td width=\"161\">Tijuana<\/td>\n<td width=\"101\">Delantero<\/td>\n<\/tr>\n<tr>\n<td width=\"70\">18<\/td>\n<td width=\"281\">Alexis Vega<\/td>\n<td width=\"161\">Toluca<\/td>\n<td width=\"101\">Delantero<\/td>\n<\/tr>\n<tr>\n<td width=\"70\">19<\/td>\n<td width=\"281\">Guillermo Mart\u00ednez<\/td>\n<td width=\"161\">Pumas<\/td>\n<td width=\"101\">Delantero<\/td>\n<\/tr>\n<tr>\n<td width=\"70\">20<\/td>\n<td width=\"281\">Armando Gonz\u00e1lez<\/td>\n<td width=\"161\">Chivas<\/td>\n<td width=\"101\">Delantero<\/td>\n<\/tr>\n<\/tbody>\n<\/table>\n<p>&nbsp;<\/p>\n<p>&nbsp;<\/p>\n<p><strong>Jugador por jugador<\/strong><\/p>\n<p>La convocatoria destaca por un equilibrio entre porteros de garant\u00edas, defensas de pierna fuerte y delanteros que atraviesan un momento dulce en el Clausura 2026.<\/p>\n<p>La convocatoria destaca por un equilibrio entre porteros de garant\u00edas, defensas de pierna fuerte y delanteros que atraviesan un momento dulce en el Clausura 2026. Aguirre ha sido claro: quien no rinda en el d\u00eda a d\u00eda, no estar\u00e1 en la lista final que se entregar\u00e1 a la FIFA el 1 de junio.<\/p>\n<p>&nbsp;<\/p>\n<p><strong>Los Guardianes del Arco:<\/strong><\/p>\n<p>&nbsp;<\/p>\n<ul>\n<li><strong>Ra\u00fal \u00abTala\u00bb Rangel (Chivas):<\/strong> Se ha consolidado como el arquero m\u00e1s regular. Su juego de pies y su capacidad para achicar en momentos cr\u00edticos le dan la ventaja para ser el titular.<\/li>\n<li><strong>Carlos Acevedo (Santos):<\/strong> La resiliencia hecha persona. Tras un ciclo lleno de lesiones, su liderazgo en la Comarca lo trae de vuelta. Es el alma del vestidor.<\/li>\n<li><strong>\u00d3scar Garc\u00eda (Le\u00f3n):<\/strong> Aunque llega con el asterisco de <em>sparring<\/em>, su llamado premia la excelente campa\u00f1a con los esmeraldas. Es el futuro de la porter\u00eda nacional.<\/li>\n<\/ul>\n<p>&nbsp;<\/p>\n<p><strong>La Muralla Defensiva:<\/strong><\/p>\n<p>&nbsp;<\/p>\n<ul>\n<li><strong>Israel Reyes (Am\u00e9rica):<\/strong> Versatilidad pura. Puede jugar como central o lateral, y su salida con bal\u00f3n controlado es vital para el esquema de Aguirre.<\/li>\n<li><strong>Jes\u00fas Gallardo (Toluca):<\/strong> El veterano de mil batallas. Con dos mundiales a cuestas, su experiencia por la banda izquierda es el equilibrio que necesita un equipo lleno de j\u00f3venes.<\/li>\n<li><strong>Luis Rey (Puebla) y Eduardo \u00c1guila (San Luis):<\/strong> Ambos como <em>sparrings<\/em>, representan la renovaci\u00f3n generacional que tanto se exig\u00eda. Son centrales altos, fuertes y con buen juego a\u00e9reo.<\/li>\n<\/ul>\n<p>&nbsp;<\/p>\n<p><strong>El Motor del Medio Campo:<\/strong><\/p>\n<p>&nbsp;<\/p>\n<ul>\n<li><strong>Luis Romo (Chivas):<\/strong> El mariscal. Su capacidad para romper l\u00edneas y su llegada al \u00e1rea rival lo convierten en la pieza m\u00e1s importante del centro del campo.<\/li>\n<li><strong>Gilberto Mora (Tijuana):<\/strong> La joya de la corona. Con apenas 17 a\u00f1os, Mora ha deslumbrado a propios y extra\u00f1os. Aguirre lo lleva para que empiece a sentir el peso de la selecci\u00f3n mayor.<\/li>\n<li><strong>Iker Fimbres (Rayados):<\/strong> Dinamismo y recuperaci\u00f3n. Un jugador que no da un bal\u00f3n por perdido y que ser\u00e1 fundamental en el desgaste f\u00edsico de los partidos de preparaci\u00f3n.<\/li>\n<\/ul>\n<p>&nbsp;<\/p>\n<p><strong>El Grito de Gol:<\/strong><\/p>\n<p>&nbsp;<\/p>\n<ul>\n<li><strong>Armando \u00abLa Hormiga\u00bb Gonz\u00e1lez (Chivas):<\/strong> No toma refresco, estudia la universidad y solo piensa en el gol. Su humildad fuera de la cancha se transforma en voracidad dentro de ella. Es el delantero del momento.<\/li>\n<li><strong>Alexis Vega (Toluca):<\/strong> El talento diferencial. Si Vega est\u00e1 bien f\u00edsicamente, es capaz de ganar partidos por s\u00ed solo con su disparo de media distancia.<\/li>\n<li><strong>Guillermo Mart\u00ednez (Pumas):<\/strong> El plan B perfecto. Un rematador de \u00e1rea que ofrece esa variante de juego directo cuando el partido se cierra.<\/li>\n<\/ul>\n<p>&nbsp;<\/p>\n<p><strong>Dato Curioso:<\/strong> De los convocados, 12 jugadores son considerados la \u00abbase fija\u00bb que Aguirre planea mantener incluso cuando lleguen los futbolistas de Europa como Santiago Gim\u00e9nez o Edson \u00c1lvarez.<\/p>\n<p>&nbsp;<\/p>\n<p><strong>La Hoja de Ruta: Tres Batallas antes de la Guerra<\/strong><\/p>\n<p>M\u00e9xico iniciar\u00e1 su concentraci\u00f3n el 6 de mayo. El plan aprobado por los due\u00f1os de los clubes permitir\u00e1 que el \u00abVasco\u00bb tenga a sus jugadores de tiempo completo para enfrentar tres duelos cruciales:<\/p>\n<p>&nbsp;<\/p>\n<ul>\n<li><strong>Viernes 22 de mayo vs. Ghana (Puebla):<\/strong> Un examen f\u00edsico ante la potencia de las \u00abEstrellas Negras\u00bb.<\/li>\n<li><strong>Viernes 30 de mayo vs. Australia (Rose Bowl, CA):<\/strong> La oportunidad de jugar en un estadio mundialista ante una de las aficiones m\u00e1s grandes del mundo.<\/li>\n<li><strong>Jueves 4 de junio vs. Serbia (Toluca):<\/strong> El \u00faltimo ensayo general, donde se definir\u00e1n los cortes finales.<\/li>\n<\/ul>\n<p>&nbsp;<\/p>\n<p><strong>La doble amnist\u00eda de FIFA <\/strong><\/p>\n<p>&nbsp;<\/p>\n<p>El Mundial 2026 ser\u00e1 el m\u00e1s grande de la historia con 48 selecciones, y la FIFA no quiere que el espect\u00e1culo sufra bajas sensibles por tarjetas amarillas acumuladas. En el Consejo de la FIFA en Vancouver, se debate una propuesta que cambiar\u00e1 la estrategia de los directores t\u00e9cnicos.<\/p>\n<p>&nbsp;<\/p>\n<p>Hasta ahora, las amarillas se limpiaban despu\u00e9s de los cuartos de final para que nadie se perdiera la final por una amonestaci\u00f3n leve. Sin embargo, con el nuevo formato que incluye una ronda de dieciseisavos, un finalista debe jugar ocho partidos. Esto eleva exponencialmente el riesgo de sanciones.<\/p>\n<p>&nbsp;<\/p>\n<p><strong>La propuesta de \u00abDoble Limpia\u00bb<\/strong><\/p>\n<p>&nbsp;<\/p>\n<ul>\n<li><strong>Tras la fase de grupos:<\/strong> Todas las amarillas individuales desaparecen. Los jugadores inician los dieciseisavos de final con el historial limpio.<\/li>\n<li><strong>Tras los cuartos de final:<\/strong> Se realiza una segunda limpieza. Esto garantiza que las estrellas lleguen a las semifinales y a la gran final sin el \u00abfreno de mano\u00bb que supone estar apercibido.<\/li>\n<\/ul>\n<p>&nbsp;<\/p>\n<p>\u00abEs una medida razonable para proteger la inversi\u00f3n de las aficiones que pagan por ver a los mejores\u00bb, se\u00f1ala el reporte de <em>The Athletic<\/em>. Aguirre deber\u00e1 instruir a sus jugadores sobre cu\u00e1ndo ser agresivos y cu\u00e1ndo aprovechar estos \u00abborrones\u00bb reglamentarios.<\/p>\n<p>&nbsp;<\/p>\n<p><strong>Trata de personas: El mundial eleva la alerta roja en M\u00e9xico<\/strong><\/p>\n<p>&nbsp;<\/p>\n<p>Detr\u00e1s de las luces de los estadios y la euforia de los goles, se esconde una amenaza persistente. La Copa Mundial de la FIFA 2026 ha encendido las alarmas de las autoridades mexicanas y organizaciones internacionales ante un posible incremento en los casos de trata de personas.<\/p>\n<p>Seg\u00fan datos del Consejo Ciudadano para la Seguridad y Justicia, en M\u00e9xico el 96% de los casos de trata no se denuncian. Es un delito que vive en las sombras. En 2025 se abrieron 635 carpetas de investigaci\u00f3n, pero los especialistas coinciden en que esto es solo la punta del iceberg.<\/p>\n<p>Aissa Gueye, de la organizaci\u00f3n Sintrata, advierte que el flujo masivo de turistas \u2014se esperan millones de visitantes en las tres sedes mexicanas\u2014 es el escenario ideal para los tratantes. \u00abEl anonimato que brinda una multitud y el consumo elevado de sustancias son factores de riesgo que los criminales aprovechan\u00bb, se\u00f1ala.<\/p>\n<p>Modalidades de un crimen invisible:<\/p>\n<p>-Explotaci\u00f3n Sexual (51%): Es la modalidad m\u00e1s com\u00fan en grandes eventos deportivos. Los grupos vulnerables son principalmente menores de entre 13 y 17 a\u00f1os.<\/p>\n<p>-Trabajo Forzado (25%): Con la construcci\u00f3n de infraestructura y la demanda de servicios, muchas personas son enganchadas con falsas promesas de empleo.<\/p>\n<p>-Captaci\u00f3n Digital: En una era hiperconectada, el 45% de las v\u00edctimas son reclutadas a trav\u00e9s de redes sociales y videojuegos, un dato escalofriante que pone en peligro a los j\u00f3venes desde sus propios hogares.<\/p>\n<p>Organizaciones como la UNODC (Oficina de las Naciones Unidas contra la Droga y el Delito) han lanzado una iniciativa para capacitar a \u00abciudadanos clave\u00bb: recepcionistas de hoteles, taxistas y personal de aeropuertos. El objetivo es identificar se\u00f1ales de alerta:<\/p>\n<p>-Personas que parecen estar bajo control constante de otros.<\/p>\n<p>-Individuos que no poseen sus documentos de identidad.<\/p>\n<p>-Signos visibles de miedo o descuido personal.<\/p>\n<p>\u00abEs mejor una falsa alarma que guardar silencio\u00bb, concluye Gueye. La L\u00ednea Nacional contra la Trata de Personas (800 55 33 000) estar\u00e1 operando las 24 horas durante el torneo. M\u00e9xico tiene el reto de demostrar que puede organizar el mejor mundial de la historia, siendo tambi\u00e9n el m\u00e1s seguro para todos.<\/p>\n<p>&nbsp;<\/p>\n<p>&nbsp;<\/p>\n<blockquote><p>&nbsp;<\/p>\n<ul>\n<li><strong>El m\u00e1s joven:<\/strong> Gilberto Mora (17 a\u00f1os) podr\u00eda convertirse en uno de los jugadores m\u00e1s j\u00f3venes en debutar en un ciclo mundialista con M\u00e9xico.<\/li>\n<li><strong>La base universitaria:<\/strong> Armando Gonz\u00e1lez no solo es letal en el \u00e1rea, tambi\u00e9n contin\u00faa sus estudios universitarios, rompiendo el estigma del futbolista alejado de los libros.<\/li>\n<li><strong>Cifra r\u00e9cord:<\/strong> Se espera que el flujo migratorio durante los 13 partidos en M\u00e9xico supere los 3 millones de visitantes nacionales e internacionales.<\/li>\n<\/ul>\n<\/blockquote>\n<p>&nbsp;<\/p>\n","protected":false},"excerpt":{"rendered":"<p>Solo 12 base; \u00bfsuficiente contra potencias? Chivas lidera con 5 Doble perd\u00f3n FIFA en amarillas y alerta trata en el Mundial casero Por Arturo Arellano &nbsp; \u00bfEsta la lista que nos va a llevar al quinto partido? Javier Aguirre digna el anuncio un d\u00eda tarde, con 20 de Liga MX que suenan a conformismo puro. [&hellip;]<\/p>\n","protected":false},"author":14,"featured_media":0,"comment_status":"open","ping_status":"open","sticky":false,"template":"","format":"standard","meta":{"_monsterinsights_skip_tracking":false,"_monsterinsights_sitenote_active":false,"_monsterinsights_sitenote_note":"","_monsterinsights_sitenote_category":0,"footnotes":""},"categories":[10,101309],"tags":[],"class_list":["post-717721","post","type-post","status-publish","format-standard","hentry","category-deportes","category-mundial-mx-2026"],"_links":{"self":[{"href":"https:\/\/www.diarioimagen.net\/index.php?rest_route=\/wp\/v2\/posts\/717721","targetHints":{"allow":["GET"]}}],"collection":[{"href":"https:\/\/www.diarioimagen.net\/index.php?rest_route=\/wp\/v2\/posts"}],"about":[{"href":"https:\/\/www.diarioimagen.net\/index.php?rest_route=\/wp\/v2\/types\/post"}],"author":[{"embeddable":true,"href":"https:\/\/www.diarioimagen.net\/index.php?rest_route=\/wp\/v2\/users\/14"}],"replies":[{"embeddable":true,"href":"https:\/\/www.diarioimagen.net\/index.php?rest_route=%2Fwp%2Fv2%2Fcomments&post=717721"}],"version-history":[{"count":1,"href":"https:\/\/www.diarioimagen.net\/index.php?rest_route=\/wp\/v2\/posts\/717721\/revisions"}],"predecessor-version":[{"id":717723,"href":"https:\/\/www.diarioimagen.net\/index.php?rest_route=\/wp\/v2\/posts\/717721\/revisions\/717723"}],"wp:attachment":[{"href":"https:\/\/www.diarioimagen.net\/index.php?rest_route=%2Fwp%2Fv2%2Fmedia&parent=717721"}],"wp:term":[{"taxonomy":"category","embeddable":true,"href":"https:\/\/www.diarioimagen.net\/index.php?rest_route=%2Fwp%2Fv2%2Fcategories&post=717721"},{"taxonomy":"post_tag","embeddable":true,"href":"https:\/\/www.diarioimagen.net\/index.php?rest_route=%2Fwp%2Fv2%2Ftags&post=717721"}],"curies":[{"name":"wp","href":"https:\/\/api.w.org\/{rel}","templated":true}]}}