{"id":717730,"date":"2026-04-28T21:31:33","date_gmt":"2026-04-29T03:31:33","guid":{"rendered":"https:\/\/www.diarioimagen.net\/?p=717730"},"modified":"2026-04-28T21:31:33","modified_gmt":"2026-04-29T03:31:33","slug":"juzgadores-deben-comprender-complejidad-de-nuevas-formas-de-violencia-guerra-alvarez","status":"publish","type":"post","link":"https:\/\/www.diarioimagen.net\/?p=717730","title":{"rendered":"\u00a0  Juzgadores deben comprender complejidad  de nuevas formas de violencia: Guerra \u00c1lvarez"},"content":{"rendered":"<div id=\"attachment_717731\" style=\"width: 427px\" class=\"wp-caption alignnone\"><img loading=\"lazy\" decoding=\"async\" aria-describedby=\"caption-attachment-717731\" class=\"wp-image-717731 size-large\" src=\"https:\/\/www.diarioimagen.net\/wp-content\/uploads\/2026\/04\/PJCDMX-1-1-417x270.jpg\" alt=\"\" width=\"417\" height=\"270\" srcset=\"https:\/\/www.diarioimagen.net\/wp-content\/uploads\/2026\/04\/PJCDMX-1-1-417x270.jpg 417w, https:\/\/www.diarioimagen.net\/wp-content\/uploads\/2026\/04\/PJCDMX-1-1-240x155.jpg 240w, https:\/\/www.diarioimagen.net\/wp-content\/uploads\/2026\/04\/PJCDMX-1-1-768x497.jpg 768w, https:\/\/www.diarioimagen.net\/wp-content\/uploads\/2026\/04\/PJCDMX-1-1-1536x995.jpg 1536w, https:\/\/www.diarioimagen.net\/wp-content\/uploads\/2026\/04\/PJCDMX-1-1.jpg 1575w\" sizes=\"auto, (max-width: 417px) 100vw, 417px\" \/><p id=\"caption-attachment-717731\" class=\"wp-caption-text\">La justicia del siglo XXI debe saber leer el lenguaje de las plataformas, los rastros de la violencia digital, las nuevas formas de agresi\u00f3n y las nuevas necesidades de protecci\u00f3n; asegur\u00f3 el presidente del TSJ, magistrado Rafael Guerra \u00c1lvarez.<\/p><\/div>\n<div id=\"attachment_717732\" style=\"width: 470px\" class=\"wp-caption alignnone\"><img loading=\"lazy\" decoding=\"async\" aria-describedby=\"caption-attachment-717732\" class=\"wp-image-717732 size-large\" src=\"https:\/\/www.diarioimagen.net\/wp-content\/uploads\/2026\/04\/PJCDMX-2-2-460x232.jpg\" alt=\"\" width=\"460\" height=\"232\" srcset=\"https:\/\/www.diarioimagen.net\/wp-content\/uploads\/2026\/04\/PJCDMX-2-2-460x232.jpg 460w, https:\/\/www.diarioimagen.net\/wp-content\/uploads\/2026\/04\/PJCDMX-2-2-240x121.jpg 240w, https:\/\/www.diarioimagen.net\/wp-content\/uploads\/2026\/04\/PJCDMX-2-2-768x387.jpg 768w, https:\/\/www.diarioimagen.net\/wp-content\/uploads\/2026\/04\/PJCDMX-2-2-1536x774.jpg 1536w, https:\/\/www.diarioimagen.net\/wp-content\/uploads\/2026\/04\/PJCDMX-2-2-2048x1032.jpg 2048w\" sizes=\"auto, (max-width: 460px) 100vw, 460px\" \/><p id=\"caption-attachment-717732\" class=\"wp-caption-text\">El magistrado Rafael Guerra \u00c1lvarez a\u00f1adi\u00f3 en el foro \u201cEntornos digitales seguros para mujeres y ni\u00f1as\u201d, que es necesario fortalecer la coordinaci\u00f3n entre poderes, tribunales, fiscal\u00edas, autoridades administrativas, escuelas, familias, plataformas digitales y sociedad civil para distribuir informaci\u00f3n que proteja la seguridad de todas y todos.<\/p><\/div>\n<p>&nbsp;<\/p>\n<ul>\n<li><strong>La violencia digital lastima en la vida real y demanda respuestas institucionales reales porque es una forma de desigualdad contempor\u00e1nea, asegur\u00f3 el presidente del TSJCDMX<\/strong><\/li>\n<\/ul>\n<p>Las y los juzgadores estamos llamados a comprender la complejidad de las nuevas formas de violencia; atender estos fen\u00f3menos con sensibilidad, conocimiento t\u00e9cnico y estricto apego a los derechos humanos. La justicia del siglo XXI debe saber leer el lenguaje de las plataformas, los rastros de la violencia digital, las nuevas formas de agresi\u00f3n y las nuevas necesidades de protecci\u00f3n; asegur\u00f3 el presidente del Tribunal Superior de Justicia (TSJ) del Poder Judicial de la Ciudad de M\u00e9xico (PJCDMX), magistrado Rafael Guerra \u00c1lvarez, en el foro \u201cEntornos digitales seguros para mujeres y ni\u00f1as\u201d.<\/p>\n<p>&nbsp;<\/p>\n<p>Ante las y los integrantes del Comit\u00e9 Interinstitucional de Igualdad Sustantiva de los \u00d3rganos de Impartici\u00f3n de Justicia de la Ciudad de M\u00e9xico (CIIS), encabezado por el titular de la Junta Local de Conciliaci\u00f3n y Arbitraje, Eleazar Rubio Aldaran, y la senadora Guadalupe Chavira de la Rosa, el Presidente del TSJ se\u00f1al\u00f3 que la violencia digital lastima en la vida real porque es una forma contempor\u00e1nea de desigualdad y demanda respuestas institucionales reales.<\/p>\n<p>&nbsp;<\/p>\n<p>Guerra \u00c1lvarez expuso que la soluci\u00f3n es juzgar con perspectiva de g\u00e9nero reconociendo que la violencia en l\u00ednea es tan real y da\u00f1ina como la que ocurre en el espacio f\u00edsico. A\u00f1adi\u00f3 que es necesario fortalecer la coordinaci\u00f3n entre poderes, tribunales, fiscal\u00edas, autoridades administrativas, escuelas, familias, plataformas digitales y sociedad civil para distribuir informaci\u00f3n que proteja la seguridad de todas y todos.<\/p>\n<p>&nbsp;<\/p>\n<p>Subray\u00f3 que se debe capacitar a las personas que reciben este tipo de denuncias, pero que, de manera paralela, se debe educar a la \u201cciudadan\u00eda digital\u201d para que conviva de manera responsable, respetuosa y con sentido humano.<\/p>\n<p>&nbsp;<\/p>\n<p>En el acto celebrado en la antigua sede del Senado de la Rep\u00fablica, Guerra \u00c1lvarez afirm\u00f3 que se debe trabajar para que la tecnolog\u00eda sea instrumento de emancipaci\u00f3n; un escenario en el que las infancias aprendan, creen y se comuniquen sin miedo; y en el que las mujeres puedan participar en espacios p\u00fablicos digitales con plena seguridad. \u201cEse futuro se construye con leyes, sentencias, prevenci\u00f3n, educaci\u00f3n, datos, coordinaci\u00f3n y voluntad p\u00fablica\u201d, dijo.<\/p>\n<p>&nbsp;<\/p>\n<p>Tras exponer que, de acuerdo con el Inegi, en el 2024, por lo menos 18.9 millones de personas enfrentaron alguna situaci\u00f3n de acoso cibern\u00e9tico, manifest\u00f3 que este encuentro permite una alianza para que la tecnolog\u00eda sirva a la libertad; para que la justicia llegue a los territorios invisibles de la red; y para que ninguna mujer, ni\u00f1a o voz alguna tenga que retirarse del mundo digital para poder vivir en paz.<\/p>\n<p>&nbsp;<\/p>\n<p>En el foro del CIIS participaron tambi\u00e9n la presidenta de la Comisi\u00f3n para la Igualdad de G\u00e9nero del Tribunal Federal de Justicia Administrativa; magistrada Zulema Mosri Guti\u00e9rrez; el presidente del Tribunal de Justicia Administrativa de la Ciudad de M\u00e9xico; magistrado Andr\u00e9s \u00c1ngel Aguilera Mart\u00ednez; y la diputada oaxaque\u00f1a Jimena Arroyo Ju\u00e1rez, entre otras personas servidoras p\u00fablicas.<\/p>\n<p><strong>\u00a0<\/strong><\/p>\n<p>&nbsp;<\/p>\n<p>&nbsp;<\/p>\n<p>&nbsp;<\/p>\n<p>&nbsp;<\/p>\n<p>&nbsp;<\/p>\n<p>&nbsp;<\/p>\n<p>&nbsp;<\/p>\n","protected":false},"excerpt":{"rendered":"<p>&nbsp; La violencia digital lastima en la vida real y demanda respuestas institucionales reales porque es una forma de desigualdad contempor\u00e1nea, asegur\u00f3 el presidente del TSJCDMX Las y los juzgadores estamos llamados a comprender la complejidad de las nuevas formas de violencia; atender estos fen\u00f3menos con sensibilidad, conocimiento t\u00e9cnico y estricto apego a los derechos [&hellip;]<\/p>\n","protected":false},"author":14,"featured_media":717731,"comment_status":"open","ping_status":"open","sticky":false,"template":"","format":"standard","meta":{"_monsterinsights_skip_tracking":false,"_monsterinsights_sitenote_active":false,"_monsterinsights_sitenote_note":"","_monsterinsights_sitenote_category":0,"footnotes":""},"categories":[6],"tags":[],"class_list":["post-717730","post","type-post","status-publish","format-standard","has-post-thumbnail","hentry","category-cd-de-mexico"],"_links":{"self":[{"href":"https:\/\/www.diarioimagen.net\/index.php?rest_route=\/wp\/v2\/posts\/717730","targetHints":{"allow":["GET"]}}],"collection":[{"href":"https:\/\/www.diarioimagen.net\/index.php?rest_route=\/wp\/v2\/posts"}],"about":[{"href":"https:\/\/www.diarioimagen.net\/index.php?rest_route=\/wp\/v2\/types\/post"}],"author":[{"embeddable":true,"href":"https:\/\/www.diarioimagen.net\/index.php?rest_route=\/wp\/v2\/users\/14"}],"replies":[{"embeddable":true,"href":"https:\/\/www.diarioimagen.net\/index.php?rest_route=%2Fwp%2Fv2%2Fcomments&post=717730"}],"version-history":[{"count":1,"href":"https:\/\/www.diarioimagen.net\/index.php?rest_route=\/wp\/v2\/posts\/717730\/revisions"}],"predecessor-version":[{"id":717733,"href":"https:\/\/www.diarioimagen.net\/index.php?rest_route=\/wp\/v2\/posts\/717730\/revisions\/717733"}],"wp:featuredmedia":[{"embeddable":true,"href":"https:\/\/www.diarioimagen.net\/index.php?rest_route=\/wp\/v2\/media\/717731"}],"wp:attachment":[{"href":"https:\/\/www.diarioimagen.net\/index.php?rest_route=%2Fwp%2Fv2%2Fmedia&parent=717730"}],"wp:term":[{"taxonomy":"category","embeddable":true,"href":"https:\/\/www.diarioimagen.net\/index.php?rest_route=%2Fwp%2Fv2%2Fcategories&post=717730"},{"taxonomy":"post_tag","embeddable":true,"href":"https:\/\/www.diarioimagen.net\/index.php?rest_route=%2Fwp%2Fv2%2Ftags&post=717730"}],"curies":[{"name":"wp","href":"https:\/\/api.w.org\/{rel}","templated":true}]}}