{"id":717734,"date":"2026-04-28T21:35:41","date_gmt":"2026-04-29T03:35:41","guid":{"rendered":"https:\/\/www.diarioimagen.net\/?p=717734"},"modified":"2026-04-28T21:35:41","modified_gmt":"2026-04-29T03:35:41","slug":"el-pj-de-la-cdmx-conmemora-el-dia-internacional-del-libro-con-un-dialogo-sobre-la-vida-y-la-literatura","status":"publish","type":"post","link":"https:\/\/www.diarioimagen.net\/?p=717734","title":{"rendered":"El PJ de la CDMX conmemora el D\u00eda Internacional  del Libro con un di\u00e1logo sobre la vida y la literatura"},"content":{"rendered":"<ul>\n<li><strong>\u00a0<\/strong><strong>\u00a0\u201cLos libros crecen con nosotros y nosotros crecemos con los libros\u00bb: magistrado Diego Armando Guerrero Garc\u00eda<br \/>\n<\/strong><\/li>\n<\/ul>\n<div id=\"attachment_717735\" style=\"width: 416px\" class=\"wp-caption alignnone\"><img loading=\"lazy\" decoding=\"async\" aria-describedby=\"caption-attachment-717735\" class=\"wp-image-717735 size-large\" src=\"https:\/\/www.diarioimagen.net\/wp-content\/uploads\/2026\/04\/TRIBUNAL1-406x270.jpg\" alt=\"\" width=\"406\" height=\"270\" srcset=\"https:\/\/www.diarioimagen.net\/wp-content\/uploads\/2026\/04\/TRIBUNAL1-406x270.jpg 406w, https:\/\/www.diarioimagen.net\/wp-content\/uploads\/2026\/04\/TRIBUNAL1-240x160.jpg 240w, https:\/\/www.diarioimagen.net\/wp-content\/uploads\/2026\/04\/TRIBUNAL1-768x511.jpg 768w, https:\/\/www.diarioimagen.net\/wp-content\/uploads\/2026\/04\/TRIBUNAL1-1536x1022.jpg 1536w, https:\/\/www.diarioimagen.net\/wp-content\/uploads\/2026\/04\/TRIBUNAL1.jpg 1890w\" sizes=\"auto, (max-width: 406px) 100vw, 406px\" \/><p id=\"caption-attachment-717735\" class=\"wp-caption-text\">El Poder Judicial de la Ciudad de M\u00e9xico llev\u00f3 a cabo un emotivo conversatorio en las instalaciones de la Librer\u00eda Porr\u00faa, ubicada dentro de la sede judicial, donde se destac\u00f3 al libro como el mejor amigo y herramienta de decisi\u00f3n para el servidor p\u00fablico.<\/p><\/div>\n<p>En el marco de la celebraci\u00f3n del D\u00eda Internacional del Libro y del Derecho de Autor, el Poder Judicial de la Ciudad de M\u00e9xico (PJCDMX) llev\u00f3 a cabo un emotivo conversatorio en las instalaciones de la Librer\u00eda Porr\u00faa, ubicada dentro de la sede judicial, donde se destac\u00f3 al libro como el mejor amigo y herramienta de decisi\u00f3n para el servidor p\u00fablico, no solo como una fuente de conocimiento t\u00e9cnico, sino como una adicci\u00f3n saludable que humaniza el ejercicio de la justicia y enriquece el esp\u00edritu de funcionarios y sociedad en general.<\/p>\n<p>El evento cont\u00f3 con la participaci\u00f3n del maestro V\u00edctor Hugo Gonz\u00e1lez Rodr\u00edguez, integrante del \u00d3rgano de Administraci\u00f3n Judicial (OAJ); el magistrado Diego Armando Guerrero Garc\u00eda, integrante del Tribunal de Disciplina Judicial (TDJ); y el doctor Paul Martin Barba, director general del Instituto de Estudios Judiciales. La mesa fue moderada por el licenciado Raciel Garrido Maldonado, director general de Anales de Jurisprudencia y Bolet\u00edn Judicial.<\/p>\n<p>A la reuni\u00f3n asistieron destacados juristas quienes, alejados de la formalidad t\u00e9cnica, compartieron sus experiencias personales con la lectura y reflexionaron sobre el impacto transformador de los libros en el ser humano.<\/p>\n<p>Durante la apertura, Garrido Maldonado record\u00f3 que esta fecha, establecida por la UNESCO en honor a Miguel de Cervantes, William Shakespeare y Garcilaso de la Vega, es una oportunidad para celebrar la literatura universal. Asimismo, extendi\u00f3 un agradecimiento al magistrado presidente del Tribunal Superior de Justicia de la Ciudad de M\u00e9xico (TSJCDMX), Rafael Guerra \u00c1lvarez, y a Jos\u00e9 Miguel P\u00e9rez Porr\u00faa, por impulsar espacios que fomentan la cultura entre los servidores p\u00fablicos.<\/p>\n<p>Al abordar el primer acercamiento a los libros, Guerrero Garc\u00eda subray\u00f3 la importancia de la lectura desde la infancia: \u00abLos libros crecen con nosotros y nosotros crecemos con los libros\u00bb, afirm\u00f3, destacando que la literatura no solo mejora la redacci\u00f3n jur\u00eddica, sino que mantiene viva la imaginaci\u00f3n frente a la irrupci\u00f3n de los dispositivos digitales.<\/p>\n<p>Gonz\u00e1lez Rodr\u00edguez comparti\u00f3 un testimonio sobre c\u00f3mo la educaci\u00f3n y los libros fueron la herramienta fundamental para superar las carencias de su infancia: \u00abA los libros les debo haber salido de la miseria&#8230; la lectura se convierte en un h\u00e1bito, en una necesidad\u00bb. Mencion\u00f3 que su primer contacto fue a trav\u00e9s de las historietas de \u00abRius\u00bb y enciclopedias infantiles, lo que eventualmente lo llev\u00f3 a considerar al libro como el mejor amigo y herramienta de decisi\u00f3n para el servidor p\u00fablico.<\/p>\n<p>A su vez, Martin Barba coincidi\u00f3 en que los encuentros con los libros son marcas de por vida: \u00abEl enamoramiento de los libros, a diferencia de otros, se mantiene para siempre\u00bb, relat\u00f3 al recordar c\u00f3mo t\u00edtulos como Narraciones Extraordinarias de Edgar Allan Poe despertaron su curiosidad a temprana edad.<\/p>\n<p>Durante el bloque dedicado a la reflexi\u00f3n sobre el prop\u00f3sito de los libros, Gonz\u00e1lez Rodr\u00edguez, fue enf\u00e1tico al declarar que \u00abhay que leer para vivir\u00bb. En una profunda met\u00e1fora, compar\u00f3 la estructura de una obra literaria con la existencia humana: el entusiasmo de las primeras p\u00e1ginas que emula la infancia, los cuestionamientos de la trama que representan la juventud y la lectura pausada y reflexiva que caracteriza la madurez, cuando el lector \u2014consciente de que el final se acerca\u2014 valora cada palabra y cada momento.<\/p>\n<p>Durante su intervenci\u00f3n Martin Barba, enfatiz\u00f3 que la obra de las autoras actuales ha dejado de ser un aspecto meramente l\u00fadico para convertirse en un eje transversal que ofrece ense\u00f1anzas pr\u00e1cticas para la vida y la profesi\u00f3n jur\u00eddica.<\/p>\n<p>&nbsp;<\/p>\n<p><strong>\u00a0<\/strong><\/p>\n<blockquote><p><strong>El evento cont\u00f3 con la participaci\u00f3n del maestro V\u00edctor Hugo Gonz\u00e1lez Rodr\u00edguez, integrante del \u00d3rgano de Administraci\u00f3n Judicial; el magistrado Diego Armando Guerrero Garc\u00eda, integrante del Tribunal de Disciplina Judicial; y el doctor Paul Martin Barba, director general del Instituto de Estudios Judiciales. La mesa fue moderada por el licenciado Raciel Garrido Maldonado.<\/strong><\/p><\/blockquote>\n","protected":false},"excerpt":{"rendered":"<p>\u00a0\u00a0\u201cLos libros crecen con nosotros y nosotros crecemos con los libros\u00bb: magistrado Diego Armando Guerrero Garc\u00eda En el marco de la celebraci\u00f3n del D\u00eda Internacional del Libro y del Derecho de Autor, el Poder Judicial de la Ciudad de M\u00e9xico (PJCDMX) llev\u00f3 a cabo un emotivo conversatorio en las instalaciones de la Librer\u00eda Porr\u00faa, ubicada [&hellip;]<\/p>\n","protected":false},"author":14,"featured_media":717735,"comment_status":"open","ping_status":"open","sticky":false,"template":"","format":"standard","meta":{"_monsterinsights_skip_tracking":false,"_monsterinsights_sitenote_active":false,"_monsterinsights_sitenote_note":"","_monsterinsights_sitenote_category":0,"footnotes":""},"categories":[6],"tags":[],"class_list":["post-717734","post","type-post","status-publish","format-standard","has-post-thumbnail","hentry","category-cd-de-mexico"],"_links":{"self":[{"href":"https:\/\/www.diarioimagen.net\/index.php?rest_route=\/wp\/v2\/posts\/717734","targetHints":{"allow":["GET"]}}],"collection":[{"href":"https:\/\/www.diarioimagen.net\/index.php?rest_route=\/wp\/v2\/posts"}],"about":[{"href":"https:\/\/www.diarioimagen.net\/index.php?rest_route=\/wp\/v2\/types\/post"}],"author":[{"embeddable":true,"href":"https:\/\/www.diarioimagen.net\/index.php?rest_route=\/wp\/v2\/users\/14"}],"replies":[{"embeddable":true,"href":"https:\/\/www.diarioimagen.net\/index.php?rest_route=%2Fwp%2Fv2%2Fcomments&post=717734"}],"version-history":[{"count":1,"href":"https:\/\/www.diarioimagen.net\/index.php?rest_route=\/wp\/v2\/posts\/717734\/revisions"}],"predecessor-version":[{"id":717737,"href":"https:\/\/www.diarioimagen.net\/index.php?rest_route=\/wp\/v2\/posts\/717734\/revisions\/717737"}],"wp:featuredmedia":[{"embeddable":true,"href":"https:\/\/www.diarioimagen.net\/index.php?rest_route=\/wp\/v2\/media\/717735"}],"wp:attachment":[{"href":"https:\/\/www.diarioimagen.net\/index.php?rest_route=%2Fwp%2Fv2%2Fmedia&parent=717734"}],"wp:term":[{"taxonomy":"category","embeddable":true,"href":"https:\/\/www.diarioimagen.net\/index.php?rest_route=%2Fwp%2Fv2%2Fcategories&post=717734"},{"taxonomy":"post_tag","embeddable":true,"href":"https:\/\/www.diarioimagen.net\/index.php?rest_route=%2Fwp%2Fv2%2Ftags&post=717734"}],"curies":[{"name":"wp","href":"https:\/\/api.w.org\/{rel}","templated":true}]}}