{"id":717851,"date":"2026-04-29T20:04:09","date_gmt":"2026-04-30T02:04:09","guid":{"rendered":"https:\/\/www.diarioimagen.net\/?p=717851"},"modified":"2026-04-29T20:04:09","modified_gmt":"2026-04-30T02:04:09","slug":"llegan-a-las-colonias-la-mancha-i-y-ii-las-huellas-de-la-transformacion","status":"publish","type":"post","link":"https:\/\/www.diarioimagen.net\/?p=717851","title":{"rendered":"Llegan a las colonias La Mancha I  y II las huellas de la Transformaci\u00f3n\u00a0"},"content":{"rendered":"<p>&nbsp;<\/p>\n<p>&nbsp;<\/p>\n<p>&nbsp;<\/p>\n<ul>\n<li><strong>Mejora el bienestar de naucalpenses<\/strong><\/li>\n<\/ul>\n<p><strong>\u00a0<\/strong><\/p>\n<div id=\"attachment_717852\" style=\"width: 327px\" class=\"wp-caption alignnone\"><img loading=\"lazy\" decoding=\"async\" aria-describedby=\"caption-attachment-717852\" class=\"wp-image-717852 size-large\" src=\"https:\/\/www.diarioimagen.net\/wp-content\/uploads\/2026\/04\/BAENA-2-ok-18-317x270.jpg\" alt=\"\" width=\"317\" height=\"270\" srcset=\"https:\/\/www.diarioimagen.net\/wp-content\/uploads\/2026\/04\/BAENA-2-ok-18-317x270.jpg 317w, https:\/\/www.diarioimagen.net\/wp-content\/uploads\/2026\/04\/BAENA-2-ok-18-240x204.jpg 240w, https:\/\/www.diarioimagen.net\/wp-content\/uploads\/2026\/04\/BAENA-2-ok-18-768x654.jpg 768w, https:\/\/www.diarioimagen.net\/wp-content\/uploads\/2026\/04\/BAENA-2-ok-18-1536x1308.jpg 1536w, https:\/\/www.diarioimagen.net\/wp-content\/uploads\/2026\/04\/BAENA-2-ok-18-2048x1744.jpg 2048w\" sizes=\"auto, (max-width: 317px) 100vw, 317px\" \/><p id=\"caption-attachment-717852\" class=\"wp-caption-text\">El alcalde Isaac Montoya entreg\u00f3 los trabajos integrales de rehabilitaci\u00f3n con concreto hidr\u00e1ulico de la calle Molinos de Viento, de las colonias La Mancha I y La Mancha II.<\/p><\/div>\n<p>Naucalpan, M\u00e9x.- Con el firme prop\u00f3sito de mejorar la movilidad urbana y mejorar el bienestar de los habitantes, el alcalde Isaac Montoya, realiz\u00f3 la entrega oficial de los trabajos integrales de rehabilitaci\u00f3n con concreto hidr\u00e1ulico de la calle Molinos de Viento, de las colonias La Mancha I y La Mancha II, ante el da\u00f1o estructural que presentaba la calle.<\/p>\n<p>&nbsp;<\/p>\n<p>Acompa\u00f1ado de auxiliares de La Mancha I y de La Mancha II, el alcalde entreg\u00f3 a la comunidad la rehabilitaci\u00f3n vial y la red hidr\u00e1ulica en beneficio de la zona, subrayando que estas acciones no son solo obras t\u00e9cnicas, sino el cumplimiento de un compromiso hist\u00f3rico con las comunidades que durante a\u00f1os fueron ignoradas.<\/p>\n<p>&nbsp;<\/p>\n<p>Montoya M\u00e1rquez destac\u00f3 la transformaci\u00f3n de la v\u00eda principal de acceso y la sustituci\u00f3n completa de la red de agua, a la vez que, enfatiz\u00f3 que estos resultados son posibles gracias a mantener finanzas sanas y a una sensibilidad pol\u00edtica que prioriza el destino del recurso p\u00fablico hacia donde realmente se necesita.<\/p>\n<p>&nbsp;<\/p>\n<p>Esta obra coordinada por la Direcci\u00f3n de Obras P\u00fablica consisti\u00f3 en la realizaci\u00f3n de la pavimentaci\u00f3n con concreto hidr\u00e1ulico, con el prop\u00f3sito de garantizar una infraestructura segura, funcional y accesible. La intervenci\u00f3n fue prioritaria debido al da\u00f1o estructural que presentaba la calle.<\/p>\n<p>&nbsp;<\/p>\n<p>Teniendo un total del \u00e1rea a intervenir de: 6,407.97 m2, con una inversi\u00f3n de 21.6 MDP, y m\u00e1s de 145,000 beneficiarios. Se realizaron trabajos de pavimentaci\u00f3n con concreto hidr\u00e1ulico, inici\u00f3 con la demolici\u00f3n de pavimento da\u00f1ado. Base hidr\u00e1ulica de 20 cent\u00edmetros \u00a0de espesor. Losa de concreto hidr\u00e1ulico MR-42 de 15cm. Reductores de velocidad con concreto hidr\u00e1ulico. Construcci\u00f3n de banquetas.<\/p>\n<p>&nbsp;<\/p>\n<p>&nbsp;<\/p>\n<p>&nbsp;<\/p>\n<p>&nbsp;<\/p>\n<p>&nbsp;<\/p>\n","protected":false},"excerpt":{"rendered":"<p>&nbsp; &nbsp; &nbsp; Mejora el bienestar de naucalpenses \u00a0 Naucalpan, M\u00e9x.- Con el firme prop\u00f3sito de mejorar la movilidad urbana y mejorar el bienestar de los habitantes, el alcalde Isaac Montoya, realiz\u00f3 la entrega oficial de los trabajos integrales de rehabilitaci\u00f3n con concreto hidr\u00e1ulico de la calle Molinos de Viento, de las colonias La Mancha [&hellip;]<\/p>\n","protected":false},"author":14,"featured_media":717852,"comment_status":"open","ping_status":"open","sticky":false,"template":"","format":"standard","meta":{"_monsterinsights_skip_tracking":false,"_monsterinsights_sitenote_active":false,"_monsterinsights_sitenote_note":"","_monsterinsights_sitenote_category":0,"footnotes":""},"categories":[5],"tags":[],"class_list":["post-717851","post","type-post","status-publish","format-standard","has-post-thumbnail","hentry","category-estado-de-mexico"],"_links":{"self":[{"href":"https:\/\/www.diarioimagen.net\/index.php?rest_route=\/wp\/v2\/posts\/717851","targetHints":{"allow":["GET"]}}],"collection":[{"href":"https:\/\/www.diarioimagen.net\/index.php?rest_route=\/wp\/v2\/posts"}],"about":[{"href":"https:\/\/www.diarioimagen.net\/index.php?rest_route=\/wp\/v2\/types\/post"}],"author":[{"embeddable":true,"href":"https:\/\/www.diarioimagen.net\/index.php?rest_route=\/wp\/v2\/users\/14"}],"replies":[{"embeddable":true,"href":"https:\/\/www.diarioimagen.net\/index.php?rest_route=%2Fwp%2Fv2%2Fcomments&post=717851"}],"version-history":[{"count":1,"href":"https:\/\/www.diarioimagen.net\/index.php?rest_route=\/wp\/v2\/posts\/717851\/revisions"}],"predecessor-version":[{"id":717853,"href":"https:\/\/www.diarioimagen.net\/index.php?rest_route=\/wp\/v2\/posts\/717851\/revisions\/717853"}],"wp:featuredmedia":[{"embeddable":true,"href":"https:\/\/www.diarioimagen.net\/index.php?rest_route=\/wp\/v2\/media\/717852"}],"wp:attachment":[{"href":"https:\/\/www.diarioimagen.net\/index.php?rest_route=%2Fwp%2Fv2%2Fmedia&parent=717851"}],"wp:term":[{"taxonomy":"category","embeddable":true,"href":"https:\/\/www.diarioimagen.net\/index.php?rest_route=%2Fwp%2Fv2%2Fcategories&post=717851"},{"taxonomy":"post_tag","embeddable":true,"href":"https:\/\/www.diarioimagen.net\/index.php?rest_route=%2Fwp%2Fv2%2Ftags&post=717851"}],"curies":[{"name":"wp","href":"https:\/\/api.w.org\/{rel}","templated":true}]}}