{"id":717857,"date":"2026-04-29T21:01:36","date_gmt":"2026-04-30T03:01:36","guid":{"rendered":"https:\/\/www.diarioimagen.net\/?p=717857"},"modified":"2026-04-29T21:01:36","modified_gmt":"2026-04-30T03:01:36","slug":"no-mas-acoso-contra-las-mujeres-regidora-michel-quiroz","status":"publish","type":"post","link":"https:\/\/www.diarioimagen.net\/?p=717857","title":{"rendered":"No m\u00e1s acoso contra las mujeres: regidora Michel Quiroz"},"content":{"rendered":"<div id=\"attachment_717858\" style=\"width: 433px\" class=\"wp-caption alignnone\"><img loading=\"lazy\" decoding=\"async\" aria-describedby=\"caption-attachment-717858\" class=\"wp-image-717858 size-large\" src=\"https:\/\/www.diarioimagen.net\/wp-content\/uploads\/2026\/04\/BAENA-4-ok-17-423x270.jpg\" alt=\"\" width=\"423\" height=\"270\" srcset=\"https:\/\/www.diarioimagen.net\/wp-content\/uploads\/2026\/04\/BAENA-4-ok-17-423x270.jpg 423w, https:\/\/www.diarioimagen.net\/wp-content\/uploads\/2026\/04\/BAENA-4-ok-17-240x153.jpg 240w, https:\/\/www.diarioimagen.net\/wp-content\/uploads\/2026\/04\/BAENA-4-ok-17-768x490.jpg 768w, https:\/\/www.diarioimagen.net\/wp-content\/uploads\/2026\/04\/BAENA-4-ok-17.jpg 1500w\" sizes=\"auto, (max-width: 423px) 100vw, 423px\" \/><p id=\"caption-attachment-717858\" class=\"wp-caption-text\">No m\u00e1s acoso contra las mujeres: regidora Michel Quiroz<\/p><\/div>\n<p><strong>\u00a0<\/strong><\/p>\n<p>&nbsp;<\/p>\n<p>&nbsp;<\/p>\n<p>Metepec, M\u00e9x.- Estamos comprometidos con la seguridad, el respeto y la construcci\u00f3n de espacios libres de violencia contra las mujeres, afirm\u00f3 la regidora Michel Quiroz, al asistir a una charla sobre \u201cAcoso y Hostigamiento Sexual\u201d por parte de la maestra Gabriela Hern\u00e1ndez de la Comisi\u00f3n de Derechos Humanos del Estado de M\u00e9xico. \u201cAgradecemos la presencia de nuestras vecinas y vecinos, personas servidoras p\u00fablicas y nuestra amiga Isabel Guadarrama del #IAPEM, por su participaci\u00f3n activa\u00bb, dijo.<\/p>\n<p>&nbsp;<\/p>\n","protected":false},"excerpt":{"rendered":"<p>\u00a0 &nbsp; &nbsp; Metepec, M\u00e9x.- Estamos comprometidos con la seguridad, el respeto y la construcci\u00f3n de espacios libres de violencia contra las mujeres, afirm\u00f3 la regidora Michel Quiroz, al asistir a una charla sobre \u201cAcoso y Hostigamiento Sexual\u201d por parte de la maestra Gabriela Hern\u00e1ndez de la Comisi\u00f3n de Derechos Humanos del Estado de M\u00e9xico. [&hellip;]<\/p>\n","protected":false},"author":14,"featured_media":717858,"comment_status":"open","ping_status":"open","sticky":false,"template":"","format":"standard","meta":{"_monsterinsights_skip_tracking":false,"_monsterinsights_sitenote_active":false,"_monsterinsights_sitenote_note":"","_monsterinsights_sitenote_category":0,"footnotes":""},"categories":[5],"tags":[],"class_list":["post-717857","post","type-post","status-publish","format-standard","has-post-thumbnail","hentry","category-estado-de-mexico"],"_links":{"self":[{"href":"https:\/\/www.diarioimagen.net\/index.php?rest_route=\/wp\/v2\/posts\/717857","targetHints":{"allow":["GET"]}}],"collection":[{"href":"https:\/\/www.diarioimagen.net\/index.php?rest_route=\/wp\/v2\/posts"}],"about":[{"href":"https:\/\/www.diarioimagen.net\/index.php?rest_route=\/wp\/v2\/types\/post"}],"author":[{"embeddable":true,"href":"https:\/\/www.diarioimagen.net\/index.php?rest_route=\/wp\/v2\/users\/14"}],"replies":[{"embeddable":true,"href":"https:\/\/www.diarioimagen.net\/index.php?rest_route=%2Fwp%2Fv2%2Fcomments&post=717857"}],"version-history":[{"count":1,"href":"https:\/\/www.diarioimagen.net\/index.php?rest_route=\/wp\/v2\/posts\/717857\/revisions"}],"predecessor-version":[{"id":717859,"href":"https:\/\/www.diarioimagen.net\/index.php?rest_route=\/wp\/v2\/posts\/717857\/revisions\/717859"}],"wp:featuredmedia":[{"embeddable":true,"href":"https:\/\/www.diarioimagen.net\/index.php?rest_route=\/wp\/v2\/media\/717858"}],"wp:attachment":[{"href":"https:\/\/www.diarioimagen.net\/index.php?rest_route=%2Fwp%2Fv2%2Fmedia&parent=717857"}],"wp:term":[{"taxonomy":"category","embeddable":true,"href":"https:\/\/www.diarioimagen.net\/index.php?rest_route=%2Fwp%2Fv2%2Fcategories&post=717857"},{"taxonomy":"post_tag","embeddable":true,"href":"https:\/\/www.diarioimagen.net\/index.php?rest_route=%2Fwp%2Fv2%2Ftags&post=717857"}],"curies":[{"name":"wp","href":"https:\/\/api.w.org\/{rel}","templated":true}]}}