{"id":717865,"date":"2026-04-29T21:27:54","date_gmt":"2026-04-30T03:27:54","guid":{"rendered":"https:\/\/www.diarioimagen.net\/?p=717865"},"modified":"2026-04-29T21:27:54","modified_gmt":"2026-04-30T03:27:54","slug":"edomex-acelera-rumbo-al-mundial-rehabilitan-14-km-en-neza-y-ecatepec-para-mover-a-2-millones-de-personas","status":"publish","type":"post","link":"https:\/\/www.diarioimagen.net\/?p=717865","title":{"rendered":"Edomex acelera rumbo al Mundial:  rehabilitan 14 km en Neza y Ecatepec  para mover a 2 millones de personas"},"content":{"rendered":"<p>&nbsp;<\/p>\n<ul>\n<li><strong>Garantizar\u00e1 una movilidad eficiente<\/strong><\/li>\n<li><strong>Se avanza en la rehabilitaci\u00f3n de Avenida Central y Perif\u00e9rico Oriente, dos vialidades estrat\u00e9gicas<\/strong><\/li>\n<\/ul>\n<div id=\"attachment_717866\" style=\"width: 415px\" class=\"wp-caption alignnone\"><img loading=\"lazy\" decoding=\"async\" aria-describedby=\"caption-attachment-717866\" class=\"wp-image-717866 size-large\" src=\"https:\/\/www.diarioimagen.net\/wp-content\/uploads\/2026\/04\/DELFINA-1-OK-4-405x270.jpg\" alt=\"\" width=\"405\" height=\"270\" srcset=\"https:\/\/www.diarioimagen.net\/wp-content\/uploads\/2026\/04\/DELFINA-1-OK-4-405x270.jpg 405w, https:\/\/www.diarioimagen.net\/wp-content\/uploads\/2026\/04\/DELFINA-1-OK-4-240x160.jpg 240w, https:\/\/www.diarioimagen.net\/wp-content\/uploads\/2026\/04\/DELFINA-1-OK-4-768x511.jpg 768w, https:\/\/www.diarioimagen.net\/wp-content\/uploads\/2026\/04\/DELFINA-1-OK-4.jpg 1500w\" sizes=\"auto, (max-width: 405px) 100vw, 405px\" \/><p id=\"caption-attachment-717866\" class=\"wp-caption-text\">El Edomex\u00a0 avanza en la rehabilitaci\u00f3n de Avenida Central y Perif\u00e9rico Oriente, dos vialidades estrat\u00e9gicas que suman casi 14.2 kil\u00f3metros de intervenci\u00f3n en los municipios de Nezahualc\u00f3yotl y Ecatepec.<\/p><\/div>\n<p>Para garantizar una movilidad eficiente de cara al Mundial, el Gobierno del Estado de M\u00e9xico avanza en la rehabilitaci\u00f3n de Avenida Central y Perif\u00e9rico Oriente, dos vialidades estrat\u00e9gicas que suman casi 14.2 kil\u00f3metros de intervenci\u00f3n en los municipios de Nezahualc\u00f3yotl y Ecatepec. Estas obras beneficiar\u00e1n a cerca de 2 millones de personas y a m\u00e1s de 180 mil veh\u00edculos que transitan diariamente por ambos corredores.<\/p>\n<p>&nbsp;<\/p>\n<p>En Avenida Central, los trabajos comprenden 8.8 kil\u00f3metros -3.8 en Nezahualc\u00f3yotl y 5 en Ecatepec-, con un avance del 70 por ciento. Por su parte, la rehabilitaci\u00f3n de Perif\u00e9rico Oriente se extiende a lo largo de 5.4 kil\u00f3metros, desde el R\u00edo de los Remedios hasta los puentes de la Alameda Oriente, donde ya se reporta un progreso del 85 por ciento.<\/p>\n<p>&nbsp;<\/p>\n<p>Luego de permanecer sin intervenci\u00f3n durante d\u00e9cadas, ambas vialidades son renovadas con trabajos de terracer\u00eda, fresado y colocaci\u00f3n de carpeta asf\u00e1ltica, as\u00ed como la reposici\u00f3n de luminarias, se\u00f1alizaci\u00f3n horizontal y vertical, renivelaci\u00f3n de pozos y la construcci\u00f3n de banquetas y guarniciones.<\/p>\n<p>&nbsp;<\/p>\n<p>El proyecto tambi\u00e9n contempla jornadas de limpieza en camellones y carriles laterales, en coordinaci\u00f3n con autoridades municipales, adem\u00e1s de la habilitaci\u00f3n de senderos seguros y la renovaci\u00f3n de puentes. Estas acciones forman parte del programa \u201c2026, A\u00f1o de las Obras en Edomex\u201d, con el que se busca modernizar la infraestructura vial y mejorar la calidad de vida de la poblaci\u00f3n.<\/p>\n<p>&nbsp;<\/p>\n<p>&nbsp;<\/p>\n","protected":false},"excerpt":{"rendered":"<p>&nbsp; Garantizar\u00e1 una movilidad eficiente Se avanza en la rehabilitaci\u00f3n de Avenida Central y Perif\u00e9rico Oriente, dos vialidades estrat\u00e9gicas Para garantizar una movilidad eficiente de cara al Mundial, el Gobierno del Estado de M\u00e9xico avanza en la rehabilitaci\u00f3n de Avenida Central y Perif\u00e9rico Oriente, dos vialidades estrat\u00e9gicas que suman casi 14.2 kil\u00f3metros de intervenci\u00f3n en [&hellip;]<\/p>\n","protected":false},"author":14,"featured_media":717866,"comment_status":"open","ping_status":"open","sticky":false,"template":"","format":"standard","meta":{"_monsterinsights_skip_tracking":false,"_monsterinsights_sitenote_active":false,"_monsterinsights_sitenote_note":"","_monsterinsights_sitenote_category":0,"footnotes":""},"categories":[16,5],"tags":[],"class_list":["post-717865","post","type-post","status-publish","format-standard","has-post-thumbnail","hentry","category-destacadas","category-estado-de-mexico"],"_links":{"self":[{"href":"https:\/\/www.diarioimagen.net\/index.php?rest_route=\/wp\/v2\/posts\/717865","targetHints":{"allow":["GET"]}}],"collection":[{"href":"https:\/\/www.diarioimagen.net\/index.php?rest_route=\/wp\/v2\/posts"}],"about":[{"href":"https:\/\/www.diarioimagen.net\/index.php?rest_route=\/wp\/v2\/types\/post"}],"author":[{"embeddable":true,"href":"https:\/\/www.diarioimagen.net\/index.php?rest_route=\/wp\/v2\/users\/14"}],"replies":[{"embeddable":true,"href":"https:\/\/www.diarioimagen.net\/index.php?rest_route=%2Fwp%2Fv2%2Fcomments&post=717865"}],"version-history":[{"count":1,"href":"https:\/\/www.diarioimagen.net\/index.php?rest_route=\/wp\/v2\/posts\/717865\/revisions"}],"predecessor-version":[{"id":717867,"href":"https:\/\/www.diarioimagen.net\/index.php?rest_route=\/wp\/v2\/posts\/717865\/revisions\/717867"}],"wp:featuredmedia":[{"embeddable":true,"href":"https:\/\/www.diarioimagen.net\/index.php?rest_route=\/wp\/v2\/media\/717866"}],"wp:attachment":[{"href":"https:\/\/www.diarioimagen.net\/index.php?rest_route=%2Fwp%2Fv2%2Fmedia&parent=717865"}],"wp:term":[{"taxonomy":"category","embeddable":true,"href":"https:\/\/www.diarioimagen.net\/index.php?rest_route=%2Fwp%2Fv2%2Fcategories&post=717865"},{"taxonomy":"post_tag","embeddable":true,"href":"https:\/\/www.diarioimagen.net\/index.php?rest_route=%2Fwp%2Fv2%2Ftags&post=717865"}],"curies":[{"name":"wp","href":"https:\/\/api.w.org\/{rel}","templated":true}]}}