{"id":717868,"date":"2026-04-29T21:32:11","date_gmt":"2026-04-30T03:32:11","guid":{"rendered":"https:\/\/www.diarioimagen.net\/?p=717868"},"modified":"2026-04-29T21:32:11","modified_gmt":"2026-04-30T03:32:11","slug":"eficiencia-en-generacion-de-ingresos-y-disciplina-en-ejercicio-del-gasto","status":"publish","type":"post","link":"https:\/\/www.diarioimagen.net\/?p=717868","title":{"rendered":"Eficiencia en generaci\u00f3n de ingresos y disciplina en ejercicio del gasto"},"content":{"rendered":"<ul>\n<li><strong>Entrega el GEM Cuenta P\u00fablica 2025<\/strong><\/li>\n<\/ul>\n<p>&nbsp;<\/p>\n<p><img loading=\"lazy\" decoding=\"async\" class=\"alignnone wp-image-717869 size-large\" src=\"https:\/\/www.diarioimagen.net\/wp-content\/uploads\/2026\/04\/EDOMEX-2-OK-14-405x270.jpg\" alt=\"\" width=\"405\" height=\"270\" srcset=\"https:\/\/www.diarioimagen.net\/wp-content\/uploads\/2026\/04\/EDOMEX-2-OK-14-405x270.jpg 405w, https:\/\/www.diarioimagen.net\/wp-content\/uploads\/2026\/04\/EDOMEX-2-OK-14-240x160.jpg 240w, https:\/\/www.diarioimagen.net\/wp-content\/uploads\/2026\/04\/EDOMEX-2-OK-14-768x511.jpg 768w, https:\/\/www.diarioimagen.net\/wp-content\/uploads\/2026\/04\/EDOMEX-2-OK-14.jpg 1500w\" sizes=\"auto, (max-width: 405px) 100vw, 405px\" \/><\/p>\n<p><strong>\u00a0<\/strong><\/p>\n<p>&nbsp;<\/p>\n<p>&nbsp;<\/p>\n<p>Toluca, Estado de M\u00e9xico.\u2013 En cumplimiento del mandato constitucional de rendici\u00f3n de cuentas y en representaci\u00f3n de la Gobernadora del Estado de M\u00e9xico, Maestra Delfina G\u00f3mez \u00c1lvarez, el Secretario de Finanzas, Oscar Flores Jim\u00e9nez, entreg\u00f3 a la LXII Legislatura local la Cuenta P\u00fablica del Gobierno, Organismos Auxiliares y Aut\u00f3nomos del Estado de M\u00e9xico correspondiente al ejercicio fiscal 2025.<\/p>\n<p>El documento refleja una gesti\u00f3n financiera basada en disciplina, eficiencia y orientaci\u00f3n social del gasto, con resultados que contribuyen a la estabilidad econ\u00f3mica de la entidad.<\/p>\n<p>En materia de ingresos, el Gobierno estatal registr\u00f3 un total de 414 mil 959 millones de pesos, cifra superior en 6.8 por ciento a lo aprobado en la Ley de Ingresos, equivalente a 26 mil 408 millones de pesos adicionales.<\/p>\n<p>Este desempe\u00f1o se sustent\u00f3 en el fortalecimiento de los ingresos ordinarios y en el aprovechamiento eficiente de las participaciones y aportaciones federales. El funcionario estatal destac\u00f3 que estos resultados se obtuvieron sin la creaci\u00f3n de nuevos impuestos ni incrementos a la carga fiscal.<\/p>\n<p>En cuanto al gasto p\u00fablico, \u00e9ste ascendi\u00f3 a 399 mil 113 millones de pesos, lo que representa el 98 por ciento del presupuesto autorizado, reflejo de una pol\u00edtica de control, austeridad y uso eficiente de los recursos.<\/p>\n<p>El gasto programable represent\u00f3 el 78 por ciento del total, orientado principalmente a sectores estrat\u00e9gicos como educaci\u00f3n, salud, seguridad p\u00fablica, justicia y bienestar social, lo que reafirma el enfoque del gobierno estatal en la atenci\u00f3n de necesidades prioritarias de la poblaci\u00f3n.<\/p>\n<p>En inversi\u00f3n p\u00fablica, se ejercieron 16 mil 939 millones de pesos, destinados a proyectos de impacto social y territorial, enfocados en mejorar infraestructura y ampliar oportunidades de desarrollo para las y los mexiquenses.<\/p>\n<p>Respecto a la deuda p\u00fablica, el saldo al cierre del ejercicio se ubic\u00f3 en 58 mil 751 millones de pesos, equivalente al 16 por ciento de los ingresos ordinarios, manteni\u00e9ndose en niveles sostenibles y sin la contrataci\u00f3n de nuevos financiamientos.<\/p>\n<p>El Secretario de Finanzas destac\u00f3 que \u201clos resultados del ejercicio fiscal 2025 son resultado de la instrucci\u00f3n de nuestra Gobernadora, Maestra Delfina G\u00f3mez \u00c1lvarez; se ha fortalecido una pol\u00edtica financiera que privilegia la austeridad, la transparencia y la justicia social como ejes rectores de la acci\u00f3n gubernamental\u201d.<\/p>\n<p>Oscar Flores reiter\u00f3 la disposici\u00f3n del Gobierno estatal para colaborar con el Poder Legislativo y el \u00d3rgano Superior de Fiscalizaci\u00f3n en el an\u00e1lisis de la Cuenta P\u00fablica, fortaleciendo la transparencia y la rendici\u00f3n de cuentas.<\/p>\n<p>&nbsp;<\/p>\n<p>&nbsp;<\/p>\n<p>&nbsp;<\/p>\n<p>&nbsp;<\/p>\n<p>&nbsp;<\/p>\n","protected":false},"excerpt":{"rendered":"<p>Entrega el GEM Cuenta P\u00fablica 2025 &nbsp; \u00a0 &nbsp; &nbsp; Toluca, Estado de M\u00e9xico.\u2013 En cumplimiento del mandato constitucional de rendici\u00f3n de cuentas y en representaci\u00f3n de la Gobernadora del Estado de M\u00e9xico, Maestra Delfina G\u00f3mez \u00c1lvarez, el Secretario de Finanzas, Oscar Flores Jim\u00e9nez, entreg\u00f3 a la LXII Legislatura local la Cuenta P\u00fablica del Gobierno, [&hellip;]<\/p>\n","protected":false},"author":14,"featured_media":717869,"comment_status":"open","ping_status":"open","sticky":false,"template":"","format":"standard","meta":{"_monsterinsights_skip_tracking":false,"_monsterinsights_sitenote_active":false,"_monsterinsights_sitenote_note":"","_monsterinsights_sitenote_category":0,"footnotes":""},"categories":[5],"tags":[],"class_list":["post-717868","post","type-post","status-publish","format-standard","has-post-thumbnail","hentry","category-estado-de-mexico"],"_links":{"self":[{"href":"https:\/\/www.diarioimagen.net\/index.php?rest_route=\/wp\/v2\/posts\/717868","targetHints":{"allow":["GET"]}}],"collection":[{"href":"https:\/\/www.diarioimagen.net\/index.php?rest_route=\/wp\/v2\/posts"}],"about":[{"href":"https:\/\/www.diarioimagen.net\/index.php?rest_route=\/wp\/v2\/types\/post"}],"author":[{"embeddable":true,"href":"https:\/\/www.diarioimagen.net\/index.php?rest_route=\/wp\/v2\/users\/14"}],"replies":[{"embeddable":true,"href":"https:\/\/www.diarioimagen.net\/index.php?rest_route=%2Fwp%2Fv2%2Fcomments&post=717868"}],"version-history":[{"count":1,"href":"https:\/\/www.diarioimagen.net\/index.php?rest_route=\/wp\/v2\/posts\/717868\/revisions"}],"predecessor-version":[{"id":717870,"href":"https:\/\/www.diarioimagen.net\/index.php?rest_route=\/wp\/v2\/posts\/717868\/revisions\/717870"}],"wp:featuredmedia":[{"embeddable":true,"href":"https:\/\/www.diarioimagen.net\/index.php?rest_route=\/wp\/v2\/media\/717869"}],"wp:attachment":[{"href":"https:\/\/www.diarioimagen.net\/index.php?rest_route=%2Fwp%2Fv2%2Fmedia&parent=717868"}],"wp:term":[{"taxonomy":"category","embeddable":true,"href":"https:\/\/www.diarioimagen.net\/index.php?rest_route=%2Fwp%2Fv2%2Fcategories&post=717868"},{"taxonomy":"post_tag","embeddable":true,"href":"https:\/\/www.diarioimagen.net\/index.php?rest_route=%2Fwp%2Fv2%2Ftags&post=717868"}],"curies":[{"name":"wp","href":"https:\/\/api.w.org\/{rel}","templated":true}]}}