{"id":717874,"date":"2026-04-29T21:36:20","date_gmt":"2026-04-30T03:36:20","guid":{"rendered":"https:\/\/www.diarioimagen.net\/?p=717874"},"modified":"2026-04-29T21:36:20","modified_gmt":"2026-04-30T03:36:20","slug":"junior-y-la-magia-de-baila-juega-y-aprende","status":"publish","type":"post","link":"https:\/\/www.diarioimagen.net\/?p=717874","title":{"rendered":"\u00a0  Junior y la magia de \u201cBaila, juega y aprende\u201d"},"content":{"rendered":"<ul>\n<li><strong>Este 30 de abril en Plaza Loreto<\/strong><\/li>\n<li><strong>\u00a0<\/strong><strong>El creador de \u201cS\u00f3lo para kids\u201d presenta su octavo lanzamiento, un \u00e1lbum audiovisual que combina ritmos divertidos y valores <\/strong><\/li>\n<\/ul>\n<div id=\"attachment_717875\" style=\"width: 280px\" class=\"wp-caption alignnone\"><img loading=\"lazy\" decoding=\"async\" aria-describedby=\"caption-attachment-717875\" class=\"wp-image-717875 size-large\" src=\"https:\/\/www.diarioimagen.net\/wp-content\/uploads\/2026\/04\/KIDS01-270x270.jpeg\" alt=\"\" width=\"270\" height=\"270\" srcset=\"https:\/\/www.diarioimagen.net\/wp-content\/uploads\/2026\/04\/KIDS01-270x270.jpeg 270w, https:\/\/www.diarioimagen.net\/wp-content\/uploads\/2026\/04\/KIDS01-240x240.jpeg 240w, https:\/\/www.diarioimagen.net\/wp-content\/uploads\/2026\/04\/KIDS01-150x150.jpeg 150w, https:\/\/www.diarioimagen.net\/wp-content\/uploads\/2026\/04\/KIDS01-768x768.jpeg 768w, https:\/\/www.diarioimagen.net\/wp-content\/uploads\/2026\/04\/KIDS01-1536x1536.jpeg 1536w, https:\/\/www.diarioimagen.net\/wp-content\/uploads\/2026\/04\/KIDS01-50x50.jpeg 50w, https:\/\/www.diarioimagen.net\/wp-content\/uploads\/2026\/04\/KIDS01-75x75.jpeg 75w, https:\/\/www.diarioimagen.net\/wp-content\/uploads\/2026\/04\/KIDS01-70x70.jpeg 70w, https:\/\/www.diarioimagen.net\/wp-content\/uploads\/2026\/04\/KIDS01.jpeg 1575w\" sizes=\"auto, (max-width: 270px) 100vw, 270px\" \/><p id=\"caption-attachment-717875\" class=\"wp-caption-text\">Junior, creador de \u201cS\u00f3lo para kids\u201d, presenta \u201cBaila, juega y aprende: Las Tablas de Multiplicar\u201d, un \u00e1lbum que une m\u00fasica, valores y tecnolog\u00eda.<\/p><\/div>\n<p><strong>Por Arturo Arellano<\/strong><\/p>\n<p>&nbsp;<\/p>\n<p>El proyecto infantil \u201cS\u00f3lo para kids\u201d, encabezado por Junior, estren\u00f3 en plataformas digitales y en YouTube su nuevo material discogr\u00e1fico \u201cBaila, juega y aprende\u201d, una propuesta que busca que ni\u00f1as y ni\u00f1os canten, bailen y aprendan al mismo tiempo. Este lanzamiento se suma a la trayectoria del artista dentro del sello tapat\u00edo Mayra Music, co-creadores de Wapayasos, y se presenta como el octavo estreno del proyecto en plataformas digitales.<\/p>\n<p>&nbsp;<\/p>\n<p>En entrevista, Junior comparti\u00f3 que este nuevo material llega en un momento en el que busca ofrecer contenido positivo en medio de tantas noticias negativas. Cont\u00f3 que \u201cha sido una experiencia muy bonita, porque en la actualidad con tantas noticias negativas, tenemos tambi\u00e9n este pa\u00eds de cultura de esparcimiento y estamos ofreciendo una herramienta a los padres, para que sus hijos puedan ver nuestro material aprendiendo, eso me pone muy feliz, culminar este proceso de grabaci\u00f3n, audio, video edici\u00f3n, lo que nos llev\u00f3 meses\u201d.<\/p>\n<p>&nbsp;<\/p>\n<p><strong>De un centro comercial a las plataformas digitales<\/strong><\/p>\n<p><strong>\u00a0<\/strong><\/p>\n<p>La historia de Junior con \u201cS\u00f3lo para kids\u201d comenz\u00f3 como un aut\u00e9ntico cuento de hadas. El productor Ram\u00f3n Fern\u00e1ndez lo descubri\u00f3 cuando a\u00fan era muy joven, al verlo bailar y cantar en un centro comercial; qued\u00f3 tan sorprendido que le dio su tarjeta y le pidi\u00f3 que lo llamara, iniciando as\u00ed una colaboraci\u00f3n que lo llevar\u00eda al estudio de grabaci\u00f3n.<\/p>\n<p>&nbsp;<\/p>\n<p>Su primera incursi\u00f3n fue con \u201cCuentos de Navidad\u201d y posteriormente con \u201cLas Tablas con los animalitos de la granja\u201d, donde, adem\u00e1s de cantar, escribir y componer, Junior prest\u00f3 su voz para dar vida a una gallina, un cotorro, un pato, un canario, un abejorro, un gato, un burro, un sapo, un borrego, un cerdo y un perro, e incluso interpret\u00f3 a Santa Claus en una versi\u00f3n navide\u00f1a que marc\u00f3 a toda una generaci\u00f3n de ni\u00f1os.<\/p>\n<p>&nbsp;<\/p>\n<p>Hoy, la hija de Don Ram\u00f3n, quien de ni\u00f1a particip\u00f3 en los coros de esos discos, busc\u00f3 a Junior el a\u00f1o pasado para crear un \u00e1lbum dirigido a los ni\u00f1os de esta nueva generaci\u00f3n, m\u00e1s visuales y acostumbrados a contenidos breves y din\u00e1micos. As\u00ed naci\u00f3 \u201cBaila, juega y aprende\u201d.<\/p>\n<p>&nbsp;<\/p>\n<p><strong>Un \u00e1lbum que educa, mueve y entretiene<\/strong><\/p>\n<p>Junior explica \u201cLa recepci\u00f3n ha sido muy grata, es la segunda generaci\u00f3n de ni\u00f1os que me toca acompa\u00f1ar de la manita. Este disco tuvo una primera versi\u00f3n hace algunos a\u00f1os, pero ahora los productores creen en m\u00ed y hacemos este nuevo disco, los ni\u00f1os que escucharon la primera versi\u00f3n ya son j\u00f3venes; y los productores me han buscado para llevar estas canciones a las nuevas generaciones\u201d.<\/p>\n<p>&nbsp;<\/p>\n<p>El contenido de \u201cBaila, juega y aprende\u201d ha sido desarrollado con tecnolog\u00eda actual, incluida la inteligencia artificial, lo que permite una propuesta audiovisual competitiva frente a las grandes producciones infantiles. \u201cAprovechamos la nueva tecnolog\u00eda, todo est\u00e1 muy hecho es algo de calidad para el p\u00fablico tal como lo merece\u201d, afirma Junior.<\/p>\n<p>&nbsp;<\/p>\n<p>Este \u00e1lbum incluye pr\u00e1cticamente todos los ritmos: \u201cguapachoso, flamenco, marcha, todos los ritmos que para un ni\u00f1o le gestionan la creatividad y la psicomotricidad, ven la pantalla pero tambi\u00e9n se est\u00e1n moviendo, ese era el objetivo, que los ni\u00f1os no fueran sedentarios\u201d.<\/p>\n<p>&nbsp;<\/p>\n<p><strong>Las tablas de multiplicar con Bee y Junior<\/strong><\/p>\n<p><strong>\u00a0<\/strong><\/p>\n<p>\u201cBaila, juega y aprende: Las Tablas de Multiplicar. Del 2 al 12\u201d es el coraz\u00f3n did\u00e1ctico de este lanzamiento, presentado por Mayra Music. Se trata de m\u00e1s de 20 minutos de diversi\u00f3n, educaci\u00f3n y sano entretenimiento en formato audiovisual, pensado como \u201cla mejor herramienta digital para los padres\u201d.<\/p>\n<p>&nbsp;<\/p>\n<p>Disponible en Spotify, YouTube Music, Apple Music, Amazon Music, Deezer y Tidal, el material invita a chicos y grandes a estudiar de forma sencilla y entretenida. Adem\u00e1s, introduce a la audiencia a Junior y a la abejita Bee, personajes que acompa\u00f1an a los ni\u00f1os en el aprendizaje de las tablas de multiplicar del 2 al 12.<\/p>\n<p>&nbsp;<\/p>\n<p>Adem\u00e1s del trabajo en estudio, Junior se dice especialmente emocionado por las presentaciones presenciales. \u201cEstamos muy contentos porque el pr\u00f3ximo jueves 30 de abril nos presentaremos en un lugar p\u00fablico de acceso libre para toda la familia, caben muchas personas, si\u00e9ntanse en confianza, estaremos en Plaza Loreto a las 5 de la tarde\u201d. Ver de cerca la reacci\u00f3n del p\u00fablico es lo que m\u00e1s disfruta: \u201cEso nos llena de emoci\u00f3n, porque hacer videos me encanta, pero me gusta ver m\u00e1s la respuesta inmediata del os ni\u00f1os, de sus familias, hasta de los abuelitos\u201d.<\/p>\n<p>&nbsp;<\/p>\n<p>Describe el espect\u00e1culo como \u201cuna especie de viaje, hemos elegido un repertorio que engancha tanto a padres como a los ni\u00f1os, con canciones cl\u00e1sicas desde Cepillin, Timbiriche, Shakira, pero covers para los ni\u00f1os, hacemos una fiesta con letras modificadas para que un ni\u00f1o las pueda escuchar y bailar con sus familias\u201d concluy\u00f3.<\/p>\n<p>&nbsp;<\/p>\n<p><strong>\u00a0<\/strong><\/p>\n","protected":false},"excerpt":{"rendered":"<p>Este 30 de abril en Plaza Loreto \u00a0El creador de \u201cS\u00f3lo para kids\u201d presenta su octavo lanzamiento, un \u00e1lbum audiovisual que combina ritmos divertidos y valores Por Arturo Arellano &nbsp; El proyecto infantil \u201cS\u00f3lo para kids\u201d, encabezado por Junior, estren\u00f3 en plataformas digitales y en YouTube su nuevo material discogr\u00e1fico \u201cBaila, juega y aprende\u201d, una [&hellip;]<\/p>\n","protected":false},"author":14,"featured_media":717875,"comment_status":"open","ping_status":"open","sticky":false,"template":"","format":"standard","meta":{"_monsterinsights_skip_tracking":false,"_monsterinsights_sitenote_active":false,"_monsterinsights_sitenote_note":"","_monsterinsights_sitenote_category":0,"footnotes":""},"categories":[16,12],"tags":[],"class_list":["post-717874","post","type-post","status-publish","format-standard","has-post-thumbnail","hentry","category-destacadas","category-espectaculos"],"_links":{"self":[{"href":"https:\/\/www.diarioimagen.net\/index.php?rest_route=\/wp\/v2\/posts\/717874","targetHints":{"allow":["GET"]}}],"collection":[{"href":"https:\/\/www.diarioimagen.net\/index.php?rest_route=\/wp\/v2\/posts"}],"about":[{"href":"https:\/\/www.diarioimagen.net\/index.php?rest_route=\/wp\/v2\/types\/post"}],"author":[{"embeddable":true,"href":"https:\/\/www.diarioimagen.net\/index.php?rest_route=\/wp\/v2\/users\/14"}],"replies":[{"embeddable":true,"href":"https:\/\/www.diarioimagen.net\/index.php?rest_route=%2Fwp%2Fv2%2Fcomments&post=717874"}],"version-history":[{"count":1,"href":"https:\/\/www.diarioimagen.net\/index.php?rest_route=\/wp\/v2\/posts\/717874\/revisions"}],"predecessor-version":[{"id":717876,"href":"https:\/\/www.diarioimagen.net\/index.php?rest_route=\/wp\/v2\/posts\/717874\/revisions\/717876"}],"wp:featuredmedia":[{"embeddable":true,"href":"https:\/\/www.diarioimagen.net\/index.php?rest_route=\/wp\/v2\/media\/717875"}],"wp:attachment":[{"href":"https:\/\/www.diarioimagen.net\/index.php?rest_route=%2Fwp%2Fv2%2Fmedia&parent=717874"}],"wp:term":[{"taxonomy":"category","embeddable":true,"href":"https:\/\/www.diarioimagen.net\/index.php?rest_route=%2Fwp%2Fv2%2Fcategories&post=717874"},{"taxonomy":"post_tag","embeddable":true,"href":"https:\/\/www.diarioimagen.net\/index.php?rest_route=%2Fwp%2Fv2%2Ftags&post=717874"}],"curies":[{"name":"wp","href":"https:\/\/api.w.org\/{rel}","templated":true}]}}