{"id":717977,"date":"2026-04-29T22:19:50","date_gmt":"2026-04-30T04:19:50","guid":{"rendered":"https:\/\/www.diarioimagen.net\/?p=717977"},"modified":"2026-04-29T22:19:50","modified_gmt":"2026-04-30T04:19:50","slug":"la-denuncia-de-eu-contra-ruben-rocha-va-directo-al-corazon-de-la-4t","status":"publish","type":"post","link":"https:\/\/www.diarioimagen.net\/?p=717977","title":{"rendered":"La denuncia de EU contra Rub\u00e9n  Rocha va directo al coraz\u00f3n de la 4T"},"content":{"rendered":"<p>&nbsp;<\/p>\n<p><strong>\u00a0<\/strong><\/p>\n<p><strong>\u00a0<\/strong><\/p>\n<p>&nbsp;<\/p>\n<p><strong>\u00a0<\/strong><\/p>\n<p><strong>TRAS LA PUERTA DEL PODER Roberto Vizca\u00edno<\/strong><\/p>\n<p><strong>\u00a0<\/strong><\/p>\n<p>&nbsp;<\/p>\n<p>&nbsp;<\/p>\n<p>El Fiscal Federal para el Distrito Sur de Nueva York,\u00a0<strong>Jay Clayton<\/strong>, y el administrador de la Agencia Antidrogas de Estados Unidos, la DEA,<strong>\u00a0Terrance C. Cole<\/strong>, acusaron ayer formalmente al gobernador de Sinaloa,\u00a0<strong>Rub\u00e9n Rocha Moya,<\/strong>\u00a0y 9 m\u00e1s de su equipo de v\u00ednculos con el C\u00e1rtel de Sinaloa.<\/p>\n<p>El caso fue asignado a la jueza federal\u00a0<strong>Katherine Polk Failla.<\/strong><\/p>\n<p>La acusaci\u00f3n la hace la Unidad de Seguridad Nacional y Narc\u00f3ticos Internacionales de la Fiscal\u00eda. Los fiscales federales adjuntos a cargo del caso<strong>\u00a0son Jane Y. Chong<\/strong>,\u00a0<strong>Sarah L. Kushner<\/strong>\u00a0y\u00a0<strong>David J. Robles<\/strong>.<\/p>\n<p>Es, dicen quienes saben de esto, el primer golpe de varios a altos funcionarios mexicanos, en su mayor\u00eda surgidos del partido en el poder, de Morena, que adem\u00e1s detenta el control de la Presidencia del pa\u00eds, la mayor\u00eda del Congreso y la sumisi\u00f3n absoluta del Poder Judicial, especialmente de la Suprema Corte.<\/p>\n<p>Junto con\u00a0<strong>Rocha Moya,<\/strong>\u00a0el Fiscal Federal para el Distrito Sur de Nueva York,\u00a0<strong>Jay Clayton<\/strong>\u00a0acusa al senador de Morena por Sinaloa,\u00a0<strong>Enrique Inzunza C\u00e1zarez, <\/strong>presidente de la Comisi\u00f3n de Estudios Legislativos, ex\u00a0secretario general de Gobierno.<\/p>\n<p><strong>A Enrique D\u00edaz Vega<\/strong>, ex secretario de Administraci\u00f3n y Finanzas del Gobierno de Sinaloa.<\/p>\n<p><strong>A D\u00e1maso Castro Zaavedra,\u00a0<\/strong>Fiscal General Adjunto de la Fiscal\u00eda General de Sinaloa.<\/p>\n<p><strong>A Marco Antonio Almanza Avil\u00e9s<\/strong>, ex jefe de la Polic\u00eda de Investigaci\u00f3n de la Fiscal\u00eda General del Estado de Sinaloa.<\/p>\n<p><strong>A Jorge Alberto Contreras N\u00fa\u00f1ez, alias A\/K\/A &#8211; \u201cCholo<\/strong>\u201d, ex jefe de la Polic\u00eda de Investigaci\u00f3n de la Fiscal\u00eda General del Estado de Sinaloa<\/p>\n<p><strong>A Gerardo M\u00e9rida S\u00e1nchez, <\/strong>secretario de Seguridad P\u00fablica Estatal en Sinaloa, hasta el s\u00e1bado 21 de diciembre de 2024.<\/p>\n<p><strong>A Gerardo M\u00e9rida S\u00e1nchez<\/strong>, ex secretario de Seguridad P\u00fablica de Sinaloa.<\/p>\n<p><strong>A Jos\u00e9 Antonio Dionisio Hip\u00f3lito<\/strong>,\u00a0<strong>alias \u201cTornado\u201d,\u00a0<\/strong>ex director Adjunto de la Polic\u00eda Estatal de Sinaloa.<\/p>\n<p><strong>A Juan de Dios G\u00e1mez Mend\u00edvil<\/strong>, alcalde de Culiac\u00e1n.<\/p>\n<p><strong>Y a Juan Valenzuela Mill\u00e1n<\/strong>,\u00a0<strong>alias \u201cJuanito\u201d,<\/strong>\u00a0ex comandante de la Polic\u00eda Municipal de Culiac\u00e1n, quien adem\u00e1s es se\u00f1alado de participar en el secuestro y asesinato de un colaborador y fuente de la DEA y un familiar de \u00e9ste.<\/p>\n<p><strong>\u00a0<\/strong><\/p>\n<p><strong>\u00a0<\/strong><\/p>\n<p><strong>El mensaje<\/strong><\/p>\n<p>&nbsp;<\/p>\n<p>\u201cQue este sea un mensaje claro a todos los funcionarios del mundo que colaboran con narcotraficantes: sin importar su cargo o posici\u00f3n, estamos comprometidos a llevarlos ante la justicia\u201d, indic\u00f3 el fiscal\u00a0<strong>Clayton.<\/strong><\/p>\n<p>Dijo:<\/p>\n<p>\u201cEl C\u00e1rtel de Sinaloa es una organizaci\u00f3n criminal despiadada que ha inundado esta comunidad con drogas peligrosas durante d\u00e9cadas\u2026 El C\u00e1rtel de Sinaloa no operar\u00eda con tanta libertad ni \u00e9xito sin pol\u00edticos y funcionarios policiales corruptos a sueldo. El apoyo de funcionarios corruptos debe terminar.<\/p>\n<p>\u201cEl C\u00e1rtel de Sinaloa no solo trafica drogas letales, sino que es una organizaci\u00f3n terrorista designada que se vale de la corrupci\u00f3n y el soborno para fomentar la violencia y el lucro\u201d, declar\u00f3 el jefe de la DEA,\u00a0<strong>Terrance Cole<\/strong>.<\/p>\n<p><strong>La embajada de EU,\u00a0<\/strong>a cargo de\u00a0<strong>Ronald Johnson, <\/strong>indic\u00f3 haber tomado nota del inicio de este proceso en NY contra Rocha Moya y 9 m\u00e1s de su equipo.<\/p>\n<p>\u201cCombatir la corrupci\u00f3n y la actividad criminal transnacional es una prioridad compartida por Estados Unidos y M\u00e9xico\u201d, difundi\u00f3 la embajada.<\/p>\n<p><strong>Rocha Moya<\/strong>\u00a0-uno de los m\u00e1s cercanos a\u00a0<strong>Andr\u00e9s Manuel L\u00f3pez Obrador<\/strong>\u00a0desde inicios del 2000 y su paso por la Jefatura de Gobierno de la Ciudad de M\u00e9xico- \u00a0fue elegido gobernador de Sinaloa por voluntad de\u00a0<strong>AMLO<\/strong>\u00a0en un proceso muy cuestionado en 2021, en el que se involucr\u00f3 abiertamente el C\u00e1rtel de Sinaloa a trav\u00e9s del secuestro de opositores.<\/p>\n<p>Es gobernador desde el 1 de noviembre de 2021 y opositores y corrientes de la poblaci\u00f3n han pedido insistentemente su renuncia luego de que se le involucr\u00f3 en el secuestro de\u00a0<strong>Ismael \u201cEl Mayo\u201d Zambada<\/strong>\u00a0-de quien se presume era su amigo- y en el asesinato del diputado\u00a0<strong>H\u00e9ctor Melesio Cu\u00e9n Ojeda<\/strong>.<\/p>\n<p><strong>Rocha Moya<\/strong>\u00a0fue decididamente protegido por el entonces presidente\u00a0<strong>Andr\u00e9s Manuel L\u00f3pez Obrador<\/strong>\u00a0y por su sucesora,\u00a0<strong>Claudia Sheinbaum<\/strong>, as\u00ed como por los liderazgos de Morena en el Senado, con\u00a0<strong>Ad\u00e1n Augusto L\u00f3pez<\/strong>\u00a0a la cabeza, y en Diputados, por\u00a0<strong>Ricardo Monreal<\/strong>, y las bancadas del oficialismo Morena, PT y Verde.<\/p>\n<p>&nbsp;<\/p>\n<p><strong>La respuesta de Rocha<\/strong><\/p>\n<p>&nbsp;<\/p>\n<p>Enterado del inicio de su proceso en NY, Rocha Moya dijo:<\/p>\n<p>\u201cRechazo categ\u00f3rica y absolutamente las imputaciones formuladas en mi contra, por la Fiscal\u00eda Federal del Distrito Sur de Nueva York, ya que carecen de veracidad y fundamento alguno.\u00a0 Y as\u00ed se demostrar\u00e1, con toda contundencia, en el momento oportuno.<\/p>\n<p><strong>Este ataque no es \u00fanicamente a mi persona; sino al movimiento de la Cuarta Transformaci\u00f3n, a sus emblem\u00e1ticos liderazgos (con ello intenta jalar a Andr\u00e9s Manuel L\u00f3pez Obrador y a la presidenta Claudia Sheinbaum)<\/strong>, y a las y los mexicanos que representamos esa causa.<\/p>\n<p>\u201c(En un intento por convertir su caso en un golpe contra M\u00e9xico, afirma:) Se inscribe en una perversa estrategia para violentar el orden constitucional, espec\u00edficamente la soberan\u00eda nacional que preconiza el art\u00edculo 40 de la Constituci\u00f3n Pol\u00edtica de los Estados Unidos Mexicanos, que nuestro movimiento defiende como principio invariable e innegociable.<\/p>\n<p>\u201cA las y los sinaloenses les digo que, con el valor y la dignidad que nos caracterizan, demostraremos la falta de sustento de esta calumnia\u201d, concluye.<\/p>\n<p>Iniciado este proceso en Nueva York, todos los mexicanos esperamos la respuesta de la presidenta\u00a0<strong>Claudia Sheinbaum<\/strong>, el Senado y la C\u00e1mara de Diputados y el conjunto de la 4T, incluidos sus aliados PT y Verde, que antes aplaudieron a rabiar por el proceso y sentencia a\u00a0<strong>Genaro Garc\u00eda Luna<\/strong>\u00a0en ese mismo tribunal y fiscal\u00eda.<\/p>\n<p>&nbsp;<\/p>\n<p>Twitter: @_Vizcaino \/ Facebook<\/p>\n<p>\/\u00a0<a href=\"https:\/\/www.facebook.com\/rvizcainoa\">https:\/\/www.facebook.com\/rvizcainoa<\/a><\/p>\n<p>&nbsp;<\/p>\n","protected":false},"excerpt":{"rendered":"<p>&nbsp; \u00a0 \u00a0 &nbsp; \u00a0 TRAS LA PUERTA DEL PODER Roberto Vizca\u00edno \u00a0 &nbsp; &nbsp; El Fiscal Federal para el Distrito Sur de Nueva York,\u00a0Jay Clayton, y el administrador de la Agencia Antidrogas de Estados Unidos, la DEA,\u00a0Terrance C. Cole, acusaron ayer formalmente al gobernador de Sinaloa,\u00a0Rub\u00e9n Rocha Moya,\u00a0y 9 m\u00e1s de su equipo de [&hellip;]<\/p>\n","protected":false},"author":14,"featured_media":0,"comment_status":"open","ping_status":"open","sticky":false,"template":"","format":"standard","meta":{"_monsterinsights_skip_tracking":false,"_monsterinsights_sitenote_active":false,"_monsterinsights_sitenote_note":"","_monsterinsights_sitenote_category":0,"footnotes":""},"categories":[4,136],"tags":[],"class_list":["post-717977","post","type-post","status-publish","format-standard","hentry","category-opinion","category-roberto-vizcaino-opinion"],"_links":{"self":[{"href":"https:\/\/www.diarioimagen.net\/index.php?rest_route=\/wp\/v2\/posts\/717977","targetHints":{"allow":["GET"]}}],"collection":[{"href":"https:\/\/www.diarioimagen.net\/index.php?rest_route=\/wp\/v2\/posts"}],"about":[{"href":"https:\/\/www.diarioimagen.net\/index.php?rest_route=\/wp\/v2\/types\/post"}],"author":[{"embeddable":true,"href":"https:\/\/www.diarioimagen.net\/index.php?rest_route=\/wp\/v2\/users\/14"}],"replies":[{"embeddable":true,"href":"https:\/\/www.diarioimagen.net\/index.php?rest_route=%2Fwp%2Fv2%2Fcomments&post=717977"}],"version-history":[{"count":1,"href":"https:\/\/www.diarioimagen.net\/index.php?rest_route=\/wp\/v2\/posts\/717977\/revisions"}],"predecessor-version":[{"id":717978,"href":"https:\/\/www.diarioimagen.net\/index.php?rest_route=\/wp\/v2\/posts\/717977\/revisions\/717978"}],"wp:attachment":[{"href":"https:\/\/www.diarioimagen.net\/index.php?rest_route=%2Fwp%2Fv2%2Fmedia&parent=717977"}],"wp:term":[{"taxonomy":"category","embeddable":true,"href":"https:\/\/www.diarioimagen.net\/index.php?rest_route=%2Fwp%2Fv2%2Fcategories&post=717977"},{"taxonomy":"post_tag","embeddable":true,"href":"https:\/\/www.diarioimagen.net\/index.php?rest_route=%2Fwp%2Fv2%2Ftags&post=717977"}],"curies":[{"name":"wp","href":"https:\/\/api.w.org\/{rel}","templated":true}]}}