{"id":718041,"date":"2026-04-30T22:39:49","date_gmt":"2026-05-01T04:39:49","guid":{"rendered":"https:\/\/www.diarioimagen.net\/?p=718041"},"modified":"2026-04-30T22:39:49","modified_gmt":"2026-05-01T04:39:49","slug":"neru-thee-fourth-fugee-debuta-con-show-en-mexico","status":"publish","type":"post","link":"https:\/\/www.diarioimagen.net\/?p=718041","title":{"rendered":"Neru Thee Fourth Fugee debuta con show en M\u00e9xico"},"content":{"rendered":"<ul>\n<li><strong>Con \u00ab4th Chamber\u00bb en el ic\u00f3nico Multiforo Alicia<\/strong><\/li>\n<li><strong>La rapera presenta su segundo \u00e1lbum, producido por Killah Priest de Wu-Tang Clan<\/strong><\/li>\n<\/ul>\n<p><img loading=\"lazy\" decoding=\"async\" class=\"alignnone wp-image-718043 size-large\" src=\"https:\/\/www.diarioimagen.net\/wp-content\/uploads\/2026\/04\/Screenshot_20260430_213142_Gallery-233x270.jpg\" alt=\"\" width=\"233\" height=\"270\" srcset=\"https:\/\/www.diarioimagen.net\/wp-content\/uploads\/2026\/04\/Screenshot_20260430_213142_Gallery-233x270.jpg 233w, https:\/\/www.diarioimagen.net\/wp-content\/uploads\/2026\/04\/Screenshot_20260430_213142_Gallery-208x240.jpg 208w, https:\/\/www.diarioimagen.net\/wp-content\/uploads\/2026\/04\/Screenshot_20260430_213142_Gallery-768x888.jpg 768w, https:\/\/www.diarioimagen.net\/wp-content\/uploads\/2026\/04\/Screenshot_20260430_213142_Gallery.jpg 1079w\" sizes=\"auto, (max-width: 233px) 100vw, 233px\" \/><\/p>\n<p><strong>Por Arturo Arellano<\/strong><\/p>\n<p>La rapera de Baltimore presenta su segundo \u00e1lbum, producido por Killah Priest de Wu-Tang Clan, en un evento con Eptos Uno, Nedman Guerrero y m\u00e1s talentos del hip-hop. En exclusiva, habla de empoderamiento espiritual, conexi\u00f3n con la cultura prehisp\u00e1nica y la resistencia del foro Alicia. Este 2 de mayo, un viaje psicod\u00e9lico en Santa Mar\u00eda la Ribera.<\/p>\n<p>Por primera vez en M\u00e9xico, la visionaria de Baltimore, Neru Thee Fourth Fugee, presenta su nuevo y segundo \u00e1lbum 4th Chamber, producido por la leyenda de Wu-Tang Clan, Killah Priest. Tomando inspiraci\u00f3n del cl\u00e1sico 36 Chambers de Wu-Tang Clan, Neru reimagina la idea de las \u201cc\u00e1maras\u201d como niveles de sabidur\u00eda que se desbloquean a lo largo del viaje de la vida. El resultado es una expansi\u00f3n afrofuturista del legado Wu, filtrada a trav\u00e9s de la crudeza de Baltimore y una imaginaci\u00f3n celestial, con presencia previa en COLORS, On The Radar Radio y Billboard.<\/p>\n<p><strong>L\u00ednea Estelar de Artistas Locales e Internacionales<\/strong><\/p>\n<p>El evento re\u00fane a raperos y productores destacados: Eptos Uno, pionero del battle rap en espa\u00f1ol, campe\u00f3n nacional de Red Bull Batalla 2007 y fundador de Spit MX; Nedman Guerrero, MC y productor con ra\u00edces en graffiti y colaboraciones como Clan Of The White Lotus; Luna Roots, cuya l\u00edrica conecta lo personal con lo comunitario y pol\u00edtico. Tambi\u00e9n Hito desde Baltimore con trap y EDM, DJ Tukul Paxil de TodosLos Muertos, DaFat House con su Fatality de 2025, Phunksters en vinilos funk y Septiembre Negrx, quien ha trabajado con Kinetic 9 de Killarmy y la misma Neru.<\/p>\n<p>Neru Thee Fourth Fugee nos cont\u00f3 en entrevista: \u201cTenemos un show con varios artistas, raperos, esperamos verlos ah\u00ed\u201d. Este multiforo representa cultura y resistencia: \u201cEstar en el foro Alicia es muy importante, es fascinante saber la historia de este lugar porque nos podemos alinear con el tipo de cultura y resistencia que representa, es un lugar que se mantiene firme a pesar de todo\u201d.<\/p>\n<p>\u201cEl tipo de mensaje es recordarle a la gente que tienen poder, que a veces el medio de expresarse es la m\u00fasica, da una chispa en la mente que nos hace pensar m\u00e1s y atrevernos, tener conocimiento, el conocimiento es poder\u201d, declara la artista. Describe el evento como \u201cun evento psicod\u00e9lico espiritual, espero conectar con la gente de M\u00e9xico\u201d.<\/p>\n<p>Profundiza en afinidades culturales: \u201cHe visto esa parte cultural de M\u00e9xico, la ayahuasca, por ejemplo, es algo con lo que he conectado. Me encanta lo espiritual, lo prehisp\u00e1nico, la medicina ancestral, los honguitos, me gustar\u00eda que alg\u00fan d\u00eda pueda ir por toda Latinoam\u00e9rica conectar espiritualmente porque ese es el tipo de m\u00fasica que hago, para sentir, para que viajen, quiero rescatar las creencias y sabidur\u00eda ind\u00edgena, espero que se me de esa oportunidad\u201d.<\/p>\n<p><strong>Cr\u00edtica al Control y Planes en M\u00e9xico<\/strong><\/p>\n<p>\u201cEspiritualmente siento que todo lo que pasa en el mundo son t\u00e1cticas de control y de miedo, para que la gente no se le vante ni sienta, cuando la gente se mueve, despierta, sienten, cuando no sienten se dejan oprimir y que los poderosos los pisen\u201d, afirma con contundencia [query]. Sobre su paso por M\u00e9xico: \u201cDe momento no estoy muy segura de lo que nos llevaremos de M\u00e9xico, pero espero conectar espiritualmente, iremos a Teotihuac\u00e1n, al Museo de Antropolog\u00eda y llevar inspiraci\u00f3n de las costumbres prehisp\u00e1nicas\u201d.<\/p>\n<p>El show se realiza este 2 de mayo en el Multiforo Alicia, espacio fundado en 1995 por Ignacio Pineda como basti\u00f3n de la contracultura en CDMX, reabierto en 2024 en Santa Mar\u00eda la Ribera tras a\u00f1os de resistencia. Acceso a las 4:30 pm e inicio a las 5:00 pm, con boletos en taquilla y XOC-TICKETS.COM.<\/p>\n<p>&nbsp;<\/p>\n<blockquote><p>&#8211; Neru Thee Fourth Fugee llega por primera vez a M\u00e9xico para mostrar \u00ab4th Chamber\u00bb, inspirado en \u00ab36 Chambers\u00bb de Wu-Tang.<br \/>\n&#8211; Evento con invitados como Eptos Uno, pionero del battle rap, y Luna Roots, voz pol\u00edtica mexicana.<br \/>\n&#8211; \u00abEl conocimiento es poder\u00bb, afirma la artista sobre su mensaje de despertar espiritual.<\/p><\/blockquote>\n<p>&nbsp;<\/p>\n","protected":false},"excerpt":{"rendered":"<p>Con \u00ab4th Chamber\u00bb en el ic\u00f3nico Multiforo Alicia La rapera presenta su segundo \u00e1lbum, producido por Killah Priest de Wu-Tang Clan Por Arturo Arellano La rapera de Baltimore presenta su segundo \u00e1lbum, producido por Killah Priest de Wu-Tang Clan, en un evento con Eptos Uno, Nedman Guerrero y m\u00e1s talentos del hip-hop. En exclusiva, habla [&hellip;]<\/p>\n","protected":false},"author":14,"featured_media":718043,"comment_status":"open","ping_status":"open","sticky":false,"template":"","format":"standard","meta":{"_monsterinsights_skip_tracking":false,"_monsterinsights_sitenote_active":false,"_monsterinsights_sitenote_note":"","_monsterinsights_sitenote_category":0,"footnotes":""},"categories":[12,5],"tags":[],"class_list":["post-718041","post","type-post","status-publish","format-standard","has-post-thumbnail","hentry","category-espectaculos","category-estado-de-mexico"],"_links":{"self":[{"href":"https:\/\/www.diarioimagen.net\/index.php?rest_route=\/wp\/v2\/posts\/718041","targetHints":{"allow":["GET"]}}],"collection":[{"href":"https:\/\/www.diarioimagen.net\/index.php?rest_route=\/wp\/v2\/posts"}],"about":[{"href":"https:\/\/www.diarioimagen.net\/index.php?rest_route=\/wp\/v2\/types\/post"}],"author":[{"embeddable":true,"href":"https:\/\/www.diarioimagen.net\/index.php?rest_route=\/wp\/v2\/users\/14"}],"replies":[{"embeddable":true,"href":"https:\/\/www.diarioimagen.net\/index.php?rest_route=%2Fwp%2Fv2%2Fcomments&post=718041"}],"version-history":[{"count":1,"href":"https:\/\/www.diarioimagen.net\/index.php?rest_route=\/wp\/v2\/posts\/718041\/revisions"}],"predecessor-version":[{"id":718044,"href":"https:\/\/www.diarioimagen.net\/index.php?rest_route=\/wp\/v2\/posts\/718041\/revisions\/718044"}],"wp:featuredmedia":[{"embeddable":true,"href":"https:\/\/www.diarioimagen.net\/index.php?rest_route=\/wp\/v2\/media\/718043"}],"wp:attachment":[{"href":"https:\/\/www.diarioimagen.net\/index.php?rest_route=%2Fwp%2Fv2%2Fmedia&parent=718041"}],"wp:term":[{"taxonomy":"category","embeddable":true,"href":"https:\/\/www.diarioimagen.net\/index.php?rest_route=%2Fwp%2Fv2%2Fcategories&post=718041"},{"taxonomy":"post_tag","embeddable":true,"href":"https:\/\/www.diarioimagen.net\/index.php?rest_route=%2Fwp%2Fv2%2Ftags&post=718041"}],"curies":[{"name":"wp","href":"https:\/\/api.w.org\/{rel}","templated":true}]}}