{"id":729913,"date":"2026-06-25T20:02:09","date_gmt":"2026-06-26T02:02:09","guid":{"rendered":"https:\/\/www.diarioimagen.net\/?p=729913"},"modified":"2026-06-25T20:02:42","modified_gmt":"2026-06-26T02:02:42","slug":"leonardo-ramirez-va-por-la-corona-del-regional","status":"publish","type":"post","link":"https:\/\/www.diarioimagen.net\/?p=729913","title":{"rendered":"Leonardo Ram\u00edrez, va por la corona del regional  \u00a0"},"content":{"rendered":"<ul>\n<li><strong>Con apenas 17 a\u00f1os de edad<\/strong><\/li>\n<li><strong>Se ha dedicado a interpretar temas como \u201cQue se canse de llamar\u201d, de los Plebes del Rancho i \u201cMi segunda vida\u201d<\/strong><\/li>\n<\/ul>\n<div id=\"attachment_729914\" style=\"width: 415px\" class=\"wp-caption alignnone\"><img loading=\"lazy\" decoding=\"async\" aria-describedby=\"caption-attachment-729914\" class=\"wp-image-729914 size-large\" src=\"https:\/\/www.diarioimagen.net\/wp-content\/uploads\/2026\/06\/LEO02-405x270.jpeg\" alt=\"\" width=\"405\" height=\"270\" srcset=\"https:\/\/www.diarioimagen.net\/wp-content\/uploads\/2026\/06\/LEO02-405x270.jpeg 405w, https:\/\/www.diarioimagen.net\/wp-content\/uploads\/2026\/06\/LEO02-240x160.jpeg 240w, https:\/\/www.diarioimagen.net\/wp-content\/uploads\/2026\/06\/LEO02-768x512.jpeg 768w, https:\/\/www.diarioimagen.net\/wp-content\/uploads\/2026\/06\/LEO02-1536x1024.jpeg 1536w, https:\/\/www.diarioimagen.net\/wp-content\/uploads\/2026\/06\/LEO02.jpeg 1575w\" sizes=\"auto, (max-width: 405px) 100vw, 405px\" \/><p id=\"caption-attachment-729914\" class=\"wp-caption-text\">Leonardo Ram\u00edrez, se ha dedicado desde hace un par de a\u00f1os a interpretar canciones que han hecho famosos otros artistas.<\/p><\/div>\n<p>Con tan solo 17 a\u00f1os, Leonardo Ram\u00edrez est\u00e1 listo y dispuesto para arrancar su carrera musical y pelear, gracias a su talento, por un lugar en esta industria que hoy tiene a grandes representantes del regional mexicano.<\/p>\n<p>&nbsp;<\/p>\n<p>De los g\u00e9neros que m\u00e1s llaman su atenci\u00f3n son los corridos tumbados, esto que ha llevado a la cima a decenas de cantautores, como un subg\u00e9nero del regional, fusionado con otros estilos musicales como el hip hop, rap y metales, entre otras cosas.<\/p>\n<p>&nbsp;<\/p>\n<p>Leonardo Ram\u00edrez, se ha dedicado desde hace un par de a\u00f1os a interpretar canciones que han hecho famosos otros artistas, como \u201cQue se canse de llamar\u201d, de los Plebes del Rancho; \u201cMi segunda vida\u201d, de Horacio Palencia y varias de Cuitla Vega, como \u201cVas a querer regresar\u201d, quien le ha compuesto a artistas de la talla de Christian Nodal.<\/p>\n<p>&nbsp;<\/p>\n<p>Desde muy peque\u00f1o y de manera emp\u00edrica aprendi\u00f3 a tocar el acorde\u00f3n, la guitarra y, por si fuera poco, a componer sus propios temas.<\/p>\n<p>&nbsp;<\/p>\n<p>\u201cFue algo que se me dio, gracias a Dios. Aunque de pronto bajo programas, veo tutoriales y he tomado una que otra clase, la realidad es que en cuanto tengo en mis manos los instrumentos mi cuerpo cambia, la sensaci\u00f3n es inexplicable y eso me hace crear m\u00fasica\u201d, coment\u00f3 Leonardo Ram\u00edrez.<\/p>\n<p>&nbsp;<\/p>\n<p>Adem\u00e1s, ya est\u00e1 empezando a tocar tambi\u00e9n el piano, lo que demuestra sus ganas, el hambre de ser alguien de triunfar por su talento y, sobre todo, de no ser un artista pasajero.<\/p>\n<p>&nbsp;<\/p>\n<p>De hecho en breve entrar\u00e1 al estudio de grabaciones para consolidar temas de su autor\u00eda como \u201cSue\u00f1o inalcanzable\u201d, la cual plasma todo su estilo y personalidad, la cual ser\u00e1 muy bien recibida por el p\u00fablico.<\/p>\n<p>&nbsp;<\/p>\n<p>\u201cEstoy muy contento de que por fin vamos a comenzar a hacer realidad mi sue\u00f1o, que es \u00fanica y exclusivamente crear m\u00fasica. Tocar instrumentos, aprender m\u00e1s y m\u00e1s de la vida, de la gente que sabe, de mis colegas m\u00fasicos y cantantes.<\/p>\n<p>&nbsp;<\/p>\n<p>Y Leonardo agreg\u00f3: \u201cSoy un joven que tiene muchas ganas de estar en el medio, aunque ahora ya tengo una preparaci\u00f3n importante para lanzarme de manera profesional, nunca dejar\u00e9 de aprender, porque no quiero ser un artista de paso, quiero trascender en el mundo de la m\u00fasica\u201d.<\/p>\n<p>&nbsp;<\/p>\n<p>Leonardo Ram\u00edrez tiene la fortuna de contar con el apoyo de sus padres y de toda su familia, quienes en su juventud tuvieron la oportunidad de formar una banda y llegaron a tocar<\/p>\n<p>En diferentes lugares, as\u00ed que eso le ayudar\u00e1 para mantenerse bien aterrizado en esta industria tan bonita, pero a veces tan complicada.<\/p>\n<p>&nbsp;<\/p>\n","protected":false},"excerpt":{"rendered":"<p>Con apenas 17 a\u00f1os de edad Se ha dedicado a interpretar temas como \u201cQue se canse de llamar\u201d, de los Plebes del Rancho i \u201cMi segunda vida\u201d Con tan solo 17 a\u00f1os, Leonardo Ram\u00edrez est\u00e1 listo y dispuesto para arrancar su carrera musical y pelear, gracias a su talento, por un lugar en esta industria [&hellip;]<\/p>\n","protected":false},"author":14,"featured_media":729914,"comment_status":"open","ping_status":"open","sticky":false,"template":"","format":"standard","meta":{"_monsterinsights_skip_tracking":false,"footnotes":""},"categories":[12],"tags":[],"class_list":["post-729913","post","type-post","status-publish","format-standard","has-post-thumbnail","hentry","category-espectaculos"],"_links":{"self":[{"href":"https:\/\/www.diarioimagen.net\/index.php?rest_route=\/wp\/v2\/posts\/729913","targetHints":{"allow":["GET"]}}],"collection":[{"href":"https:\/\/www.diarioimagen.net\/index.php?rest_route=\/wp\/v2\/posts"}],"about":[{"href":"https:\/\/www.diarioimagen.net\/index.php?rest_route=\/wp\/v2\/types\/post"}],"author":[{"embeddable":true,"href":"https:\/\/www.diarioimagen.net\/index.php?rest_route=\/wp\/v2\/users\/14"}],"replies":[{"embeddable":true,"href":"https:\/\/www.diarioimagen.net\/index.php?rest_route=%2Fwp%2Fv2%2Fcomments&post=729913"}],"version-history":[{"count":1,"href":"https:\/\/www.diarioimagen.net\/index.php?rest_route=\/wp\/v2\/posts\/729913\/revisions"}],"predecessor-version":[{"id":729915,"href":"https:\/\/www.diarioimagen.net\/index.php?rest_route=\/wp\/v2\/posts\/729913\/revisions\/729915"}],"wp:featuredmedia":[{"embeddable":true,"href":"https:\/\/www.diarioimagen.net\/index.php?rest_route=\/wp\/v2\/media\/729914"}],"wp:attachment":[{"href":"https:\/\/www.diarioimagen.net\/index.php?rest_route=%2Fwp%2Fv2%2Fmedia&parent=729913"}],"wp:term":[{"taxonomy":"category","embeddable":true,"href":"https:\/\/www.diarioimagen.net\/index.php?rest_route=%2Fwp%2Fv2%2Fcategories&post=729913"},{"taxonomy":"post_tag","embeddable":true,"href":"https:\/\/www.diarioimagen.net\/index.php?rest_route=%2Fwp%2Fv2%2Ftags&post=729913"}],"curies":[{"name":"wp","href":"https:\/\/api.w.org\/{rel}","templated":true}]}}