{"id":732637,"date":"2026-07-14T21:57:13","date_gmt":"2026-07-15T03:57:13","guid":{"rendered":"https:\/\/www.diarioimagen.net\/?p=732637"},"modified":"2026-07-14T21:57:13","modified_gmt":"2026-07-15T03:57:13","slug":"durango-va-del-aplauso-a-las-denuncias-para-fuerzas-armadas","status":"publish","type":"post","link":"https:\/\/www.diarioimagen.net\/?p=732637","title":{"rendered":"Durango va del aplauso a las  denuncias para fuerzas armadas"},"content":{"rendered":"<p><strong>\u00a0<\/strong><\/p>\n<p><strong>Roberto Vizca\u00edno<\/strong><\/p>\n<p><strong>\u00a0<\/strong><\/p>\n<p><strong>TRAS LA PUERTA DEL PODER: <\/strong><\/p>\n<p><strong>\u00a0<\/strong><\/p>\n<p>&nbsp;<\/p>\n<p>Con el verano a Durango llegaron los grupos de \u00e9lite del Ej\u00e9rcito Mexicano.<\/p>\n<p>El ambiente delincuencial reclamaba la intervenci\u00f3n directa de las fuerzas combinadas del secretario de Seguridad,\u00a0<strong>Omar Garc\u00eda Harfuch,<\/strong>\u00a0y los comandos especiales creados bajo la direcci\u00f3n del titular de la Sedena, general\u00a0<strong>Ricardo Trevilla<\/strong>.<\/p>\n<p>Esos que, combinados con la inteligencia de EU, demostraron su contundente efectividad en la ubicaci\u00f3n y liquidaci\u00f3n de\u00a0<strong>Nemesio Oseguera<\/strong>, el casi m\u00edtico \u201c<strong><em>Mencho<\/em><\/strong>\u201d.<\/p>\n<p>Su presencia en Durango capital y municipios aleda\u00f1os era para ir especialmente tras del grupo criminal <strong><em>Los Cabrera<\/em><\/strong>.<\/p>\n<p>Los primeros en llegar el 10 de junio fueron los llamados \u201cMurci\u00e9lagos\u201d. Un comando de operaciones especiales en tareas t\u00e1cticas contra el crimen organizado, que ha sido muy efectivo en limpiar Michoac\u00e1n.<\/p>\n<p>D\u00edas despu\u00e9s arribaron <strong><em>Los Perrazos<\/em><\/strong>, especializados en patrullajes urbanos y proximidad ciudadana.<\/p>\n<p>Ambos comandos sumaron poco m\u00e1s de 500 elementos.<\/p>\n<p>Poco despu\u00e9s se sum\u00f3 otro comando especializado en cateos y aseguramiento de domicilios, equipado con camiones blindados tipo \u201cRino\u201d, con lo que la fuerza federal alcanz\u00f3 700 elementos.<\/p>\n<p>R\u00e1pidamente se reportaron detenciones masivas, decomisos de armas de alto poder, millones de pesos en efectivo y veh\u00edculos de lujo presuntamente utilizados para actividades il\u00edcitas. Con ello disminuy\u00f3 el control de <strong><em>Los Cabrera<\/em><\/strong>, en la capital, colonias y municipios vecinos.<\/p>\n<p>Vecinos y autoridades reportaron una importante disminuci\u00f3n de veh\u00edculos de alta gama sin placas, de escoltas armados y de los llamados <strong><em>halcones<\/em><\/strong> que proliferaban en motocicletas.<\/p>\n<p>La percepci\u00f3n ciudadana hacia <strong><em>Murci\u00e9lagos<\/em><\/strong>, <strong><em>Perrazos<\/em><\/strong> y Guardia Nacional fue positiva. Se report\u00f3 mayor tranquilidad y cercan\u00eda ciudadana con los elementos, a quienes incluso solicitaban\u00a0<strong><em>selfies<\/em><\/strong>.<\/p>\n<p>Hoy, sin embargo, a un mes del inicio de estas operaciones, la Comisi\u00f3n Estatal de los Derechos Humanos de Durango (CEDHD) y la Comisi\u00f3n Nacional de los Derechos Humanos (CNDH) reporta un centenar de quejas por abuso de autoridad, tortura, privaci\u00f3n ilegal de la libertad y un homicidio.<\/p>\n<p>Un exceso del llamado \u201cda\u00f1o colateral\u201d.<\/p>\n<p>Los casos documentados de estos excesos son:<\/p>\n<ol>\n<li>Homicidio de\u00a0<strong>Arturo P\u00e9rez Deras<\/strong>:<\/li>\n<\/ol>\n<p>Con folio 2026\/60338 ante la CNDH,\u00a0<strong>Katina Jazm\u00edn Dom\u00ednguez P\u00e9rez<\/strong>\u00a0denunci\u00f3 que el 27 de junio, alrededor de las 21:40 horas en la calle Ecuador, colonia L\u00e1zaro C\u00e1rdenas, su familiar\u00a0<strong>Arturo P\u00e9rez Deras<\/strong>, de oficio yesero, fue interceptado por 12 elementos que descendieron de cuatro unidades militares. Tras ser golpeado junto a\u00a0<strong>Cristian Adri\u00e1n Lugo Rojas<\/strong>,\u00a0<strong>P\u00e9rez Deras<\/strong>\u00a0logr\u00f3 zafarse y correr, pero recibi\u00f3 dos disparos que le causaron la muerte. Los elementos se retiraron dejando el cuerpo en el lugar.<\/p>\n<ol start=\"2\">\n<li>Golpiza a\u00a0<strong>Alexis Antonio Mor\u00e1n<\/strong>, 19 a\u00f1os:<\/li>\n<\/ol>\n<p>Folio 2026\/63089. El joven declar\u00f3 que fue interceptado por aproximadamente 13 agentes, golpeado con un bat y privado de la libertad con la cabeza cubierta. Relat\u00f3 amenazas de muerte para que \u201csoltara la sopa\u201d. Result\u00f3 con una pierna fracturada y m\u00faltiples contusiones que lo incapacitaron varios d\u00edas.<\/p>\n<ol start=\"3\">\n<li>Tortura a\u00a0<strong>Juan Manuel Hern\u00e1ndez Atilano<\/strong>:<\/li>\n<\/ol>\n<p>Folio 2026\/65779. Denunci\u00f3 abuso de autoridad, tortura, amenazas, abuso sexual y lesiones. Se\u00f1al\u00f3 que el 10 de julio, en la calle Dalia, colonia Gobernadores, militares lo persiguieron tras realizar detonaciones. Fue detenido, esposado y subido a una camioneta, donde recibi\u00f3 golpes en cabeza, abdomen y costillas. Dijo que le realizaron cortes con navaja en el gl\u00fateo derecho y fue golpeado con un bat hasta perder el conocimiento. Posteriormente, fue abandonado desnudo cerca de la caseta de la carretera libre a Mazatl\u00e1n.<\/p>\n<ol start=\"4\">\n<li>\u201cTableadas\u201d a\u00a0\u00a0<strong>Cristian Adri\u00e1n Luna Rojas:<\/strong><\/li>\n<\/ol>\n<p>Folio 2026\/65743. Refiri\u00f3 que el 10 de julio, en la calle Ecuador, colonia L\u00e1zaro C\u00e1rdenas, 12 militares lo interceptaron, golpearon y subieron a una unidad. Fue llevado a la presa del Hielo, donde lo amenazaron de muerte, lo pellizcaron con pinzas de presi\u00f3n, lo golpearon con un martillo en las manos y le propinaron \u201ctableadas\u201d en los gl\u00fateos. Despu\u00e9s fue arrojado al agua.<\/p>\n<p>En sus testimonios, la mayor\u00eda de las v\u00edctimas coinciden en se\u00f1alar que los operativos eran comandados por un teniente identificado como <strong><em>Reyes<\/em><\/strong>, integrante de los grupos de \u00e9lite.<\/p>\n<p>Los denunciantes piden al secretario de Seguridad y Protecci\u00f3n Ciudadana,\u00a0<strong>Omar Garc\u00eda Harfuch,<\/strong>\u00a0y al general\u00a0<strong>Ricardo Trevilla<\/strong>\u00a0revisar las actuaciones de los grupos militares de elite, para identificar y solucionar los excesos que empa\u00f1an los logros contra la delincuencia organizada. Una petici\u00f3n que se extiende al\u00a0<strong>Gabinete de Seguridad<\/strong>\u00a0en Palacio Nacional y las comisiones de Seguridad del\u00a0<strong>Senado\u00a0<\/strong>y la\u00a0<strong>C\u00e1mara de Diputados<\/strong>.<\/p>\n<p>&nbsp;<\/p>\n<p>&nbsp;<\/p>\n<p><strong>Narcos y sus aliados en el gobierno, la misma cosa: DEA<\/strong><\/p>\n<p><strong>\u00a0<\/strong><\/p>\n<p>&nbsp;<\/p>\n<p>El gobierno del presidente\u00a0<strong>Donald Trump<\/strong>\u00a0no da respiro al de\u00a0<strong>Claudia Sheinbaum<\/strong>.<\/p>\n<p>A dos meses y medio de que el Departamento de Justicia de EU pidi\u00f3 al gobierno mexicano la detenci\u00f3n para fines de extradici\u00f3n del gobernador de Sinaloa, el morenista\u00a0<strong>Rub\u00e9n Rocha Moya<\/strong>,\u00a0<strong>el senador Enrique Inzunza<\/strong>\u00a0y 8 c\u00f3mplices m\u00e1s, acusados de v\u00ednculos con el C\u00e1rtel de Sinaloa sin que hasta la fecha se haya cumplido esa demanda, la administraci\u00f3n del presidente\u00a0<strong>Trump\u00a0<\/strong>ha arreciado sus se\u00f1alamientos de que en M\u00e9xico gobiernan los c\u00e1rteles de la droga, que adem\u00e1s dominan el huachicol fiscal y decenas de otras actividades delincuenciales.<\/p>\n<p>En este contexto,\u00a0<strong>Tery Cole<\/strong>, director de la DEA,\u00a0<strong>calific\u00f3 ayer como una \u00abmort\u00edfera conexi\u00f3n\u00bb, la que existe entre el gobierno de M\u00e9xico y los c\u00e1rteles del narcotr\u00e1fico, afirm\u00f3.<\/strong><\/p>\n<p>\u201cEn la DEA, la aplicaci\u00f3n de la Ley es nuestro pilar fundamental. Nosotros desplegamos todo el peso de esta agencia en la lucha contra los c\u00e1rteles, sus facilitadores, distribuidores, lavadores, el suministro qu\u00edmico y cualquier individuo que lucre envenenando a los ciudadanos estadounidenses\u2026<\/p>\n<p>\u201cEsto incluye la conexi\u00f3n mort\u00edfera entre las redes de los c\u00e1rteles y el gobierno mexicano.\u00a0<strong>Ellos son una y la misma cosa<\/strong>. Y en la DEA, son nuestra prioridad n\u00famero uno\u201d, subray\u00f3 al participar en Orlando, Florida, EU, en una cumbre contra el narco y las adicciones.<\/p>\n<p>El director de la DEA estuvo acompa\u00f1ado por el Procurador General interino,\u00a0<strong>Todd Blanche<\/strong>, y la Zar Antidrogas de Estados Unidos,\u00a0<strong>Sara Carter<\/strong>.<\/p>\n<p>Esta nueva declaraci\u00f3n cierra m\u00e1s el c\u00edrculo de denuncias y advertencias de la administraci\u00f3n de\u00a0<strong>Trump<\/strong>\u00a0sobre el gobierno de M\u00e9xico considerado como aliado al narco.<\/p>\n<p>&nbsp;<\/p>\n<p>&nbsp;<\/p>\n<p>Twitter: @_Vizcaino \/ Facebook<\/p>\n<p>\/\u00a0<a href=\"https:\/\/www.facebook.com\/rvizcainoa\">https:\/\/www.facebook.com\/rvizcainoa<\/a>\u00a0\/<\/p>\n<p>e-mail:\u00a0<a href=\"mailto:rvizcainoa@gmail.com\">rvizcainoa@gmail.com<\/a><\/p>\n","protected":false},"excerpt":{"rendered":"<p>\u00a0 Roberto Vizca\u00edno \u00a0 TRAS LA PUERTA DEL PODER: \u00a0 &nbsp; Con el verano a Durango llegaron los grupos de \u00e9lite del Ej\u00e9rcito Mexicano. El ambiente delincuencial reclamaba la intervenci\u00f3n directa de las fuerzas combinadas del secretario de Seguridad,\u00a0Omar Garc\u00eda Harfuch,\u00a0y los comandos especiales creados bajo la direcci\u00f3n del titular de la Sedena, general\u00a0Ricardo Trevilla. [&hellip;]<\/p>\n","protected":false},"author":14,"featured_media":0,"comment_status":"open","ping_status":"open","sticky":false,"template":"","format":"standard","meta":{"_monsterinsights_skip_tracking":false,"footnotes":""},"categories":[4,136],"tags":[],"class_list":["post-732637","post","type-post","status-publish","format-standard","hentry","category-opinion","category-roberto-vizcaino-opinion"],"_links":{"self":[{"href":"https:\/\/www.diarioimagen.net\/index.php?rest_route=\/wp\/v2\/posts\/732637","targetHints":{"allow":["GET"]}}],"collection":[{"href":"https:\/\/www.diarioimagen.net\/index.php?rest_route=\/wp\/v2\/posts"}],"about":[{"href":"https:\/\/www.diarioimagen.net\/index.php?rest_route=\/wp\/v2\/types\/post"}],"author":[{"embeddable":true,"href":"https:\/\/www.diarioimagen.net\/index.php?rest_route=\/wp\/v2\/users\/14"}],"replies":[{"embeddable":true,"href":"https:\/\/www.diarioimagen.net\/index.php?rest_route=%2Fwp%2Fv2%2Fcomments&post=732637"}],"version-history":[{"count":1,"href":"https:\/\/www.diarioimagen.net\/index.php?rest_route=\/wp\/v2\/posts\/732637\/revisions"}],"predecessor-version":[{"id":732640,"href":"https:\/\/www.diarioimagen.net\/index.php?rest_route=\/wp\/v2\/posts\/732637\/revisions\/732640"}],"wp:attachment":[{"href":"https:\/\/www.diarioimagen.net\/index.php?rest_route=%2Fwp%2Fv2%2Fmedia&parent=732637"}],"wp:term":[{"taxonomy":"category","embeddable":true,"href":"https:\/\/www.diarioimagen.net\/index.php?rest_route=%2Fwp%2Fv2%2Fcategories&post=732637"},{"taxonomy":"post_tag","embeddable":true,"href":"https:\/\/www.diarioimagen.net\/index.php?rest_route=%2Fwp%2Fv2%2Ftags&post=732637"}],"curies":[{"name":"wp","href":"https:\/\/api.w.org\/{rel}","templated":true}]}}