{"id":732641,"date":"2026-07-14T21:59:50","date_gmt":"2026-07-15T03:59:50","guid":{"rendered":"https:\/\/www.diarioimagen.net\/?p=732641"},"modified":"2026-07-14T21:59:50","modified_gmt":"2026-07-15T03:59:50","slug":"yahir-a-la-casa-de-los-famosos-mexico","status":"publish","type":"post","link":"https:\/\/www.diarioimagen.net\/?p=732641","title":{"rendered":"YAHIR a \u201cLa Casa de los Famosos M\u00e9xico\u201d"},"content":{"rendered":"<p>&nbsp;<\/p>\n<ul>\n<li><strong>S\u00e9ptimo participante confirmado<\/strong><\/li>\n<\/ul>\n<p>&nbsp;<\/p>\n<p>&nbsp;<\/p>\n<p><img loading=\"lazy\" decoding=\"async\" class=\"alignnone wp-image-732651 size-large\" src=\"https:\/\/www.diarioimagen.net\/wp-content\/uploads\/2026\/07\/YAHIR-152x270.jpg\" alt=\"\" width=\"152\" height=\"270\" srcset=\"https:\/\/www.diarioimagen.net\/wp-content\/uploads\/2026\/07\/YAHIR-152x270.jpg 152w, https:\/\/www.diarioimagen.net\/wp-content\/uploads\/2026\/07\/YAHIR-135x240.jpg 135w, https:\/\/www.diarioimagen.net\/wp-content\/uploads\/2026\/07\/YAHIR-768x1365.jpg 768w, https:\/\/www.diarioimagen.net\/wp-content\/uploads\/2026\/07\/YAHIR-864x1536.jpg 864w, https:\/\/www.diarioimagen.net\/wp-content\/uploads\/2026\/07\/YAHIR-1152x2048.jpg 1152w, https:\/\/www.diarioimagen.net\/wp-content\/uploads\/2026\/07\/YAHIR-scaled.jpg 1441w\" sizes=\"auto, (max-width: 152px) 100vw, 152px\" \/><\/p>\n<p>&nbsp;<\/p>\n<p>&nbsp;<\/p>\n<p>Yahir se convirti\u00f3 en una de las grandes revelaciones musicales de los reality shows tras su paso por La Academia. Sin embargo, m\u00e1s de veinte a\u00f1os despu\u00e9s, lo confirman como una de las carreras m\u00e1s s\u00f3lidas dentro de la industria.<\/p>\n<p>Su trayectoria lo ha llevado a realizar giras por M\u00e9xico, Estados Unidos y diversos pa\u00edses de Am\u00e9rica Latina con \u00e9xitos como Alucinado, La locura, Fue ella, fui yo y Contigo s\u00ed; adem\u00e1s de compartir escenario con importantes figuras como Yuridia, Mar\u00eda Jos\u00e9 y Mar\u00eda Le\u00f3n<\/p>\n<p>M\u00e1s all\u00e1 de la m\u00fasica, Yahir ha desarrollado una firme carrera como actor y protagonista de teatro musical en montajes como Hoy no me puedo levantar, Mentiras, Vaselina y Jesucristo S\u00faper Estrella.<\/p>\n<p>Recientemente, mostr\u00f3 una nueva faceta en el programa de televisi\u00f3n Juego de Voces, donde comparti\u00f3 escenario con Emmanuel, Mirajes y Yuri, entre otros, reafirmando que su carrera est\u00e1 construida sobre la versatilidad, el talento y conexi\u00f3n con el p\u00fablico.<\/p>\n<p>La Casa de los Famosos M\u00e9xico, producci\u00f3n de TelevisaUnivision y EndemolShine Boomdog, se adentrar\u00e1 en la realidad de una casa habitada por un grupo de famosas personalidades que, aisladas totalmente del mundo exterior, tendr\u00e1n que convivir 24 horas al d\u00eda, sabiendo que todo lo que hacen es observado.<\/p>\n<p>La estrecha convivencia y el reto de no ser eliminados generar\u00e1 un ambiente lleno de tensi\u00f3n, donde las emociones se amplifican y se vuelven m\u00e1s intensas.<\/p>\n<p>La cuarta edici\u00f3n de La Casa de los Famosos M\u00e9xico iniciar\u00e1 transmisiones el domingo 26 de julio, a las 20:30 horas por las estrellas.<\/p>\n<p>&nbsp;<\/p>\n<p>&nbsp;<\/p>\n<blockquote><p>La producci\u00f3n de La Casa de los Famosos M\u00e9xico inform\u00f3 que Yahir, formar\u00e1 parte de la cuarta temporada del exitoso reality.<\/p><\/blockquote>\n","protected":false},"excerpt":{"rendered":"<p>&nbsp; S\u00e9ptimo participante confirmado &nbsp; &nbsp; &nbsp; &nbsp; Yahir se convirti\u00f3 en una de las grandes revelaciones musicales de los reality shows tras su paso por La Academia. Sin embargo, m\u00e1s de veinte a\u00f1os despu\u00e9s, lo confirman como una de las carreras m\u00e1s s\u00f3lidas dentro de la industria. Su trayectoria lo ha llevado a realizar [&hellip;]<\/p>\n","protected":false},"author":14,"featured_media":732651,"comment_status":"open","ping_status":"open","sticky":false,"template":"","format":"standard","meta":{"_monsterinsights_skip_tracking":false,"footnotes":""},"categories":[12],"tags":[],"class_list":["post-732641","post","type-post","status-publish","format-standard","has-post-thumbnail","hentry","category-espectaculos"],"_links":{"self":[{"href":"https:\/\/www.diarioimagen.net\/index.php?rest_route=\/wp\/v2\/posts\/732641","targetHints":{"allow":["GET"]}}],"collection":[{"href":"https:\/\/www.diarioimagen.net\/index.php?rest_route=\/wp\/v2\/posts"}],"about":[{"href":"https:\/\/www.diarioimagen.net\/index.php?rest_route=\/wp\/v2\/types\/post"}],"author":[{"embeddable":true,"href":"https:\/\/www.diarioimagen.net\/index.php?rest_route=\/wp\/v2\/users\/14"}],"replies":[{"embeddable":true,"href":"https:\/\/www.diarioimagen.net\/index.php?rest_route=%2Fwp%2Fv2%2Fcomments&post=732641"}],"version-history":[{"count":1,"href":"https:\/\/www.diarioimagen.net\/index.php?rest_route=\/wp\/v2\/posts\/732641\/revisions"}],"predecessor-version":[{"id":732664,"href":"https:\/\/www.diarioimagen.net\/index.php?rest_route=\/wp\/v2\/posts\/732641\/revisions\/732664"}],"wp:featuredmedia":[{"embeddable":true,"href":"https:\/\/www.diarioimagen.net\/index.php?rest_route=\/wp\/v2\/media\/732651"}],"wp:attachment":[{"href":"https:\/\/www.diarioimagen.net\/index.php?rest_route=%2Fwp%2Fv2%2Fmedia&parent=732641"}],"wp:term":[{"taxonomy":"category","embeddable":true,"href":"https:\/\/www.diarioimagen.net\/index.php?rest_route=%2Fwp%2Fv2%2Fcategories&post=732641"},{"taxonomy":"post_tag","embeddable":true,"href":"https:\/\/www.diarioimagen.net\/index.php?rest_route=%2Fwp%2Fv2%2Ftags&post=732641"}],"curies":[{"name":"wp","href":"https:\/\/api.w.org\/{rel}","templated":true}]}}