{"id":737293,"date":"2026-08-25T23:21:09","date_gmt":"2026-08-26T05:21:09","guid":{"rendered":"https:\/\/www.diarioimagen.net\/?p=737293"},"modified":"2026-08-25T23:21:09","modified_gmt":"2026-08-26T05:21:09","slug":"a-marte-un-abrazo-el-universo-una-figura-de-accion-y-tu","status":"publish","type":"post","link":"https:\/\/www.diarioimagen.net\/?p=737293","title":{"rendered":"A Marte. Un abrazo, el universo,  una figura de acci\u00f3n y t\u00fa"},"content":{"rendered":"<ul>\n<li><strong>Teatro con sensibilidad y humor<\/strong><\/li>\n<li><strong>El amor tambi\u00e9n encuentra su lugar en la adopci\u00f3n y la neurodivergencia<\/strong><\/li>\n<\/ul>\n<div id=\"attachment_737318\" style=\"width: 226px\" class=\"wp-caption alignnone\"><img loading=\"lazy\" decoding=\"async\" aria-describedby=\"caption-attachment-737318\" class=\"wp-image-737318 size-large\" src=\"https:\/\/www.diarioimagen.net\/wp-content\/uploads\/2026\/08\/MARTE-216x270.jpg\" alt=\"\" width=\"216\" height=\"270\" srcset=\"https:\/\/www.diarioimagen.net\/wp-content\/uploads\/2026\/08\/MARTE-216x270.jpg 216w, https:\/\/www.diarioimagen.net\/wp-content\/uploads\/2026\/08\/MARTE-192x240.jpg 192w, https:\/\/www.diarioimagen.net\/wp-content\/uploads\/2026\/08\/MARTE-768x960.jpg 768w, https:\/\/www.diarioimagen.net\/wp-content\/uploads\/2026\/08\/MARTE-1229x1536.jpg 1229w, https:\/\/www.diarioimagen.net\/wp-content\/uploads\/2026\/08\/MARTE.jpg 1575w\" sizes=\"auto, (max-width: 216px) 100vw, 216px\" \/><p id=\"caption-attachment-737318\" class=\"wp-caption-text\">El elenco de A Marte. Un abrazo, el universo, una figura de acci\u00f3n y t\u00fa presenta una historia sobre la adopci\u00f3n, la neurodivergencia y la fuerza del amor.<\/p><\/div>\n<p><strong>Por Arturo Arellano <\/strong><\/p>\n<p>&nbsp;<\/p>\n<p>A Marte. Un abrazo, el universo, una figura de acci\u00f3n y t\u00fa, escrita por Leticia Amezcua, inici\u00f3 temporada en el Foro Lucerna, donde se presentar\u00e1 hasta el 4 de octubre con funciones todos los domingos a las 12:30 horas.<\/p>\n<p>&nbsp;<\/p>\n<p>La puesta en escena, producida por Metro y Medio Producciones, invita al p\u00fablico a reflexionar sobre la pertenencia, la adopci\u00f3n, la neurodivergencia y la importancia de ser fiel a uno mismo. A trav\u00e9s del humor, la imaginaci\u00f3n y la sensibilidad, la historia busca emocionar a espectadores de todas las edades.<\/p>\n<p>&nbsp;<\/p>\n<p>La obra cuenta con las actuaciones de Marco Salazar, Marcia Couti\u00f1o, Gicela Sehedi, Jos\u00e9 Dammert, Odette Villarreal, Diego Ort\u00edz de Pinedo y Nico Mart\u00ednez.<\/p>\n<p>&nbsp;<\/p>\n<p>La trama comienza cuando George enfrenta una entrevista decisiva para convertirse en padre adoptivo. Lo que aparenta ser un tr\u00e1mite se convierte en un recorrido por los recuerdos, p\u00e9rdidas y heridas que han marcado su vida.<\/p>\n<p>&nbsp;<\/p>\n<p>George es un joven autista que desea adoptar un hijo junto con su esposa. Sin embargo, su hermana, su mejor amigo y la terapeuta cuestionan su decisi\u00f3n. A pesar de las dudas y los obst\u00e1culos, \u00e9l se mantiene firme en sus convicciones y lucha por cumplir aquello que desea.<\/p>\n<p>&nbsp;<\/p>\n<p>\u201cEs un dulcesito esta obra. Cuando lleg\u00f3 a mi vida este libreto, s\u00ed cambi\u00f3 mi vida\u201d, coment\u00f3 en entrevista Odette Villarreal, quien forma parte del elenco.<\/p>\n<p>&nbsp;<\/p>\n<p>La actriz explic\u00f3 que la puesta en escena aborda la manera en que las personas viven y se relacionan con quienes las rodean, adem\u00e1s de plantear la necesidad de respetar las diferencias \u201cSe trata de ver esta parte humana de las personas, de c\u00f3mo vivimos, c\u00f3mo interactuamos con quienes nos rodean. Habla de ser fiel a uno mismo, de aferrarte a tus creencias, a lo que t\u00fa quieres\u201d, se\u00f1al\u00f3.<\/p>\n<p>&nbsp;<\/p>\n<p><strong>Un personaje construido desde la experiencia<\/strong><\/p>\n<p><strong>\u00a0<\/strong><\/p>\n<p>Villarreal interpreta a la esposa de George, una periodista que funciona como un punto de equilibrio para el protagonista, descrito como una persona muy vol\u00e1til \u201cYo interpreto a la esposa. Es un personaje s\u00faper bonito; le ayuda a George a centrarse, porque es s\u00faper vol\u00e1til, y yo soy periodista. Se logra un equilibrio entre ambos muy bonito\u201d, explic\u00f3.<\/p>\n<p>&nbsp;<\/p>\n<p>Para construir el personaje, la actriz recurri\u00f3 especialmente a su lado m\u00e1s humano, pues dentro de la historia enfrenta una enfermedad \u201cMi personaje lo empec\u00e9 a construir desde la parte m\u00e1s humana, porque al personaje le da c\u00e1ncer. Mi abuelito falleci\u00f3 de c\u00e1ncer, de modo que parte de mi inspiraci\u00f3n para este personaje viene de ah\u00ed\u201d, comparti\u00f3.<\/p>\n<p>&nbsp;<\/p>\n<p>La experiencia personal le permiti\u00f3 acercarse al papel desde la sensibilidad y conectar con las emociones relacionadas con la enfermedad, el acompa\u00f1amiento y el amor familiar.<\/p>\n<p>&nbsp;<\/p>\n<p><strong>Neurodivergencia sin diferencias<\/strong><\/p>\n<p><strong>\u00a0<\/strong><\/p>\n<p>La obra tambi\u00e9n busca acercar al p\u00fablico a la neurodivergencia desde una perspectiva emp\u00e1tica y libre de prejuicios. Para Villarreal, abordar el autismo desde el teatro permite reconocer que todas las personas tienen caracter\u00edsticas y experiencias que las hacen \u00fanicas.<\/p>\n<p>&nbsp;<\/p>\n<p>\u201cCreo que hay teatro para todos. Esta es una obra que te va a divertir, pero tambi\u00e9n te va a dejar un mensaje, porque hay mucha gente con temas de neurodivergencia, y es bonito tocarlos porque lo que nos hace diferentes nos hace especiales y \u00fanicos\u201d, afirm\u00f3.<\/p>\n<p>&nbsp;<\/p>\n<p>La actriz destac\u00f3 que la historia presenta el autismo desde el punto de vista de un joven que busca formar una familia, sin reducirlo a una etiqueta \u201cEs ver que todos somos personas y tenemos cosas. Justo se trata de no hacer diferencias\u201d, a\u00f1adi\u00f3.<\/p>\n<p>&nbsp;<\/p>\n<p>A Marte. Un abrazo, el universo, una figura de acci\u00f3n y t\u00fa es la primera puesta en escena de esta historia. Antes del estreno, el equipo realiz\u00f3 lecturas para revisar el texto y encontrar la mejor manera de llevarlo al escenario \u201cHab\u00edamos hecho lecturas para ver qu\u00e9 serv\u00eda y qu\u00e9 pod\u00edamos hacer. Es la primera vez que se monta; es el estreno\u201d, coment\u00f3 Villarreal.<\/p>\n<p>&nbsp;<\/p>\n<p>La actriz espera que el p\u00fablico salga del teatro con una reflexi\u00f3n sobre la fuerza de los v\u00ednculos afectivos y la posibilidad de encontrar un lugar de pertenencia \u201cMe gustar\u00eda que la gente se lleve que el amor lo es todo, porque el amor nos hace fuertes. Me encantar\u00eda que fueran a verla y se lleven ese mensaje\u201d, concluy\u00f3.<\/p>\n<p>&nbsp;<\/p>\n<p>La obra se presentar\u00e1 del 2 de agosto al 4 de octubre, todos los domingos a las 12:30 horas, en el Foro Lucerna. Los boletos est\u00e1n disponibles en Ticketmaster y en las taquillas del recinto.<\/p>\n<p>&nbsp;<\/p>\n","protected":false},"excerpt":{"rendered":"<p>Teatro con sensibilidad y humor El amor tambi\u00e9n encuentra su lugar en la adopci\u00f3n y la neurodivergencia Por Arturo Arellano &nbsp; A Marte. Un abrazo, el universo, una figura de acci\u00f3n y t\u00fa, escrita por Leticia Amezcua, inici\u00f3 temporada en el Foro Lucerna, donde se presentar\u00e1 hasta el 4 de octubre con funciones todos los [&hellip;]<\/p>\n","protected":false},"author":14,"featured_media":737318,"comment_status":"open","ping_status":"open","sticky":false,"template":"","format":"standard","meta":{"_monsterinsights_skip_tracking":false,"footnotes":""},"categories":[16,12],"tags":[],"class_list":["post-737293","post","type-post","status-publish","format-standard","has-post-thumbnail","hentry","category-destacadas","category-espectaculos"],"_links":{"self":[{"href":"https:\/\/www.diarioimagen.net\/index.php?rest_route=\/wp\/v2\/posts\/737293","targetHints":{"allow":["GET"]}}],"collection":[{"href":"https:\/\/www.diarioimagen.net\/index.php?rest_route=\/wp\/v2\/posts"}],"about":[{"href":"https:\/\/www.diarioimagen.net\/index.php?rest_route=\/wp\/v2\/types\/post"}],"author":[{"embeddable":true,"href":"https:\/\/www.diarioimagen.net\/index.php?rest_route=\/wp\/v2\/users\/14"}],"replies":[{"embeddable":true,"href":"https:\/\/www.diarioimagen.net\/index.php?rest_route=%2Fwp%2Fv2%2Fcomments&post=737293"}],"version-history":[{"count":1,"href":"https:\/\/www.diarioimagen.net\/index.php?rest_route=\/wp\/v2\/posts\/737293\/revisions"}],"predecessor-version":[{"id":737334,"href":"https:\/\/www.diarioimagen.net\/index.php?rest_route=\/wp\/v2\/posts\/737293\/revisions\/737334"}],"wp:featuredmedia":[{"embeddable":true,"href":"https:\/\/www.diarioimagen.net\/index.php?rest_route=\/wp\/v2\/media\/737318"}],"wp:attachment":[{"href":"https:\/\/www.diarioimagen.net\/index.php?rest_route=%2Fwp%2Fv2%2Fmedia&parent=737293"}],"wp:term":[{"taxonomy":"category","embeddable":true,"href":"https:\/\/www.diarioimagen.net\/index.php?rest_route=%2Fwp%2Fv2%2Fcategories&post=737293"},{"taxonomy":"post_tag","embeddable":true,"href":"https:\/\/www.diarioimagen.net\/index.php?rest_route=%2Fwp%2Fv2%2Ftags&post=737293"}],"curies":[{"name":"wp","href":"https:\/\/api.w.org\/{rel}","templated":true}]}}