{"id":737443,"date":"2026-08-26T22:16:14","date_gmt":"2026-08-27T04:16:14","guid":{"rendered":"https:\/\/www.diarioimagen.net\/?p=737443"},"modified":"2026-08-26T22:16:14","modified_gmt":"2026-08-27T04:16:14","slug":"mexico-lindo-y-que-risa-llega-a-distrito-comedia-para-reirnos-de-nuestras-costumbres","status":"publish","type":"post","link":"https:\/\/www.diarioimagen.net\/?p=737443","title":{"rendered":"\u201cM\u00e9xico, lindo y qu\u00e9 risa\u201d llega a Distrito Comedia para re\u00edrnos de nuestras costumbres"},"content":{"rendered":"<ul>\n<li><strong><em>La nueva producci\u00f3n de Israel Jaitovich re\u00fane a figuras de la comedia y el entretenimiento en 16 cap\u00edtulos de sketches que retratan, con humor, los usos y costumbres de los mexicanos. El programa se estrenar\u00e1 el lunes 14 de septiembre a las 22:10 horas.<\/em><\/strong><\/li>\n<\/ul>\n<p>&nbsp;<\/p>\n<div id=\"attachment_737452\" style=\"width: 410px\" class=\"wp-caption alignnone\"><img loading=\"lazy\" decoding=\"async\" aria-describedby=\"caption-attachment-737452\" class=\"wp-image-737452 size-large\" src=\"https:\/\/www.diarioimagen.net\/wp-content\/uploads\/2026\/08\/MEXICO-LINDO-01-400x270.jpeg\" alt=\"\" width=\"400\" height=\"270\" srcset=\"https:\/\/www.diarioimagen.net\/wp-content\/uploads\/2026\/08\/MEXICO-LINDO-01-400x270.jpeg 400w, https:\/\/www.diarioimagen.net\/wp-content\/uploads\/2026\/08\/MEXICO-LINDO-01-240x162.jpeg 240w, https:\/\/www.diarioimagen.net\/wp-content\/uploads\/2026\/08\/MEXICO-LINDO-01-768x519.jpeg 768w, https:\/\/www.diarioimagen.net\/wp-content\/uploads\/2026\/08\/MEXICO-LINDO-01-1536x1038.jpeg 1536w, https:\/\/www.diarioimagen.net\/wp-content\/uploads\/2026\/08\/MEXICO-LINDO-01.jpeg 1969w\" sizes=\"auto, (max-width: 400px) 100vw, 400px\" \/><p id=\"caption-attachment-737452\" class=\"wp-caption-text\">Israel Jaitovich acompa\u00f1ado del elenco base de Mexico, lindo y que risa, programa de sketches que estrenar\u00e1 el pr\u00f3ximo 14 de septiembre por Distrito Comedia.<\/p><\/div>\n<p>Con una mirada divertida a esas costumbres que forman parte de la vida cotidiana del pa\u00eds, Distrito Comedia estrenar\u00e1 \u201cM\u00e9xico, lindo y qu\u00e9 risa\u201d, una nueva producci\u00f3n de Israel Jaitovich que apuesta por el humor de sketches para provocar carcajadas a partir de situaciones con las que el p\u00fablico podr\u00e1 sentirse identificado.<\/p>\n<p>La emisi\u00f3n contar\u00e1 con un elenco base integrado por Arath de la Torre, Alma Cero, Violeta Isfel, Pablo Valent\u00edn, Michelle Vieth, Luis Orozco, Israel Jaitovich y Juan Carlos \u201cEl Borrego\u201d Nava, quienes dar\u00e1n vida a distintos personajes y situaciones inspiradas en los usos y costumbres que existen en M\u00e9xico.<\/p>\n<p>El proyecto estar\u00e1 conformado por 16 cap\u00edtulos y sumar\u00e1, a lo largo de la temporada, participaciones especiales de reconocidas figuras del entretenimiento, entre ellas Arturo Peniche, Roxana Castellanos, Cynthia Ur\u00edas, Diego de Erice, Aleida N\u00fa\u00f1ez, Alejandro Tommasi, Raquel Bigorra, Rub\u00e9n Cerda, Estefan\u00eda Ahumada, Alberto Pel\u00e1ez, Lalo Salazar y Lorena de la Garza.<\/p>\n<p><strong>UNA FIESTA DE COMEDIA<\/strong><\/p>\n<p>El humor tendr\u00e1 muchas voces. \u201cM\u00e9xico, lindo y qu\u00e9 risa\u201d tambi\u00e9n reunir\u00e1 a comediantes como Lalo Espa\u00f1a, El Coste\u00f1o, B\u00e1rbara Torres, El JJ, El Indio Brayan, Lalo \u201cEl Mimo\u201d, Pedro Romo, Carlos Eduardo Rico, El Macaco, Lucila Mariscal y Mois\u00e9s Iv\u00e1n, entre otros.<\/p>\n<p>La intenci\u00f3n es ofrecer un mosaico de estilos y generaciones de la comedia mexicana, combinando rostros muy queridos por el p\u00fablico con invitados que enriquecer\u00e1n cada entrega. As\u00ed, las situaciones cotidianas, los personajes reconocibles y las peculiaridades de nuestra forma de ser se convertir\u00e1n en materia prima para el humor.<\/p>\n<p><strong>UNA APUESTA CON CALIDAD CINEMATOGR\u00c1FICA<\/strong><\/p>\n<p>Adem\u00e1s de su amplio reparto, la producci\u00f3n busca distinguirse por su factura visual. El programa fue realizado con altos niveles de manufactura, en formato de cine y con grabaciones en distintas locaciones, con el prop\u00f3sito de ofrecer una imagen poco habitual dentro de los programas de sketches.<\/p>\n<p>Israel Jaitovich, director de Distrito Comedia y productor ejecutivo del proyecto, se\u00f1al\u00f3 que la nueva emisi\u00f3n representar\u00e1 un parteaguas dentro de este formato en M\u00e9xico.<\/p>\n<p>\u201cM\u00e9xico, lindo y qu\u00e9 risa\u201d se transmitir\u00e1 todos los lunes, a partir del 14 de septiembre, a las 22:10 horas por Distrito Comedia, canal de Televisa Networks con presencia en M\u00e9xico, Latinoam\u00e9rica y Europa.<\/p>\n<p>&nbsp;<\/p>\n<p>&nbsp;<\/p>\n","protected":false},"excerpt":{"rendered":"<p>La nueva producci\u00f3n de Israel Jaitovich re\u00fane a figuras de la comedia y el entretenimiento en 16 cap\u00edtulos de sketches que retratan, con humor, los usos y costumbres de los mexicanos. El programa se estrenar\u00e1 el lunes 14 de septiembre a las 22:10 horas. &nbsp; Con una mirada divertida a esas costumbres que forman parte [&hellip;]<\/p>\n","protected":false},"author":14,"featured_media":737452,"comment_status":"open","ping_status":"open","sticky":false,"template":"","format":"standard","meta":{"_monsterinsights_skip_tracking":false,"footnotes":""},"categories":[12],"tags":[],"class_list":["post-737443","post","type-post","status-publish","format-standard","has-post-thumbnail","hentry","category-espectaculos"],"_links":{"self":[{"href":"https:\/\/www.diarioimagen.net\/index.php?rest_route=\/wp\/v2\/posts\/737443","targetHints":{"allow":["GET"]}}],"collection":[{"href":"https:\/\/www.diarioimagen.net\/index.php?rest_route=\/wp\/v2\/posts"}],"about":[{"href":"https:\/\/www.diarioimagen.net\/index.php?rest_route=\/wp\/v2\/types\/post"}],"author":[{"embeddable":true,"href":"https:\/\/www.diarioimagen.net\/index.php?rest_route=\/wp\/v2\/users\/14"}],"replies":[{"embeddable":true,"href":"https:\/\/www.diarioimagen.net\/index.php?rest_route=%2Fwp%2Fv2%2Fcomments&post=737443"}],"version-history":[{"count":1,"href":"https:\/\/www.diarioimagen.net\/index.php?rest_route=\/wp\/v2\/posts\/737443\/revisions"}],"predecessor-version":[{"id":737461,"href":"https:\/\/www.diarioimagen.net\/index.php?rest_route=\/wp\/v2\/posts\/737443\/revisions\/737461"}],"wp:featuredmedia":[{"embeddable":true,"href":"https:\/\/www.diarioimagen.net\/index.php?rest_route=\/wp\/v2\/media\/737452"}],"wp:attachment":[{"href":"https:\/\/www.diarioimagen.net\/index.php?rest_route=%2Fwp%2Fv2%2Fmedia&parent=737443"}],"wp:term":[{"taxonomy":"category","embeddable":true,"href":"https:\/\/www.diarioimagen.net\/index.php?rest_route=%2Fwp%2Fv2%2Fcategories&post=737443"},{"taxonomy":"post_tag","embeddable":true,"href":"https:\/\/www.diarioimagen.net\/index.php?rest_route=%2Fwp%2Fv2%2Ftags&post=737443"}],"curies":[{"name":"wp","href":"https:\/\/api.w.org\/{rel}","templated":true}]}}