{"id":737580,"date":"2026-08-27T21:30:17","date_gmt":"2026-08-28T03:30:17","guid":{"rendered":"https:\/\/www.diarioimagen.net\/?p=737580"},"modified":"2026-08-27T21:30:17","modified_gmt":"2026-08-28T03:30:17","slug":"realizara-el-dif-naucalpan-rifa-de-tres-autos-para-papas-naucalpenses","status":"publish","type":"post","link":"https:\/\/www.diarioimagen.net\/?p=737580","title":{"rendered":"\u00a0  Realizar\u00e1 el DIF-Naucalpan rifa de  Tres autos para pap\u00e1s naucalpenses"},"content":{"rendered":"<p>&nbsp;<\/p>\n<p>&nbsp;<\/p>\n<ul>\n<li><strong>Festejos por el D\u00eda del Padre<\/strong><\/li>\n<\/ul>\n<div id=\"attachment_737581\" style=\"width: 470px\" class=\"wp-caption alignnone\"><img loading=\"lazy\" decoding=\"async\" aria-describedby=\"caption-attachment-737581\" class=\"wp-image-737581 size-large\" src=\"https:\/\/www.diarioimagen.net\/wp-content\/uploads\/2026\/08\/BAENA3-ok-5-460x246.jpg\" alt=\"\" width=\"460\" height=\"246\" srcset=\"https:\/\/www.diarioimagen.net\/wp-content\/uploads\/2026\/08\/BAENA3-ok-5-460x246.jpg 460w, https:\/\/www.diarioimagen.net\/wp-content\/uploads\/2026\/08\/BAENA3-ok-5-240x128.jpg 240w, https:\/\/www.diarioimagen.net\/wp-content\/uploads\/2026\/08\/BAENA3-ok-5-768x411.jpg 768w, https:\/\/www.diarioimagen.net\/wp-content\/uploads\/2026\/08\/BAENA3-ok-5.jpg 1500w\" sizes=\"auto, (max-width: 460px) 100vw, 460px\" \/><p id=\"caption-attachment-737581\" class=\"wp-caption-text\"><br \/>El Sistema DIF de Naucalpan tiene preparado para este s\u00e1bado 29 de agosto el evento \u201cUn Impulso para Pap\u00e1\u201d.<\/p><\/div>\n<p>Naucalpan, M\u00e9x.-\u00a0 Como gran cierre de los festejos por el \u00abD\u00eda del Padre\u00bb, el Sistema DIF Municipal, tiene preparado para este s\u00e1bado 29 de agosto el evento \u201cUn Impulso para Pap\u00e1\u201d, una celebraci\u00f3n familiar que reconocer\u00e1 a padres responsables y comprometidos con el bienestar de sus familias.<\/p>\n<p>&nbsp;<\/p>\n<p>A partir de las 16:30 horas, la explanada del Palacio Municipal ser\u00e1 escenario de una tarde de m\u00fasica y convivencia, con la presentaci\u00f3n de la Sonora Dinamita de Lucho Argain, que pondr\u00e1 a bailar a las familias naucalpenses con sus grandes \u00e9xitos.<\/p>\n<p>&nbsp;<\/p>\n<p>Como parte de esta celebraci\u00f3n se llevar\u00e1 a cabo la esperada rifa de dos autom\u00f3viles y una camioneta, mediante la cual tres padres participantes tendr\u00e1n la oportunidad de regresar a casa a bordo de un veh\u00edculo nuevo.<\/p>\n<p>&nbsp;<\/p>\n<p>\u201cUn Impulso para Pap\u00e1\u201d reconoce la participaci\u00f3n activa de los padres en el bienestar, formaci\u00f3n y educaci\u00f3n de sus hijas e hijos. Durante los eventos del Gobierno de Naucalpan y del Sistema DIF Municipal se instalaron m\u00f3dulos para que los padres pudieran registrarse y participar en el sorteo, adem\u00e1s del registro en las oficinas del mismo DIF.<\/p>\n<p>&nbsp;<\/p>\n<p>Para hacer v\u00e1lido el premio, las personas participantes deber\u00e1n contar con el n\u00famero de folio que les fue entregado al momento de su registro.<\/p>\n<p>&nbsp;<\/p>\n<p>El gobierno de Naucalpan y el Sistema DIF Municipal invitan a las familias a disfrutar de esta gran celebraci\u00f3n en la explanada del Palacio Municipal, ubicada en avenida Ju\u00e1rez n\u00famero 39, fraccionamiento El Mirador, y ser parte de una tarde llena de m\u00fasica, alegr\u00eda y reconocimiento a los padres naucalpenses.<\/p>\n<p>&nbsp;<\/p>\n<p>&nbsp;<\/p>\n","protected":false},"excerpt":{"rendered":"<p>&nbsp; &nbsp; Festejos por el D\u00eda del Padre Naucalpan, M\u00e9x.-\u00a0 Como gran cierre de los festejos por el \u00abD\u00eda del Padre\u00bb, el Sistema DIF Municipal, tiene preparado para este s\u00e1bado 29 de agosto el evento \u201cUn Impulso para Pap\u00e1\u201d, una celebraci\u00f3n familiar que reconocer\u00e1 a padres responsables y comprometidos con el bienestar de sus familias. [&hellip;]<\/p>\n","protected":false},"author":14,"featured_media":737581,"comment_status":"open","ping_status":"open","sticky":false,"template":"","format":"standard","meta":{"_monsterinsights_skip_tracking":false,"footnotes":""},"categories":[5],"tags":[],"class_list":["post-737580","post","type-post","status-publish","format-standard","has-post-thumbnail","hentry","category-estado-de-mexico"],"_links":{"self":[{"href":"https:\/\/www.diarioimagen.net\/index.php?rest_route=\/wp\/v2\/posts\/737580","targetHints":{"allow":["GET"]}}],"collection":[{"href":"https:\/\/www.diarioimagen.net\/index.php?rest_route=\/wp\/v2\/posts"}],"about":[{"href":"https:\/\/www.diarioimagen.net\/index.php?rest_route=\/wp\/v2\/types\/post"}],"author":[{"embeddable":true,"href":"https:\/\/www.diarioimagen.net\/index.php?rest_route=\/wp\/v2\/users\/14"}],"replies":[{"embeddable":true,"href":"https:\/\/www.diarioimagen.net\/index.php?rest_route=%2Fwp%2Fv2%2Fcomments&post=737580"}],"version-history":[{"count":1,"href":"https:\/\/www.diarioimagen.net\/index.php?rest_route=\/wp\/v2\/posts\/737580\/revisions"}],"predecessor-version":[{"id":737582,"href":"https:\/\/www.diarioimagen.net\/index.php?rest_route=\/wp\/v2\/posts\/737580\/revisions\/737582"}],"wp:featuredmedia":[{"embeddable":true,"href":"https:\/\/www.diarioimagen.net\/index.php?rest_route=\/wp\/v2\/media\/737581"}],"wp:attachment":[{"href":"https:\/\/www.diarioimagen.net\/index.php?rest_route=%2Fwp%2Fv2%2Fmedia&parent=737580"}],"wp:term":[{"taxonomy":"category","embeddable":true,"href":"https:\/\/www.diarioimagen.net\/index.php?rest_route=%2Fwp%2Fv2%2Fcategories&post=737580"},{"taxonomy":"post_tag","embeddable":true,"href":"https:\/\/www.diarioimagen.net\/index.php?rest_route=%2Fwp%2Fv2%2Ftags&post=737580"}],"curies":[{"name":"wp","href":"https:\/\/api.w.org\/{rel}","templated":true}]}}