{"id":737583,"date":"2026-08-27T21:37:04","date_gmt":"2026-08-28T03:37:04","guid":{"rendered":"https:\/\/www.diarioimagen.net\/?p=737583"},"modified":"2026-08-27T21:37:04","modified_gmt":"2026-08-28T03:37:04","slug":"obtiene-metepec-reconocimientos","status":"publish","type":"post","link":"https:\/\/www.diarioimagen.net\/?p=737583","title":{"rendered":"Obtiene Metepec\u00a0reconocimientos\u00a0"},"content":{"rendered":"<div id=\"attachment_737584\" style=\"width: 162px\" class=\"wp-caption alignnone\"><img loading=\"lazy\" decoding=\"async\" aria-describedby=\"caption-attachment-737584\" class=\"wp-image-737584 size-large\" src=\"https:\/\/www.diarioimagen.net\/wp-content\/uploads\/2026\/08\/BAENA-4-152x270.jpg\" alt=\"\" width=\"152\" height=\"270\" \/><p id=\"caption-attachment-737584\" class=\"wp-caption-text\"><br \/>Obtiene Metepec\u00a0reconocimientos<\/p><\/div>\n<p>Valle de M\u00e9xico.- En el marco del 53 Aniversario del IAPEM, donde la gobernadora Delfina G\u00f3mez \u00c1lvarez hizo entrega de la 9a Edici\u00f3n de los Premios IAPEM a la Gesti\u00f3n Municipal 2025. Y uno de los m\u00e1s reconocidos fue el de Metepec. La regidora Michel Quiroz, inform\u00f3 que el Ayuntamiento Metepec obtuvo: Primer lugar: Normatividad Municipal y Distintivo Mujer IAPEM. Primer lugar: M\u00e9dico en tu Casa; Segundo lugar: Metepec Inclusivo\u00a0Segundo lugar: Centro de Capacitaci\u00f3n y Adiestramiento; Tercer lugar: Escuela de Negocios Mixta<\/p>\n<p>Menci\u00f3n honor\u00edfica: de los Sistema de Informaci\u00f3n Inmobiliaria Municipal<\/p>\n<p>&nbsp;<\/p>\n","protected":false},"excerpt":{"rendered":"<p>Valle de M\u00e9xico.- En el marco del 53 Aniversario del IAPEM, donde la gobernadora Delfina G\u00f3mez \u00c1lvarez hizo entrega de la 9a Edici\u00f3n de los Premios IAPEM a la Gesti\u00f3n Municipal 2025. Y uno de los m\u00e1s reconocidos fue el de Metepec. La regidora Michel Quiroz, inform\u00f3 que el Ayuntamiento Metepec obtuvo: Primer lugar: Normatividad [&hellip;]<\/p>\n","protected":false},"author":14,"featured_media":737584,"comment_status":"open","ping_status":"open","sticky":false,"template":"","format":"standard","meta":{"_monsterinsights_skip_tracking":false,"footnotes":""},"categories":[5],"tags":[],"class_list":["post-737583","post","type-post","status-publish","format-standard","has-post-thumbnail","hentry","category-estado-de-mexico"],"_links":{"self":[{"href":"https:\/\/www.diarioimagen.net\/index.php?rest_route=\/wp\/v2\/posts\/737583","targetHints":{"allow":["GET"]}}],"collection":[{"href":"https:\/\/www.diarioimagen.net\/index.php?rest_route=\/wp\/v2\/posts"}],"about":[{"href":"https:\/\/www.diarioimagen.net\/index.php?rest_route=\/wp\/v2\/types\/post"}],"author":[{"embeddable":true,"href":"https:\/\/www.diarioimagen.net\/index.php?rest_route=\/wp\/v2\/users\/14"}],"replies":[{"embeddable":true,"href":"https:\/\/www.diarioimagen.net\/index.php?rest_route=%2Fwp%2Fv2%2Fcomments&post=737583"}],"version-history":[{"count":1,"href":"https:\/\/www.diarioimagen.net\/index.php?rest_route=\/wp\/v2\/posts\/737583\/revisions"}],"predecessor-version":[{"id":737585,"href":"https:\/\/www.diarioimagen.net\/index.php?rest_route=\/wp\/v2\/posts\/737583\/revisions\/737585"}],"wp:featuredmedia":[{"embeddable":true,"href":"https:\/\/www.diarioimagen.net\/index.php?rest_route=\/wp\/v2\/media\/737584"}],"wp:attachment":[{"href":"https:\/\/www.diarioimagen.net\/index.php?rest_route=%2Fwp%2Fv2%2Fmedia&parent=737583"}],"wp:term":[{"taxonomy":"category","embeddable":true,"href":"https:\/\/www.diarioimagen.net\/index.php?rest_route=%2Fwp%2Fv2%2Fcategories&post=737583"},{"taxonomy":"post_tag","embeddable":true,"href":"https:\/\/www.diarioimagen.net\/index.php?rest_route=%2Fwp%2Fv2%2Ftags&post=737583"}],"curies":[{"name":"wp","href":"https:\/\/api.w.org\/{rel}","templated":true}]}}