{"id":737643,"date":"2026-08-27T21:58:13","date_gmt":"2026-08-28T03:58:13","guid":{"rendered":"https:\/\/www.diarioimagen.net\/?p=737643"},"modified":"2026-08-27T22:03:40","modified_gmt":"2026-08-28T04:03:40","slug":"seguridad-contra-incendios-clave-para-atraer-inversion-y-elevar-competitividad-de-mexico","status":"publish","type":"post","link":"https:\/\/www.diarioimagen.net\/?p=737643","title":{"rendered":"Seguridad contra incendios,  clave para atraer inversi\u00f3n y  elevar competitividad de M\u00e9xico  \u00a0"},"content":{"rendered":"<p>&nbsp;<\/p>\n<ul>\n<li><strong>AMRACI plantea una norma nacional homologada ante el crecimiento industrial, el nearshoring y la llegada de nuevas inversiones<\/strong><\/li>\n<\/ul>\n<p><img loading=\"lazy\" decoding=\"async\" class=\"alignnone wp-image-737655 size-large\" src=\"https:\/\/www.diarioimagen.net\/wp-content\/uploads\/2026\/08\/INCENDIO-01-405x270.jpeg\" alt=\"\" width=\"405\" height=\"270\" srcset=\"https:\/\/www.diarioimagen.net\/wp-content\/uploads\/2026\/08\/INCENDIO-01-405x270.jpeg 405w, https:\/\/www.diarioimagen.net\/wp-content\/uploads\/2026\/08\/INCENDIO-01-240x160.jpeg 240w, https:\/\/www.diarioimagen.net\/wp-content\/uploads\/2026\/08\/INCENDIO-01-768x512.jpeg 768w, https:\/\/www.diarioimagen.net\/wp-content\/uploads\/2026\/08\/INCENDIO-01-1536x1023.jpeg 1536w, https:\/\/www.diarioimagen.net\/wp-content\/uploads\/2026\/08\/INCENDIO-01.jpeg 1969w\" sizes=\"auto, (max-width: 405px) 100vw, 405px\" \/><\/p>\n<p>La seguridad contra incendios debe convertirse en un componente estrat\u00e9gico de la infraestructura y la competitividad de M\u00e9xico, particularmente ante el crecimiento industrial, el nearshoring y la llegada de nuevas inversiones al pa\u00eds, afirm\u00f3 David Morales Reinosa, presidente nacional de la Asociaci\u00f3n Mexicana de Rociadores Autom\u00e1ticos contra Incendios (AMRACI).<\/p>\n<p>&nbsp;<\/p>\n<p>En la inauguraci\u00f3n de la 9\u00aa Expo Fire, el dirigente advirti\u00f3 que el desarrollo econ\u00f3mico no puede medirse \u00fanicamente por el capital invertido o la infraestructura construida, sino tambi\u00e9n por la capacidad de las instalaciones para proteger vidas, preservar empleos y garantizar la continuidad de las operaciones ante una emergencia.<\/p>\n<p>&nbsp;<\/p>\n<p>Ante la representante del secretario de Econom\u00eda, Marcelo Ebrard Casaubond, la Jefe de Unidad de Normatividad, Competitividad y Competencia, Andrea Solano Rend\u00f3n, destac\u00f3 que en M\u00e9xico ocurren diariamente alrededor de 260 incendios urbanos y no urbanos, mientras que durante la \u00faltima d\u00e9cada miles de personas han perdido la vida por exposici\u00f3n al fuego no controlado o por la ignici\u00f3n de materiales inflamables.<\/p>\n<p>&nbsp;<\/p>\n<p>A las p\u00e9rdidas humanas se suman importantes da\u00f1os econ\u00f3micos para empresas, trabajadores, familias, aseguradoras y comunidades.<\/p>\n<p>&nbsp;<\/p>\n<p>David Morales sostuvo que la protecci\u00f3n contra incendios debe dejar de verse como un gasto y ser reconocida como una inversi\u00f3n estrat\u00e9gica. \u201cProteger una inversi\u00f3n significa proteger a sus trabajadores; proteger la continuidad de una empresa significa proteger el bienestar de toda una comunidad\u201d, se\u00f1al\u00f3.<\/p>\n<p>&nbsp;<\/p>\n<p>En este contexto, destac\u00f3 que M\u00e9xico vive una oportunidad hist\u00f3rica por la relocalizaci\u00f3n de cadenas globales de suministro, fen\u00f3meno que est\u00e1 impulsando la construcci\u00f3n de parques industriales, centros log\u00edsticos, plantas manufactureras y nueva infraestructura.<\/p>\n<p>&nbsp;<\/p>\n<p>Sin embargo, consider\u00f3 indispensable que los sistemas y medidas de protecci\u00f3n contra incendios sean incorporados desde la etapa de dise\u00f1o de los proyectos.<\/p>\n<p>&nbsp;<\/p>\n<p>\u201cNo puede existir una verdadera competitividad ni una relocalizaci\u00f3n inteligente si la seguridad contra incendios no se incorpora desde la etapa de dise\u00f1o de cada proyecto\u201d, enfatiz\u00f3.<\/p>\n<p>&nbsp;<\/p>\n<p>Uno de los principales llamados de AMRACI Industria Contra Incendio, es avanzar hacia una Norma Oficial Mexicana de Seguridad Humana y Protecci\u00f3n contra Incendios, que permita establecer criterios homologados en todo el pa\u00eds.<\/p>\n<p>&nbsp;<\/p>\n<p>Esta propuesta que cont\u00f3 con el apoyo de presidente de la Confederaci\u00f3n de C\u00e1maras Industriales (Concamin) Alejandro Malag\u00f3n Barrag\u00e1n, plantea que esta regulaci\u00f3n sea moderna, verificable y sustentada en la gesti\u00f3n integral del riesgo, con requisitos claros y medibles para edificios p\u00fablicos, industrias, establecimientos comerciales y viviendas.<\/p>\n<p>&nbsp;<\/p>\n<p>El presidente de AMRACI, se\u00f1al\u00f3 que una norma nacional permitir\u00eda fortalecer la supervisi\u00f3n, facilitar la digitalizaci\u00f3n de procesos y reducir espacios para pr\u00e1cticas irregulares o desleales.<\/p>\n<p>&nbsp;<\/p>\n<p>Tambi\u00e9n consider\u00f3 que impulsar esta regulaci\u00f3n desde la Secretar\u00eda de Econom\u00eda debe entenderse como una decisi\u00f3n estrat\u00e9gica para generar certidumbre a los inversionistas, fortalecer la competitividad y proteger el patrimonio nacional.<\/p>\n<p>&nbsp;<\/p>\n<p>Como referente de los esfuerzos que pueden realizarse a nivel estatal, el presidente de AMRACI destac\u00f3 la Norma Estatal de Seguridad Humana y Protecci\u00f3n contra Incendios de Jalisco, al considerar que representa un avance para homologar criterios y fortalecer las condiciones de seguridad.<\/p>\n<p>&nbsp;<\/p>\n<p>Morales llam\u00f3 a aprovechar la experiencia existente en M\u00e9xico y construir una estrategia conjunta entre gobierno, industria, organismos de evaluaci\u00f3n de la conformidad, especialistas y sociedad.<\/p>\n<p>&nbsp;<\/p>\n<p>Destac\u00f3 tambi\u00e9n la importancia de fomentar una cultura de prevenci\u00f3n desde las primeras etapas de formaci\u00f3n.<\/p>\n<p>&nbsp;<\/p>\n<p>Reconoci\u00f3 el trabajo de Virginia Sendel Iturbide, fundadora y presidenta de Fundaci\u00f3n Michou y Mau, por sus 28 a\u00f1os de labor en favor de ni\u00f1as y ni\u00f1os v\u00edctimas de quemaduras.<\/p>\n<p>&nbsp;<\/p>\n<p>Asimismo, destac\u00f3 que el programa \u201cAprende a Mantenerte Seguro\u201d ha llegado en dos a\u00f1os a m\u00e1s de 80 mil ni\u00f1os y 3 mil docentes en dos estados de la Rep\u00fablica.<\/p>\n<p>&nbsp;<\/p>\n<p>El reto, plante\u00f3, es incorporar de manera permanente estos conocimientos en los programas educativos y, posteriormente, en los libros de texto.<\/p>\n<p>&nbsp;<\/p>\n<p>Otro de los desaf\u00edos, dijo, est\u00e1 relacionado con la preparaci\u00f3n de los especialistas del sector. La digitalizaci\u00f3n, los nuevos materiales, los sistemas automatizados, el almacenamiento de alta densidad y la complejidad de las nuevas instalaciones requieren profesionales cada vez m\u00e1s capacitados.<\/p>\n<p>&nbsp;<\/p>\n<p>AMRACI ha trabajado durante m\u00e1s de una d\u00e9cada con CONOCER y otros integrantes de la cadena de valor para fortalecer la profesionalizaci\u00f3n y certificaci\u00f3n del sector. Este esfuerzo ha permitido certificar a m\u00e1s de 500 profesionales.<\/p>\n<p>&nbsp;<\/p>\n<p>Finalmente, AMRACI llam\u00f3 a las autoridades, empresas y sociedad a convertir la seguridad contra incendios en una prioridad nacional.<\/p>\n<p>&nbsp;<\/p>\n<p>Sostuvo que M\u00e9xico tiene la oportunidad de atraer inversiones, fortalecer su infraestructura y aprovechar el crecimiento industrial, pero advirti\u00f3 que ese desarrollo debe ir acompa\u00f1ado de seguridad, prevenci\u00f3n y resiliencia.<\/p>\n<p>&nbsp;<\/p>\n<p>La premisa, concluy\u00f3 Morales, debe ser que cada nueva inversi\u00f3n, industria y espacio construido represente tambi\u00e9n un compromiso con la protecci\u00f3n de las personas.<\/p>\n<p>&nbsp;<\/p>\n<p>Expo Fire, se lleva a cabo en el World Trade Center, los d\u00edas 25 y 26 de agosto, con la participaci\u00f3n de expertos nacionales e internacionales, en la prevenci\u00f3n y combate de incendios urbanos.<\/p>\n<p>&nbsp;<\/p>\n<p>&nbsp;<\/p>\n<p><strong>\u00a0<\/strong><\/p>\n<p><strong>\u00a0<\/strong><\/p>\n<p>&nbsp;<\/p>\n<p>&nbsp;<\/p>\n","protected":false},"excerpt":{"rendered":"<p>&nbsp; AMRACI plantea una norma nacional homologada ante el crecimiento industrial, el nearshoring y la llegada de nuevas inversiones La seguridad contra incendios debe convertirse en un componente estrat\u00e9gico de la infraestructura y la competitividad de M\u00e9xico, particularmente ante el crecimiento industrial, el nearshoring y la llegada de nuevas inversiones al pa\u00eds, afirm\u00f3 David Morales [&hellip;]<\/p>\n","protected":false},"author":14,"featured_media":737655,"comment_status":"open","ping_status":"open","sticky":false,"template":"","format":"standard","meta":{"_monsterinsights_skip_tracking":false,"footnotes":""},"categories":[7],"tags":[],"class_list":["post-737643","post","type-post","status-publish","format-standard","has-post-thumbnail","hentry","category-seguridad"],"_links":{"self":[{"href":"https:\/\/www.diarioimagen.net\/index.php?rest_route=\/wp\/v2\/posts\/737643","targetHints":{"allow":["GET"]}}],"collection":[{"href":"https:\/\/www.diarioimagen.net\/index.php?rest_route=\/wp\/v2\/posts"}],"about":[{"href":"https:\/\/www.diarioimagen.net\/index.php?rest_route=\/wp\/v2\/types\/post"}],"author":[{"embeddable":true,"href":"https:\/\/www.diarioimagen.net\/index.php?rest_route=\/wp\/v2\/users\/14"}],"replies":[{"embeddable":true,"href":"https:\/\/www.diarioimagen.net\/index.php?rest_route=%2Fwp%2Fv2%2Fcomments&post=737643"}],"version-history":[{"count":2,"href":"https:\/\/www.diarioimagen.net\/index.php?rest_route=\/wp\/v2\/posts\/737643\/revisions"}],"predecessor-version":[{"id":737674,"href":"https:\/\/www.diarioimagen.net\/index.php?rest_route=\/wp\/v2\/posts\/737643\/revisions\/737674"}],"wp:featuredmedia":[{"embeddable":true,"href":"https:\/\/www.diarioimagen.net\/index.php?rest_route=\/wp\/v2\/media\/737655"}],"wp:attachment":[{"href":"https:\/\/www.diarioimagen.net\/index.php?rest_route=%2Fwp%2Fv2%2Fmedia&parent=737643"}],"wp:term":[{"taxonomy":"category","embeddable":true,"href":"https:\/\/www.diarioimagen.net\/index.php?rest_route=%2Fwp%2Fv2%2Fcategories&post=737643"},{"taxonomy":"post_tag","embeddable":true,"href":"https:\/\/www.diarioimagen.net\/index.php?rest_route=%2Fwp%2Fv2%2Ftags&post=737643"}],"curies":[{"name":"wp","href":"https:\/\/api.w.org\/{rel}","templated":true}]}}