{"id":737721,"date":"2026-08-30T21:21:19","date_gmt":"2026-08-31T03:21:19","guid":{"rendered":"https:\/\/www.diarioimagen.net\/?p=737721"},"modified":"2026-08-30T21:21:19","modified_gmt":"2026-08-31T03:21:19","slug":"alex-fernandez-y-su-voz-de-mi-sangre-tour","status":"publish","type":"post","link":"https:\/\/www.diarioimagen.net\/?p=737721","title":{"rendered":"Alex Fern\u00e1ndez y su \u201cVoz de mi Sangre Tour\u201d"},"content":{"rendered":"<ul>\n<li><strong>En el Teatro Metrop\u00f3litan<\/strong><\/li>\n<li><strong>El espect\u00e1culo promete una fusi\u00f3n \u00fanica entre la tradici\u00f3n del g\u00e9nero y la modernidad de los arreglos contempor\u00e1neos<\/strong><\/li>\n<\/ul>\n<p><img loading=\"lazy\" decoding=\"async\" class=\"alignnone wp-image-737722 size-large\" src=\"https:\/\/www.diarioimagen.net\/wp-content\/uploads\/2026\/08\/ALEX-01-360x270.jpeg\" alt=\"\" width=\"360\" height=\"270\" srcset=\"https:\/\/www.diarioimagen.net\/wp-content\/uploads\/2026\/08\/ALEX-01-360x270.jpeg 360w, https:\/\/www.diarioimagen.net\/wp-content\/uploads\/2026\/08\/ALEX-01-240x180.jpeg 240w, https:\/\/www.diarioimagen.net\/wp-content\/uploads\/2026\/08\/ALEX-01-768x576.jpeg 768w, https:\/\/www.diarioimagen.net\/wp-content\/uploads\/2026\/08\/ALEX-01-1536x1152.jpeg 1536w, https:\/\/www.diarioimagen.net\/wp-content\/uploads\/2026\/08\/ALEX-01-2048x1536.jpeg 2048w\" sizes=\"auto, (max-width: 360px) 100vw, 360px\" \/><\/p>\n<p>Por: Asael Grande<\/p>\n<p>La dinast\u00eda Fern\u00e1ndez sumar\u00e1 un nuevo cap\u00edtulo en los escenarios de la capital del pa\u00eds. El cantante de m\u00fasica regional mexicana, Alex Fern\u00e1ndez, se presentar\u00e1 en la Ciudad de M\u00e9xico el pr\u00f3ximo s\u00e1bado 31 de octubre como parte de su esperada gira internacional \u201c\u201dVoz de mi Sangre Tour\u201d.<br \/>\nEl emblem\u00e1tico Teatro Metrop\u00f3litan ser\u00e1 el recinto que reciba esta producci\u00f3n de gran formato. El espect\u00e1culo promete una fusi\u00f3n \u00fanica entre la tradici\u00f3n del g\u00e9nero y la modernidad de los arreglos contempor\u00e1neos, un estilo que el propio artista ha denominado como \u201cmariachi-pop\u201d: \u201cestamos muy emocionados porque vamos a estar present\u00e1ndonos en el Teatro Metrop\u00f3litan, traemos un show muy bonito, muy especial, que es el que hemos estado haciendo en esta gira, que se llama \u2018Voz de mi sangre\u2019, vamos a traer un invitado especial, y siempre los shows son especiales, siempre se pone el ambiente muy padre, tambi\u00e9n estar\u00e9 present\u00e1ndome en el Auditorio Telmex el 24 de septiembre, en mi tierra, Guadalajara, Jalisco, mi tierra, mi ciudad; tambi\u00e9n estar\u00e9 el 13 de septiembre, en Las Vegas, en las fiestas patrias, y luego regreso a Espa\u00f1a por tercera vez, con diez fechas en ciudades como Madrid, Granada y Barcelona, en diciembre; el repertorio de mi show es b\u00e1sicamente mis canciones, obviamente, traemos varios covers que hemos adaptado con mariachi, y tambi\u00e9n el homenaje a mi familia, donde cantamos canciones de mi abuelo, y algunas canciones de mi pap\u00e1; para m\u00ed representar a M\u00e9xico es de mis mayores orgullos, s\u00e9 que es una gran responsabilidad, estoy orgulloso de mi familia, y seguimos intentando elevar a M\u00e9xico a lo m\u00e1s alto\u201d.<br \/>\nNacido en el seno de una de las familias m\u00e1s influyentes del folklore mexicano, Alex Fern\u00e1ndez \u2014hijo de Alejandro Fern\u00e1ndez y nieto del legendario Vicente Fern\u00e1ndez\u2014 formaliz\u00f3 su trayectoria musical en 2018 con el lanzamiento de su sencillo debut \u201cTe Amar\u00e9\u201d.<br \/>\nRespaldado inicialmente por su abuelo en la direcci\u00f3n de su primer \u00e1lbum Sigue la Dinast\u00eda, el joven int\u00e9rprete consolid\u00f3 r\u00e1pidamente su propio espacio en la industria logrando nominaciones al Grammy Latino y recorriendo grandes escenarios internacionales en giras conjuntas junto a su padre, posicion\u00e1ndose hoy como uno de los principales renovadores de la m\u00fasica ranchera: \u201crecientemente grabe la canci\u00f3n, \u2018Mi abuelo vino a visitarme\u2019, una canci\u00f3n dedicada a mi abuelo; mi abuelo me pidi\u00f3 que grabara la canci\u00f3n, \u2018El tiempo no perdona\u2019, es una canci\u00f3n que habla del ciclo de la vida, pero especialmente, la relaci\u00f3n padre, hijo, abuelo; cada que llega el aniversario de mi abuelo, es dif\u00edcil, como que no lo puedo creer, siento que fue ayer, lo recordamos siempre en familia, todos juntos, s\u00e9 que mi abuelo me acompa\u00f1a a todos lados\u201d.<br \/>\nPara esta velada, el heredero de la tradici\u00f3n musical contar\u00e1 con el respaldo del imponente Mariachi Real Azteca, adem\u00e1s de un cuerpo de baile folcl\u00f3rico de primer nivel que engalanar\u00e1 la puesta en escena. El repertorio de la noche incluir\u00e1 grandes \u00e9xitos de su carrera como \u201cVives en M\u00ed\u201d y \u201cDisculpe Usted\u201d: \u201cestamos renovando el show, lleno de muchas din\u00e1micas, adapto la vestimenta, los trajes de charro, el estar cambiando del mariachi tradicional al mariachi pop, para poder traer mi propio sello musical, y hacerlo de una manera muy digna, ha sido una gran aventura, un gran camino el que hemos tomado, la m\u00fasica mexicana est\u00e1 en mis venas\u201d.<\/p>\n","protected":false},"excerpt":{"rendered":"<p>En el Teatro Metrop\u00f3litan El espect\u00e1culo promete una fusi\u00f3n \u00fanica entre la tradici\u00f3n del g\u00e9nero y la modernidad de los arreglos contempor\u00e1neos Por: Asael Grande La dinast\u00eda Fern\u00e1ndez sumar\u00e1 un nuevo cap\u00edtulo en los escenarios de la capital del pa\u00eds. El cantante de m\u00fasica regional mexicana, Alex Fern\u00e1ndez, se presentar\u00e1 en la Ciudad de M\u00e9xico [&hellip;]<\/p>\n","protected":false},"author":14,"featured_media":737722,"comment_status":"open","ping_status":"open","sticky":false,"template":"","format":"standard","meta":{"_monsterinsights_skip_tracking":false,"footnotes":""},"categories":[12],"tags":[],"class_list":["post-737721","post","type-post","status-publish","format-standard","has-post-thumbnail","hentry","category-espectaculos"],"_links":{"self":[{"href":"https:\/\/www.diarioimagen.net\/index.php?rest_route=\/wp\/v2\/posts\/737721","targetHints":{"allow":["GET"]}}],"collection":[{"href":"https:\/\/www.diarioimagen.net\/index.php?rest_route=\/wp\/v2\/posts"}],"about":[{"href":"https:\/\/www.diarioimagen.net\/index.php?rest_route=\/wp\/v2\/types\/post"}],"author":[{"embeddable":true,"href":"https:\/\/www.diarioimagen.net\/index.php?rest_route=\/wp\/v2\/users\/14"}],"replies":[{"embeddable":true,"href":"https:\/\/www.diarioimagen.net\/index.php?rest_route=%2Fwp%2Fv2%2Fcomments&post=737721"}],"version-history":[{"count":1,"href":"https:\/\/www.diarioimagen.net\/index.php?rest_route=\/wp\/v2\/posts\/737721\/revisions"}],"predecessor-version":[{"id":737723,"href":"https:\/\/www.diarioimagen.net\/index.php?rest_route=\/wp\/v2\/posts\/737721\/revisions\/737723"}],"wp:featuredmedia":[{"embeddable":true,"href":"https:\/\/www.diarioimagen.net\/index.php?rest_route=\/wp\/v2\/media\/737722"}],"wp:attachment":[{"href":"https:\/\/www.diarioimagen.net\/index.php?rest_route=%2Fwp%2Fv2%2Fmedia&parent=737721"}],"wp:term":[{"taxonomy":"category","embeddable":true,"href":"https:\/\/www.diarioimagen.net\/index.php?rest_route=%2Fwp%2Fv2%2Fcategories&post=737721"},{"taxonomy":"post_tag","embeddable":true,"href":"https:\/\/www.diarioimagen.net\/index.php?rest_route=%2Fwp%2Fv2%2Ftags&post=737721"}],"curies":[{"name":"wp","href":"https:\/\/api.w.org\/{rel}","templated":true}]}}