{"id":737724,"date":"2026-08-30T21:23:10","date_gmt":"2026-08-31T03:23:10","guid":{"rendered":"https:\/\/www.diarioimagen.net\/?p=737724"},"modified":"2026-08-30T21:23:10","modified_gmt":"2026-08-31T03:23:10","slug":"ecatepec-arranco-la-repamiventacion-de-vialidades-en-jardines-de-morelos","status":"publish","type":"post","link":"https:\/\/www.diarioimagen.net\/?p=737724","title":{"rendered":"Ecatepec arranc\u00f3 la repamiventacion  de vialidades en Jardines de Morelos"},"content":{"rendered":"<p>&nbsp;<\/p>\n<p>&nbsp;<\/p>\n<ul>\n<li><strong>Circuito Morelia Norte<\/strong><\/li>\n<\/ul>\n<div id=\"attachment_737725\" style=\"width: 415px\" class=\"wp-caption alignnone\"><img loading=\"lazy\" decoding=\"async\" aria-describedby=\"caption-attachment-737725\" class=\"wp-image-737725 size-large\" src=\"https:\/\/www.diarioimagen.net\/wp-content\/uploads\/2026\/08\/BAENA-1-ok-14-405x270.jpg\" alt=\"\" width=\"405\" height=\"270\" srcset=\"https:\/\/www.diarioimagen.net\/wp-content\/uploads\/2026\/08\/BAENA-1-ok-14-405x270.jpg 405w, https:\/\/www.diarioimagen.net\/wp-content\/uploads\/2026\/08\/BAENA-1-ok-14-240x160.jpg 240w, https:\/\/www.diarioimagen.net\/wp-content\/uploads\/2026\/08\/BAENA-1-ok-14-768x511.jpg 768w, https:\/\/www.diarioimagen.net\/wp-content\/uploads\/2026\/08\/BAENA-1-ok-14.jpg 1500w\" sizes=\"auto, (max-width: 405px) 100vw, 405px\" \/><p id=\"caption-attachment-737725\" class=\"wp-caption-text\">La alcaldesa Azucena Cisneros Coss dio el banderazo de inicio de la obra de repavimentaci\u00f3n del Circuito Morelia Norte, del fraccionamiento Jardines de Morelos Quinta Secci\u00f3n.<\/p><\/div>\n<p><strong>\u00a0<\/strong><\/p>\n<p>Ecatepec, M\u00e9x.-\u00a0El gobierno municipal inici\u00f3 la repavimentaci\u00f3n de Circuito Morelia Norte, una de las vialidades principales del fraccionamiento Jardines de Morelos Quinta Secci\u00f3n, comunidad en la que suman m\u00e1s de 2.1 kil\u00f3metros de avenidas rehabilitadas, tras m\u00e1s de dos d\u00e9cadas de abandono.<\/p>\n<p>&nbsp;<\/p>\n<p>\u201cEs hist\u00f3rico lo que estamos haciendo, ustedes lo saben, lo perciben y ya lo empezaron a sentir\u201d, afirm\u00f3 la alcaldesa Azucena Cisneros Coss al dar el banderazo de inicio de la obra, que se realiza con el tren de pavimentaci\u00f3n que don\u00f3 a Ecatepec la presidenta Claudia Sheinbaum Pardo.<\/p>\n<p>&nbsp;<\/p>\n<p>Agreg\u00f3: \u201cEstamos trabajando a marchas forzadas, convulsionando el gobierno lo m\u00e1s que podemos. Trabajamos de noche con m\u00e1s de 30 brigadas de bacheo, tanto en la zona de Valle de Arag\u00f3n, de este lado estamos en todo Jardines de Morelos. Ya llevamos m\u00e1s de 10 colonias integrales en el tema del bacheo\u201d.<\/p>\n<p>&nbsp;<\/p>\n<p>Cisneros Coss reiter\u00f3 que Ecatepec padece d\u00e9cadas de rezago debido a gobiernos que olvidaron las comunidades, lo que llen\u00f3 de estigmas y discriminaci\u00f3n al municipio, aunque los atrasos est\u00e1n quedando en el pasado.<\/p>\n<p>&nbsp;<\/p>\n<p>Carlos Ram\u00edrez Brassetti, director de Obras P\u00fablicas, inform\u00f3 que suman 2.1 kil\u00f3metros de vialidades rehabilitadas en Jardines de Morelos Quinta Secci\u00f3n y pronto ser\u00e1n repavimentadas otras importantes avenidas, como Circuito Morelia Oriente y Sur, boulevard Toluca y las calles Guanajuato y Guadalajara.<\/p>\n<p>&nbsp;<\/p>\n<p>Araceli Garc\u00eda Hern\u00e1ndez, delegada de la comunidad, mencion\u00f3 que \u201cnunca se nos hizo caso en la colonia, pero el d\u00eda de hoy aqu\u00ed est\u00e1n los frutos, el trabajo, el esfuerzo de nuestra presidenta municipal (Azucena Cisneros), el d\u00eda de hoy se dio el banderazo para que se realicen las obras\u201d.<\/p>\n<p>&nbsp;<\/p>\n<p>&nbsp;<\/p>\n<p>&nbsp;<\/p>\n","protected":false},"excerpt":{"rendered":"<p>&nbsp; &nbsp; Circuito Morelia Norte \u00a0 Ecatepec, M\u00e9x.-\u00a0El gobierno municipal inici\u00f3 la repavimentaci\u00f3n de Circuito Morelia Norte, una de las vialidades principales del fraccionamiento Jardines de Morelos Quinta Secci\u00f3n, comunidad en la que suman m\u00e1s de 2.1 kil\u00f3metros de avenidas rehabilitadas, tras m\u00e1s de dos d\u00e9cadas de abandono. &nbsp; \u201cEs hist\u00f3rico lo que estamos haciendo, [&hellip;]<\/p>\n","protected":false},"author":14,"featured_media":737725,"comment_status":"open","ping_status":"open","sticky":false,"template":"","format":"standard","meta":{"_monsterinsights_skip_tracking":false,"footnotes":""},"categories":[5],"tags":[],"class_list":["post-737724","post","type-post","status-publish","format-standard","has-post-thumbnail","hentry","category-estado-de-mexico"],"_links":{"self":[{"href":"https:\/\/www.diarioimagen.net\/index.php?rest_route=\/wp\/v2\/posts\/737724","targetHints":{"allow":["GET"]}}],"collection":[{"href":"https:\/\/www.diarioimagen.net\/index.php?rest_route=\/wp\/v2\/posts"}],"about":[{"href":"https:\/\/www.diarioimagen.net\/index.php?rest_route=\/wp\/v2\/types\/post"}],"author":[{"embeddable":true,"href":"https:\/\/www.diarioimagen.net\/index.php?rest_route=\/wp\/v2\/users\/14"}],"replies":[{"embeddable":true,"href":"https:\/\/www.diarioimagen.net\/index.php?rest_route=%2Fwp%2Fv2%2Fcomments&post=737724"}],"version-history":[{"count":1,"href":"https:\/\/www.diarioimagen.net\/index.php?rest_route=\/wp\/v2\/posts\/737724\/revisions"}],"predecessor-version":[{"id":737726,"href":"https:\/\/www.diarioimagen.net\/index.php?rest_route=\/wp\/v2\/posts\/737724\/revisions\/737726"}],"wp:featuredmedia":[{"embeddable":true,"href":"https:\/\/www.diarioimagen.net\/index.php?rest_route=\/wp\/v2\/media\/737725"}],"wp:attachment":[{"href":"https:\/\/www.diarioimagen.net\/index.php?rest_route=%2Fwp%2Fv2%2Fmedia&parent=737724"}],"wp:term":[{"taxonomy":"category","embeddable":true,"href":"https:\/\/www.diarioimagen.net\/index.php?rest_route=%2Fwp%2Fv2%2Fcategories&post=737724"},{"taxonomy":"post_tag","embeddable":true,"href":"https:\/\/www.diarioimagen.net\/index.php?rest_route=%2Fwp%2Fv2%2Ftags&post=737724"}],"curies":[{"name":"wp","href":"https:\/\/api.w.org\/{rel}","templated":true}]}}