{"id":737727,"date":"2026-08-30T21:26:05","date_gmt":"2026-08-31T03:26:05","guid":{"rendered":"https:\/\/www.diarioimagen.net\/?p=737727"},"modified":"2026-08-30T21:26:05","modified_gmt":"2026-08-31T03:26:05","slug":"regularizan-los-cusaem-sus-adeudos-y-gestionan-convenio-con-el-iseemym","status":"publish","type":"post","link":"https:\/\/www.diarioimagen.net\/?p=737727","title":{"rendered":"\u00a0  Regularizan los Cusaem sus adeudos  y gestionan convenio con el Iseemym"},"content":{"rendered":"<p>&nbsp;<\/p>\n<ul>\n<li><strong>Se transforma a sus 80 a\u00f1os<\/strong><\/li>\n<\/ul>\n<div id=\"attachment_737728\" style=\"width: 213px\" class=\"wp-caption alignnone\"><img loading=\"lazy\" decoding=\"async\" aria-describedby=\"caption-attachment-737728\" class=\"wp-image-737728 size-large\" src=\"https:\/\/www.diarioimagen.net\/wp-content\/uploads\/2026\/08\/BAENA-2-ok-14-203x270.jpg\" alt=\"\" width=\"203\" height=\"270\" srcset=\"https:\/\/www.diarioimagen.net\/wp-content\/uploads\/2026\/08\/BAENA-2-ok-14-203x270.jpg 203w, https:\/\/www.diarioimagen.net\/wp-content\/uploads\/2026\/08\/BAENA-2-ok-14-180x240.jpg 180w, https:\/\/www.diarioimagen.net\/wp-content\/uploads\/2026\/08\/BAENA-2-ok-14-768x1024.jpg 768w, https:\/\/www.diarioimagen.net\/wp-content\/uploads\/2026\/08\/BAENA-2-ok-14-1152x1536.jpg 1152w, https:\/\/www.diarioimagen.net\/wp-content\/uploads\/2026\/08\/BAENA-2-ok-14.jpg 1500w\" sizes=\"auto, (max-width: 203px) 100vw, 203px\" \/><p id=\"caption-attachment-737728\" class=\"wp-caption-text\">Carlos Javier \u00c1lvarez C\u00e1rdenas manifest\u00f3 su satisfacci\u00f3n de haber cumplido, despu\u00e9s de dos a\u00f1os de estar al frente de la corporaci\u00f3n.<\/p><\/div>\n<p>&nbsp;<\/p>\n<p>Lerma, M\u00e9x.- A 80 a\u00f1os de su creaci\u00f3n, CUSAEM se transforma en una instituci\u00f3n comprometida por velar el bienestar, salarios y prestaciones de quienes ganan menos, as\u00ed como por establecer un tabulador, una ruta profesional que incluye disciplina, adiestramiento, capacitaci\u00f3n, evaluaci\u00f3n y certificaci\u00f3n.<\/p>\n<p>&nbsp;<\/p>\n<p>Se cumplen 8 d\u00e9cadas de los Cuerpos de Seguridad Auxiliares del Estado de M\u00e9xico (CUSAEM) y su titular, Carlos Javier \u00c1lvarez C\u00e1rdenas, manifest\u00f3 su satisfacci\u00f3n de haber cumplido, despu\u00e9s de dos a\u00f1os de estar al frente de la corporaci\u00f3n, varias de las metas que se ha propuesto su administraci\u00f3n.<\/p>\n<p>&nbsp;<\/p>\n<p>Entre ellas, el haber logrado un convenio de pago de adeudos con el ISSEMyM, la regularizaci\u00f3n y atenci\u00f3n de los d\u00e9bitos ante el SAT, mediante acciones encaminadas a restablecer y mantener en orden, las obligaciones fiscales de la instituci\u00f3n.<\/p>\n<p>&nbsp;<\/p>\n<p>Asimismo, se siente orgulloso de haber consolidado los tabuladores de sueldos, para el personal operativo y administrativo, permitiendo ordenar categor\u00edas, niveles, percepciones y responsabilidades, con criterios objetivos, as\u00ed como el incremento salarial al personal operativo con grado de Guardia \u201cC\u201d, intramuros, en un 56.39%.<\/p>\n<p>&nbsp;<\/p>\n<p>Teniendo como escenario, la renovada sede del Cuartel de Lerma, \u00c1lvarez C\u00e1rdenas mencion\u00f3 que un logro significativo para la instituci\u00f3n ha sido el desarrollo y la implementaci\u00f3n de una ruta profesional, definida en cada escalaf\u00f3n, que dar\u00e1 certeza y las mismas oportunidades de crecimiento, a todo el personal operativo que integra CUSAEM.<\/p>\n<p>&nbsp;<\/p>\n<p>A lo anterior, a\u00f1adi\u00f3 la creaci\u00f3n del \u00c1rea de Certificaci\u00f3n, Capacitaci\u00f3n y Desarrollo, am\u00e9n de la estandarizaci\u00f3n y certificaci\u00f3n de las evaluaciones del Centro de Control y Confianza, para dar cumplimiento con la Licencia Oficial Colectiva 139.<\/p>\n<p>&nbsp;<\/p>\n<p>Ante un auditorio donde estuvieron personalidades de la pol\u00edtica, del sector p\u00fablico y privado, en su discurso alusivo, \u00c1lvarez C\u00e1rdenas adelant\u00f3 que hoy en d\u00eda, el corporativo de polic\u00edas auxiliares gestiona y reconoce en el Diario Oficial a los CUSAEM. como una entidad Certificada de la Red Conocer (Consejo Nacional de Normalizaci\u00f3n y Certificaci\u00f3n de Competencias Laborales), dependencia de la Secretar\u00eda de Educaci\u00f3n P\u00fablica federal, teniendo vigentes 16 competencias, y siendo primer lugar a nivel nacional, en la obtenci\u00f3n y emisi\u00f3n de m\u00e1s de 4 mil certificados reconocidos a nivel nacional e internacional.<\/p>\n<p>&nbsp;<\/p>\n<p>En este rubro, el director de CUSAEM a\u00f1adi\u00f3 que el corporativo firm\u00f3 convenios con diversas universidades, para la obtenci\u00f3n de becas y descuentos para nivel medio y licenciatura, para beneficio y utilizaci\u00f3n del personal, extensivo a sus familiares.<\/p>\n<p>&nbsp;<\/p>\n<p>Tambi\u00e9n Carlos \u00c1lvarez refiri\u00f3 en su lectura, a la construcci\u00f3n de dos edificios de cuatro niveles cada uno, el primero edificado en el Cuartel del Valle Cuautitl\u00e1n-Texcoco, destinado al \u00c1rea de Certificaci\u00f3n, Capacitaci\u00f3n, Desarrollo y Monitoreo, generando as\u00ed, espacios adecuados para el fortalecimiento de las actividades de formaci\u00f3n y profesionalizaci\u00f3n institucional.<\/p>\n<p>&nbsp;<\/p>\n<p>Y una segunda edificaci\u00f3n, ubicado en el Cuartel del Valle de Toluca, destinado al fortalecimiento de las \u00e1reas administrativas y de evaluaci\u00f3n de aspirantes.<\/p>\n<p>&nbsp;<\/p>\n<p>En ese tema, tambi\u00e9n se inform\u00f3 de la construcci\u00f3n del Centro de Monitoreo C4, mismo que permitir\u00e1 la vigilancia y rastreo GPS, en tiempo real, las 24 horas, los 365 d\u00edas del a\u00f1o, de los veh\u00edculos de emergencia e instalaciones resguardadas que les permitir\u00e1n un enlace inmediato con las autoridades estatales en caso de emergencia.<\/p>\n<p>&nbsp;<\/p>\n<p>Apunt\u00f3 que en ese sitio, fue instalado un simulador de tiro virtual que permitir\u00e1 un mejor adiestramiento en el estado de fuerza, optimizando recursos, disminuyendo el menor riesgo, y con una mayor tecnolog\u00eda vanguardista.<\/p>\n<p>&nbsp;<\/p>\n<p><strong>\u00a0<\/strong><\/p>\n","protected":false},"excerpt":{"rendered":"<p>&nbsp; Se transforma a sus 80 a\u00f1os &nbsp; Lerma, M\u00e9x.- A 80 a\u00f1os de su creaci\u00f3n, CUSAEM se transforma en una instituci\u00f3n comprometida por velar el bienestar, salarios y prestaciones de quienes ganan menos, as\u00ed como por establecer un tabulador, una ruta profesional que incluye disciplina, adiestramiento, capacitaci\u00f3n, evaluaci\u00f3n y certificaci\u00f3n. &nbsp; Se cumplen 8 [&hellip;]<\/p>\n","protected":false},"author":14,"featured_media":737728,"comment_status":"open","ping_status":"open","sticky":false,"template":"","format":"standard","meta":{"_monsterinsights_skip_tracking":false,"footnotes":""},"categories":[5],"tags":[],"class_list":["post-737727","post","type-post","status-publish","format-standard","has-post-thumbnail","hentry","category-estado-de-mexico"],"_links":{"self":[{"href":"https:\/\/www.diarioimagen.net\/index.php?rest_route=\/wp\/v2\/posts\/737727","targetHints":{"allow":["GET"]}}],"collection":[{"href":"https:\/\/www.diarioimagen.net\/index.php?rest_route=\/wp\/v2\/posts"}],"about":[{"href":"https:\/\/www.diarioimagen.net\/index.php?rest_route=\/wp\/v2\/types\/post"}],"author":[{"embeddable":true,"href":"https:\/\/www.diarioimagen.net\/index.php?rest_route=\/wp\/v2\/users\/14"}],"replies":[{"embeddable":true,"href":"https:\/\/www.diarioimagen.net\/index.php?rest_route=%2Fwp%2Fv2%2Fcomments&post=737727"}],"version-history":[{"count":1,"href":"https:\/\/www.diarioimagen.net\/index.php?rest_route=\/wp\/v2\/posts\/737727\/revisions"}],"predecessor-version":[{"id":737729,"href":"https:\/\/www.diarioimagen.net\/index.php?rest_route=\/wp\/v2\/posts\/737727\/revisions\/737729"}],"wp:featuredmedia":[{"embeddable":true,"href":"https:\/\/www.diarioimagen.net\/index.php?rest_route=\/wp\/v2\/media\/737728"}],"wp:attachment":[{"href":"https:\/\/www.diarioimagen.net\/index.php?rest_route=%2Fwp%2Fv2%2Fmedia&parent=737727"}],"wp:term":[{"taxonomy":"category","embeddable":true,"href":"https:\/\/www.diarioimagen.net\/index.php?rest_route=%2Fwp%2Fv2%2Fcategories&post=737727"},{"taxonomy":"post_tag","embeddable":true,"href":"https:\/\/www.diarioimagen.net\/index.php?rest_route=%2Fwp%2Fv2%2Ftags&post=737727"}],"curies":[{"name":"wp","href":"https:\/\/api.w.org\/{rel}","templated":true}]}}