{"id":737730,"date":"2026-08-30T21:29:40","date_gmt":"2026-08-31T03:29:40","guid":{"rendered":"https:\/\/www.diarioimagen.net\/?p=737730"},"modified":"2026-08-30T21:29:40","modified_gmt":"2026-08-31T03:29:40","slug":"inicia-tlalnepantla-operativo-contra-robo-de-autopartes","status":"publish","type":"post","link":"https:\/\/www.diarioimagen.net\/?p=737730","title":{"rendered":"Inicia Tlalnepantla operativo\u00a0contra robo de autopartes\u00a0"},"content":{"rendered":"<p>&nbsp;<\/p>\n<div id=\"attachment_737731\" style=\"width: 401px\" class=\"wp-caption alignnone\"><img loading=\"lazy\" decoding=\"async\" aria-describedby=\"caption-attachment-737731\" class=\"wp-image-737731 size-large\" src=\"https:\/\/www.diarioimagen.net\/wp-content\/uploads\/2026\/08\/BAENA-4-ok-13-391x270.jpg\" alt=\"\" width=\"391\" height=\"270\" srcset=\"https:\/\/www.diarioimagen.net\/wp-content\/uploads\/2026\/08\/BAENA-4-ok-13-391x270.jpg 391w, https:\/\/www.diarioimagen.net\/wp-content\/uploads\/2026\/08\/BAENA-4-ok-13-240x166.jpg 240w, https:\/\/www.diarioimagen.net\/wp-content\/uploads\/2026\/08\/BAENA-4-ok-13-768x531.jpg 768w, https:\/\/www.diarioimagen.net\/wp-content\/uploads\/2026\/08\/BAENA-4-ok-13.jpg 1500w\" sizes=\"auto, (max-width: 391px) 100vw, 391px\" \/><p id=\"caption-attachment-737731\" class=\"wp-caption-text\">Inicia Tlalnepantla operativo\u00a0contra robo de autopartes<\/p><\/div>\n<p>Tlalnepantla, M\u00e9x.- El gobierno de Raciel P\u00e9rez Cruz\u00a0 llev\u00f3 a cabo un operativo conjunto con autoridades estatales y municipales, con el prop\u00f3sito de fortalecer la seguridad y combatir el robo de veh\u00edculos. En este operativo participan, por parte del gobierno federal, la Guardia Nacional y Sedena; por el gobierno del Estado de M\u00e9xico, la Polic\u00eda Estatal y la Fiscal\u00eda de Recuperaci\u00f3n de Veh\u00edculos; mientras que en el \u00e1mbito municipal intervienen las corporaciones de Tlalnepantla, Atizap\u00e1n de Zaragoza y Cuautitl\u00e1n Izcalli.<\/p>\n<p>&nbsp;<\/p>\n<p>&nbsp;<\/p>\n","protected":false},"excerpt":{"rendered":"<p>&nbsp; Tlalnepantla, M\u00e9x.- El gobierno de Raciel P\u00e9rez Cruz\u00a0 llev\u00f3 a cabo un operativo conjunto con autoridades estatales y municipales, con el prop\u00f3sito de fortalecer la seguridad y combatir el robo de veh\u00edculos. En este operativo participan, por parte del gobierno federal, la Guardia Nacional y Sedena; por el gobierno del Estado de M\u00e9xico, la [&hellip;]<\/p>\n","protected":false},"author":14,"featured_media":737731,"comment_status":"open","ping_status":"open","sticky":false,"template":"","format":"standard","meta":{"_monsterinsights_skip_tracking":false,"footnotes":""},"categories":[5],"tags":[],"class_list":["post-737730","post","type-post","status-publish","format-standard","has-post-thumbnail","hentry","category-estado-de-mexico"],"_links":{"self":[{"href":"https:\/\/www.diarioimagen.net\/index.php?rest_route=\/wp\/v2\/posts\/737730","targetHints":{"allow":["GET"]}}],"collection":[{"href":"https:\/\/www.diarioimagen.net\/index.php?rest_route=\/wp\/v2\/posts"}],"about":[{"href":"https:\/\/www.diarioimagen.net\/index.php?rest_route=\/wp\/v2\/types\/post"}],"author":[{"embeddable":true,"href":"https:\/\/www.diarioimagen.net\/index.php?rest_route=\/wp\/v2\/users\/14"}],"replies":[{"embeddable":true,"href":"https:\/\/www.diarioimagen.net\/index.php?rest_route=%2Fwp%2Fv2%2Fcomments&post=737730"}],"version-history":[{"count":1,"href":"https:\/\/www.diarioimagen.net\/index.php?rest_route=\/wp\/v2\/posts\/737730\/revisions"}],"predecessor-version":[{"id":737732,"href":"https:\/\/www.diarioimagen.net\/index.php?rest_route=\/wp\/v2\/posts\/737730\/revisions\/737732"}],"wp:featuredmedia":[{"embeddable":true,"href":"https:\/\/www.diarioimagen.net\/index.php?rest_route=\/wp\/v2\/media\/737731"}],"wp:attachment":[{"href":"https:\/\/www.diarioimagen.net\/index.php?rest_route=%2Fwp%2Fv2%2Fmedia&parent=737730"}],"wp:term":[{"taxonomy":"category","embeddable":true,"href":"https:\/\/www.diarioimagen.net\/index.php?rest_route=%2Fwp%2Fv2%2Fcategories&post=737730"},{"taxonomy":"post_tag","embeddable":true,"href":"https:\/\/www.diarioimagen.net\/index.php?rest_route=%2Fwp%2Fv2%2Ftags&post=737730"}],"curies":[{"name":"wp","href":"https:\/\/api.w.org\/{rel}","templated":true}]}}