{"id":737737,"date":"2026-08-30T21:36:39","date_gmt":"2026-08-31T03:36:39","guid":{"rendered":"https:\/\/www.diarioimagen.net\/?p=737737"},"modified":"2026-08-30T21:36:39","modified_gmt":"2026-08-31T03:36:39","slug":"bruno-bichir-dirige-el-canto-de-los-grillos-en-el-foro-shakespeare","status":"publish","type":"post","link":"https:\/\/www.diarioimagen.net\/?p=737737","title":{"rendered":"Bruno Bichir dirige El canto de los grillos en el Foro Shakespeare"},"content":{"rendered":"<ul>\n<li><strong>Una puesta sobre la justicia, la memoria y la confrontaci\u00f3n \u00e9tica<\/strong><\/li>\n<li><strong>Escrita por Valeria Fabbri e integrado por Cecilia Tamayo, Paulina Soto Oliver, Susi Estrada, Jimena Guerra y Adriana Hern\u00e1ndez<\/strong><\/li>\n<\/ul>\n<p>&nbsp;<\/p>\n<div id=\"attachment_737739\" style=\"width: 370px\" class=\"wp-caption alignnone\"><img loading=\"lazy\" decoding=\"async\" aria-describedby=\"caption-attachment-737739\" class=\"wp-image-737739 size-large\" src=\"https:\/\/www.diarioimagen.net\/wp-content\/uploads\/2026\/08\/CANTO-01-360x270.jpg\" alt=\"\" width=\"360\" height=\"270\" srcset=\"https:\/\/www.diarioimagen.net\/wp-content\/uploads\/2026\/08\/CANTO-01-360x270.jpg 360w, https:\/\/www.diarioimagen.net\/wp-content\/uploads\/2026\/08\/CANTO-01-240x180.jpg 240w, https:\/\/www.diarioimagen.net\/wp-content\/uploads\/2026\/08\/CANTO-01-768x576.jpg 768w, https:\/\/www.diarioimagen.net\/wp-content\/uploads\/2026\/08\/CANTO-01-1536x1151.jpg 1536w, https:\/\/www.diarioimagen.net\/wp-content\/uploads\/2026\/08\/CANTO-01.jpg 1969w\" sizes=\"auto, (max-width: 360px) 100vw, 360px\" \/><p id=\"caption-attachment-737739\" class=\"wp-caption-text\">Temporada del 15 de septiembre al 18 de noviembre, martes y mi\u00e9rcoles a las 20:00 hrs.<\/p><\/div>\n<p>Paulina Soto Oliver, a trav\u00e9s de En Su Tinta Producciones, y Cecilia Tamayo presentan El canto de los grillos, una puesta en escena dirigida por Bruno Bichir que aborda las tensiones morales en torno a la impunidad y la b\u00fasqueda de reparaci\u00f3n en la sociedad contempor\u00e1nea.<\/p>\n<p>La historia sigue a Catalina, una mujer que sabe qui\u00e9n se llev\u00f3 a su hija y conoce la ineficacia de los tribunales que dejaron libre al responsable. En el aislamiento de una casa, cuatro mujeres se encuentran frente a una situaci\u00f3n l\u00edmite. En esa noche decisiva, las fronteras entre la venganza, el dolor, la justicia, la compasi\u00f3n y la sanaci\u00f3n se vuelven difusas.<\/p>\n<p>Con dramaturgia de Valeria Fabbri, inspirada libremente en Las Justas de Jaime Chabaud, la obra propone al teatro como un espacio de catarsis ritual donde la intuici\u00f3n, la m\u00fasica y el trabajo corporal sostienen la tensi\u00f3n dram\u00e1tica.<\/p>\n<p>En palabras del director, este proceso creativo traza \u00abdesde la intuici\u00f3n, ecualizando con tintes de ritual, f\u00edsica cu\u00e1ntica y sincron\u00eda junguiana\u00bb para lograr \u00abuna marea de emociones profundas que ayuden a confrontarnos a trav\u00e9s de la catarsis\u00bb.<\/p>\n<p>Para Bruno Bichir, regresar a la direcci\u00f3n con esta obra fue una decisi\u00f3n impulsada por la fuerza del proyecto y por las preguntas que plantea. \u201cUna fuerza imparable de un grupo de creadoras en b\u00fasqueda de justicia. Preguntas trascendentes para reflexionar sobre lo que hemos construido como sociedad y c\u00f3mo borrarlo para construir algo nuevo y mejor. M\u00e1s sensible, m\u00e1s amoroso, m\u00e1s sabio\u201d, explica el director.<\/p>\n<p>El montaje cuenta con la direcci\u00f3n en dramaturgia corporal de Vivian Cruz, composici\u00f3n musical de Luis Cardoso, escenograf\u00eda e iluminaci\u00f3n de Mar\u00eda Vergara y vestuario de Fernanda Garc\u00eda. El elenco est\u00e1 integrado por Cecilia Tamayo, Paulina Soto Oliver, Susi Estrada, Jimena Guerra y Adriana Hern\u00e1ndez.<\/p>\n<p>El canto de los grillos tendr\u00e1 temporada del 15 de septiembre al 18 de noviembre en el Foro Shakespeare, present\u00e1ndose martes y mi\u00e9rcoles a las 20 h.\u00a0 Los boletos tienen un costo de 300 pesos y se pueden obtener en la taquilla del recinto y en l\u00ednea, a trav\u00e9s de boletos.shakespeareycia.com<\/p>\n<p>Actualmente hay una preventa con 50% de descuento hasta el 14 de septiembre. Esta producci\u00f3n nacional es realizada gracias a las aportaciones de Grupo La Moderna y Omnilife a trav\u00e9s del est\u00edmulo fiscal del art\u00edculo 190 de la LISR (EFIARTES).<\/p>\n<p>&nbsp;<\/p>\n<p>&nbsp;<\/p>\n<p>&nbsp;<\/p>\n","protected":false},"excerpt":{"rendered":"<p>Una puesta sobre la justicia, la memoria y la confrontaci\u00f3n \u00e9tica Escrita por Valeria Fabbri e integrado por Cecilia Tamayo, Paulina Soto Oliver, Susi Estrada, Jimena Guerra y Adriana Hern\u00e1ndez &nbsp; Paulina Soto Oliver, a trav\u00e9s de En Su Tinta Producciones, y Cecilia Tamayo presentan El canto de los grillos, una puesta en escena dirigida [&hellip;]<\/p>\n","protected":false},"author":14,"featured_media":737739,"comment_status":"open","ping_status":"open","sticky":false,"template":"","format":"standard","meta":{"_monsterinsights_skip_tracking":false,"footnotes":""},"categories":[16,12],"tags":[],"class_list":["post-737737","post","type-post","status-publish","format-standard","has-post-thumbnail","hentry","category-destacadas","category-espectaculos"],"_links":{"self":[{"href":"https:\/\/www.diarioimagen.net\/index.php?rest_route=\/wp\/v2\/posts\/737737","targetHints":{"allow":["GET"]}}],"collection":[{"href":"https:\/\/www.diarioimagen.net\/index.php?rest_route=\/wp\/v2\/posts"}],"about":[{"href":"https:\/\/www.diarioimagen.net\/index.php?rest_route=\/wp\/v2\/types\/post"}],"author":[{"embeddable":true,"href":"https:\/\/www.diarioimagen.net\/index.php?rest_route=\/wp\/v2\/users\/14"}],"replies":[{"embeddable":true,"href":"https:\/\/www.diarioimagen.net\/index.php?rest_route=%2Fwp%2Fv2%2Fcomments&post=737737"}],"version-history":[{"count":1,"href":"https:\/\/www.diarioimagen.net\/index.php?rest_route=\/wp\/v2\/posts\/737737\/revisions"}],"predecessor-version":[{"id":737740,"href":"https:\/\/www.diarioimagen.net\/index.php?rest_route=\/wp\/v2\/posts\/737737\/revisions\/737740"}],"wp:featuredmedia":[{"embeddable":true,"href":"https:\/\/www.diarioimagen.net\/index.php?rest_route=\/wp\/v2\/media\/737739"}],"wp:attachment":[{"href":"https:\/\/www.diarioimagen.net\/index.php?rest_route=%2Fwp%2Fv2%2Fmedia&parent=737737"}],"wp:term":[{"taxonomy":"category","embeddable":true,"href":"https:\/\/www.diarioimagen.net\/index.php?rest_route=%2Fwp%2Fv2%2Fcategories&post=737737"},{"taxonomy":"post_tag","embeddable":true,"href":"https:\/\/www.diarioimagen.net\/index.php?rest_route=%2Fwp%2Fv2%2Ftags&post=737737"}],"curies":[{"name":"wp","href":"https:\/\/api.w.org\/{rel}","templated":true}]}}