{"id":737765,"date":"2026-08-30T21:47:23","date_gmt":"2026-08-31T03:47:23","guid":{"rendered":"https:\/\/www.diarioimagen.net\/?p=737765"},"modified":"2026-08-30T21:47:23","modified_gmt":"2026-08-31T03:47:23","slug":"morena-cierra-filas-en-edomex-con-balance-legislativo-y-agenda-2027","status":"publish","type":"post","link":"https:\/\/www.diarioimagen.net\/?p=737765","title":{"rendered":"Morena cierra filas en Edomex con  balance legislativo y agenda 2027"},"content":{"rendered":"<p>&nbsp;<\/p>\n<p>&nbsp;<\/p>\n<ul>\n<li><strong>Plenaria del partido guinda<\/strong><\/li>\n<\/ul>\n<p>&nbsp;<\/p>\n<p>&nbsp;<\/p>\n<div id=\"attachment_737777\" style=\"width: 470px\" class=\"wp-caption alignnone\"><img loading=\"lazy\" decoding=\"async\" aria-describedby=\"caption-attachment-737777\" class=\"wp-image-737777 size-large\" src=\"https:\/\/www.diarioimagen.net\/wp-content\/uploads\/2026\/08\/DELFINA-01-5-460x259.jpeg\" alt=\"\" width=\"460\" height=\"259\" srcset=\"https:\/\/www.diarioimagen.net\/wp-content\/uploads\/2026\/08\/DELFINA-01-5-460x259.jpeg 460w, https:\/\/www.diarioimagen.net\/wp-content\/uploads\/2026\/08\/DELFINA-01-5-240x135.jpeg 240w, https:\/\/www.diarioimagen.net\/wp-content\/uploads\/2026\/08\/DELFINA-01-5-768x432.jpeg 768w, https:\/\/www.diarioimagen.net\/wp-content\/uploads\/2026\/08\/DELFINA-01-5-1536x864.jpeg 1536w, https:\/\/www.diarioimagen.net\/wp-content\/uploads\/2026\/08\/DELFINA-01-5-480x270.jpeg 480w, https:\/\/www.diarioimagen.net\/wp-content\/uploads\/2026\/08\/DELFINA-01-5-235x132.jpeg 235w, https:\/\/www.diarioimagen.net\/wp-content\/uploads\/2026\/08\/DELFINA-01-5-202x114.jpeg 202w, https:\/\/www.diarioimagen.net\/wp-content\/uploads\/2026\/08\/DELFINA-01-5-350x196.jpeg 350w, https:\/\/www.diarioimagen.net\/wp-content\/uploads\/2026\/08\/DELFINA-01-5-220x123.jpeg 220w, https:\/\/www.diarioimagen.net\/wp-content\/uploads\/2026\/08\/DELFINA-01-5-237x132.jpeg 237w, https:\/\/www.diarioimagen.net\/wp-content\/uploads\/2026\/08\/DELFINA-01-5.jpeg 1969w\" sizes=\"auto, (max-width: 460px) 100vw, 460px\" \/><p id=\"caption-attachment-737777\" class=\"wp-caption-text\">El partido Morena, en su Plenaria en Edomex, reuni\u00f3 a dirigentes nacionales, integrantes del gabinete estatal y legisladores locales, con un balance de tres a\u00f1os de gobierno, resultados legislativos y una agenda pol\u00edtica y territorial hacia 2027.<\/p><\/div>\n<p><strong>\u00a0<\/strong><\/p>\n<p><strong>\u00a0<\/strong><\/p>\n<p>&nbsp;<\/p>\n<p>La plenaria de Morena en el Estado de M\u00e9xico reuni\u00f3 a dirigentes nacionales, integrantes del gabinete estatal y legisladores locales, con un balance de tres a\u00f1os de gobierno, resultados legislativos y una agenda pol\u00edtica y territorial hacia 2027.<\/p>\n<p>&nbsp;<\/p>\n<p>Asistieron como invitados especiales Ariadna Montiel, presidenta nacional de Morena; Armando Quintero, coordinador general del Inafed, y Citlalli Hern\u00e1ndez, presidenta de la Comisi\u00f3n Nacional de Elecciones y Alianzas. En el encuentro, el grupo parlamentario mexiquense expres\u00f3 su respaldo al gobierno de Delfina G\u00f3mez \u00c1lvarez, con mensajes sobre la continuidad del proyecto pol\u00edtico en la entidad.<\/p>\n<p>&nbsp;<\/p>\n<p>El secretario general de Gobierno, Horacio Duarte Olivares, present\u00f3 el balance legislativo: 183 de las 185 iniciativas enviadas por la gobernadora Delfina G\u00f3mez \u00c1lvarez al Congreso del Estado de M\u00e9xico fueron aprobadas durante los \u00faltimos dos a\u00f1os. Morena, adem\u00e1s, es el grupo parlamentario con mayor n\u00famero de iniciativas presentadas y aprobadas en la LXII Legislatura.<\/p>\n<p>&nbsp;<\/p>\n<p>Para el siguiente periodo legislativo se anunciaron 88 propuestas de modificaci\u00f3n a leyes y ordenamientos, con temas de combate a la corrupci\u00f3n, atenci\u00f3n ciudadana, simplificaci\u00f3n de tr\u00e1mites y gobierno digital. La presentaci\u00f3n de la agenda estuvo a cargo de Francisco V\u00e1zquez, coordinador del grupo parlamentario de Morena y presidente de la Junta de Coordinaci\u00f3n Pol\u00edtica.<\/p>\n<p>&nbsp;<\/p>\n<p>Delfina G\u00f3mez \u00c1lvarez incluy\u00f3 en su mensaje los proyectos federales de la Presidente Claudia Sheinbaum en territorio mexiquense, entre ellos el Plan Oriente, acciones de seguridad, hospitales y nuevas universidades. Finalmente, Horacio Duarte cerr\u00f3 la plenaria con un llamado al trabajo territorial y a la rendici\u00f3n de cuentas, en la antesala de los pr\u00f3ximos procesos electorales.<\/p>\n<p>&nbsp;<\/p>\n<p>&nbsp;<\/p>\n<p>&nbsp;<\/p>\n<p>&nbsp;<\/p>\n","protected":false},"excerpt":{"rendered":"<p>&nbsp; &nbsp; Plenaria del partido guinda &nbsp; &nbsp; \u00a0 \u00a0 &nbsp; La plenaria de Morena en el Estado de M\u00e9xico reuni\u00f3 a dirigentes nacionales, integrantes del gabinete estatal y legisladores locales, con un balance de tres a\u00f1os de gobierno, resultados legislativos y una agenda pol\u00edtica y territorial hacia 2027. &nbsp; Asistieron como invitados especiales Ariadna [&hellip;]<\/p>\n","protected":false},"author":14,"featured_media":737777,"comment_status":"open","ping_status":"open","sticky":false,"template":"","format":"standard","meta":{"_monsterinsights_skip_tracking":false,"footnotes":""},"categories":[16,5],"tags":[],"class_list":["post-737765","post","type-post","status-publish","format-standard","has-post-thumbnail","hentry","category-destacadas","category-estado-de-mexico"],"_links":{"self":[{"href":"https:\/\/www.diarioimagen.net\/index.php?rest_route=\/wp\/v2\/posts\/737765","targetHints":{"allow":["GET"]}}],"collection":[{"href":"https:\/\/www.diarioimagen.net\/index.php?rest_route=\/wp\/v2\/posts"}],"about":[{"href":"https:\/\/www.diarioimagen.net\/index.php?rest_route=\/wp\/v2\/types\/post"}],"author":[{"embeddable":true,"href":"https:\/\/www.diarioimagen.net\/index.php?rest_route=\/wp\/v2\/users\/14"}],"replies":[{"embeddable":true,"href":"https:\/\/www.diarioimagen.net\/index.php?rest_route=%2Fwp%2Fv2%2Fcomments&post=737765"}],"version-history":[{"count":1,"href":"https:\/\/www.diarioimagen.net\/index.php?rest_route=\/wp\/v2\/posts\/737765\/revisions"}],"predecessor-version":[{"id":737781,"href":"https:\/\/www.diarioimagen.net\/index.php?rest_route=\/wp\/v2\/posts\/737765\/revisions\/737781"}],"wp:featuredmedia":[{"embeddable":true,"href":"https:\/\/www.diarioimagen.net\/index.php?rest_route=\/wp\/v2\/media\/737777"}],"wp:attachment":[{"href":"https:\/\/www.diarioimagen.net\/index.php?rest_route=%2Fwp%2Fv2%2Fmedia&parent=737765"}],"wp:term":[{"taxonomy":"category","embeddable":true,"href":"https:\/\/www.diarioimagen.net\/index.php?rest_route=%2Fwp%2Fv2%2Fcategories&post=737765"},{"taxonomy":"post_tag","embeddable":true,"href":"https:\/\/www.diarioimagen.net\/index.php?rest_route=%2Fwp%2Fv2%2Ftags&post=737765"}],"curies":[{"name":"wp","href":"https:\/\/api.w.org\/{rel}","templated":true}]}}