{"id":737782,"date":"2026-08-30T21:50:00","date_gmt":"2026-08-31T03:50:00","guid":{"rendered":"https:\/\/www.diarioimagen.net\/?p=737782"},"modified":"2026-08-30T21:50:00","modified_gmt":"2026-08-31T03:50:00","slug":"celebran-13-anos-del-twor-amigos","status":"publish","type":"post","link":"https:\/\/www.diarioimagen.net\/?p=737782","title":{"rendered":"Celebran 13 a\u00f1os del Two&#8217;r amigos"},"content":{"rendered":"<ul>\n<li><strong>Emmanuel &amp; Mijares, con nueva fecha en el Auditorio Nacional<\/strong><\/li>\n<li><strong>M\u00e1s de una d\u00e9cada como el referente absoluto de los espect\u00e1culos en vivo y el pop<\/strong><\/li>\n<\/ul>\n<p><img loading=\"lazy\" decoding=\"async\" class=\"alignnone wp-image-737783 size-large\" src=\"https:\/\/www.diarioimagen.net\/wp-content\/uploads\/2026\/08\/EMMANUEL-Y-MIJARES-460x259.jpg\" alt=\"\" width=\"460\" height=\"259\" srcset=\"https:\/\/www.diarioimagen.net\/wp-content\/uploads\/2026\/08\/EMMANUEL-Y-MIJARES-460x259.jpg 460w, https:\/\/www.diarioimagen.net\/wp-content\/uploads\/2026\/08\/EMMANUEL-Y-MIJARES-240x135.jpg 240w, https:\/\/www.diarioimagen.net\/wp-content\/uploads\/2026\/08\/EMMANUEL-Y-MIJARES-768x432.jpg 768w, https:\/\/www.diarioimagen.net\/wp-content\/uploads\/2026\/08\/EMMANUEL-Y-MIJARES-1536x864.jpg 1536w, https:\/\/www.diarioimagen.net\/wp-content\/uploads\/2026\/08\/EMMANUEL-Y-MIJARES-2048x1152.jpg 2048w, https:\/\/www.diarioimagen.net\/wp-content\/uploads\/2026\/08\/EMMANUEL-Y-MIJARES-480x270.jpg 480w, https:\/\/www.diarioimagen.net\/wp-content\/uploads\/2026\/08\/EMMANUEL-Y-MIJARES-235x132.jpg 235w, https:\/\/www.diarioimagen.net\/wp-content\/uploads\/2026\/08\/EMMANUEL-Y-MIJARES-202x114.jpg 202w, https:\/\/www.diarioimagen.net\/wp-content\/uploads\/2026\/08\/EMMANUEL-Y-MIJARES-350x196.jpg 350w, https:\/\/www.diarioimagen.net\/wp-content\/uploads\/2026\/08\/EMMANUEL-Y-MIJARES-220x123.jpg 220w, https:\/\/www.diarioimagen.net\/wp-content\/uploads\/2026\/08\/EMMANUEL-Y-MIJARES-237x132.jpg 237w\" sizes=\"auto, (max-width: 460px) 100vw, 460px\" \/><\/p>\n<p>Un Viaje por Himnos Generacionales: Un repertorio inolvidable que re\u00fane cl\u00e1sicos de la m\u00fasica en espa\u00f1ol como \u201cSoldado Del Amor\u201d, \u201cPara Amarnos M\u00e1s\u201d, \u201cLa Chica De Humo\u201d y \u201cBella Se\u00f1ora\u201d.<\/p>\n<p>R\u00e9cord Hist\u00f3rico en la Coloso de Reforma: La dupla consolida uno de los espect\u00e1culos con m\u00e1s presentaciones en la historia del Auditorio Nacional, superando los 80 conciertos realizados en este emblem\u00e1tico escenario.<\/p>\n<p>La racha imbatible de Emmanuel &amp; Mijares en los escenarios mexicanos suma una fecha m\u00e1s. Tras romper todas las marcas de permanencia y boletos agotados, los dos iconos de la m\u00fasica latina, est\u00e1n listos para desplegar un espect\u00e1culo de primer nivel el pr\u00f3ximo 18 de noviembre en el Auditorio Nacional. El Coloso de Reforma se vestir\u00e1 de gala una vez m\u00e1s para albergar este consolidado proyecto audiovisual que ha demostrado, a\u00f1o con a\u00f1o, no tener rival en la m\u00fasica en vivo.<\/p>\n<p>M\u00c1S ALL\u00c1 DE LOS G\u00c9NEROS: EL IMPACTO DE UNA DUPLA IC\u00d3NICA<\/p>\n<p>La versatilidad de Emmanuel &amp; Mijares ha trascendido las fronteras del pop convencional, conquistando escenarios de diversa \u00edndole, entre los que destaca su participaci\u00f3n en la decimosexta edici\u00f3n del festival Vive Latino, donde hicieron vibrar al p\u00fablico demostrando que sus canciones no conocen etiquetas.<\/p>\n<p>El \u00e9xito sostenido de la dupla se basa en una f\u00f3rmula infalible: dos voces extraordinarias que se complementan a la perfecci\u00f3n, una qu\u00edmica envidiable sobre el escenario y una producci\u00f3n de primer nivel. Cada presentaci\u00f3n es un viaje cargado de energ\u00eda, nostalgia y romance que re\u00fane a distintas generaciones en una sola voz.<\/p>\n<p>Si todav\u00eda no has visto a Emmanuel y Mijares en concierto, este es tu momento. No te quedes fuera de esta velada inolvidable llena grandes \u00e9xitos y talento consagrado. Los boletos para la funci\u00f3n del 18 de noviembre en el Auditorio Nacional estar\u00e1n disponibles en la preventa Banamex este 2 de septiembre, y un d\u00eda despu\u00e9s los podr\u00e1s adquirir a trav\u00e9s de Ticketmaster (www.ticketmaster.com.mx) y en las taquillas del inmueble.<\/p>\n","protected":false},"excerpt":{"rendered":"<p>Emmanuel &amp; Mijares, con nueva fecha en el Auditorio Nacional M\u00e1s de una d\u00e9cada como el referente absoluto de los espect\u00e1culos en vivo y el pop Un Viaje por Himnos Generacionales: Un repertorio inolvidable que re\u00fane cl\u00e1sicos de la m\u00fasica en espa\u00f1ol como \u201cSoldado Del Amor\u201d, \u201cPara Amarnos M\u00e1s\u201d, \u201cLa Chica De Humo\u201d y \u201cBella [&hellip;]<\/p>\n","protected":false},"author":14,"featured_media":737783,"comment_status":"open","ping_status":"open","sticky":false,"template":"","format":"standard","meta":{"_monsterinsights_skip_tracking":false,"footnotes":""},"categories":[12],"tags":[],"class_list":["post-737782","post","type-post","status-publish","format-standard","has-post-thumbnail","hentry","category-espectaculos"],"_links":{"self":[{"href":"https:\/\/www.diarioimagen.net\/index.php?rest_route=\/wp\/v2\/posts\/737782","targetHints":{"allow":["GET"]}}],"collection":[{"href":"https:\/\/www.diarioimagen.net\/index.php?rest_route=\/wp\/v2\/posts"}],"about":[{"href":"https:\/\/www.diarioimagen.net\/index.php?rest_route=\/wp\/v2\/types\/post"}],"author":[{"embeddable":true,"href":"https:\/\/www.diarioimagen.net\/index.php?rest_route=\/wp\/v2\/users\/14"}],"replies":[{"embeddable":true,"href":"https:\/\/www.diarioimagen.net\/index.php?rest_route=%2Fwp%2Fv2%2Fcomments&post=737782"}],"version-history":[{"count":1,"href":"https:\/\/www.diarioimagen.net\/index.php?rest_route=\/wp\/v2\/posts\/737782\/revisions"}],"predecessor-version":[{"id":737797,"href":"https:\/\/www.diarioimagen.net\/index.php?rest_route=\/wp\/v2\/posts\/737782\/revisions\/737797"}],"wp:featuredmedia":[{"embeddable":true,"href":"https:\/\/www.diarioimagen.net\/index.php?rest_route=\/wp\/v2\/media\/737783"}],"wp:attachment":[{"href":"https:\/\/www.diarioimagen.net\/index.php?rest_route=%2Fwp%2Fv2%2Fmedia&parent=737782"}],"wp:term":[{"taxonomy":"category","embeddable":true,"href":"https:\/\/www.diarioimagen.net\/index.php?rest_route=%2Fwp%2Fv2%2Fcategories&post=737782"},{"taxonomy":"post_tag","embeddable":true,"href":"https:\/\/www.diarioimagen.net\/index.php?rest_route=%2Fwp%2Fv2%2Ftags&post=737782"}],"curies":[{"name":"wp","href":"https:\/\/api.w.org\/{rel}","templated":true}]}}