{"id":737802,"date":"2026-08-30T21:57:15","date_gmt":"2026-08-31T03:57:15","guid":{"rendered":"https:\/\/www.diarioimagen.net\/?p=737802"},"modified":"2026-08-30T21:57:15","modified_gmt":"2026-08-31T03:57:15","slug":"teatro-afromexicano-una-historia-que-busca-llegar-a-500-personas","status":"publish","type":"post","link":"https:\/\/www.diarioimagen.net\/?p=737802","title":{"rendered":"\u00a0  Teatro afromexicano: una historia que busca llegar a 500 personas"},"content":{"rendered":"<ul>\n<li><strong>A partir del 31 de agosto <\/strong><\/li>\n<li><strong>\u00a0<\/strong><strong>El Centro Cultural Hel\u00e9nico ofrecer\u00e1 en l\u00ednea un curso gratuito sobre las ra\u00edces africanas presentes en M\u00e9xico<\/strong><\/li>\n<\/ul>\n<div id=\"attachment_737816\" style=\"width: 280px\" class=\"wp-caption alignnone\"><img loading=\"lazy\" decoding=\"async\" aria-describedby=\"caption-attachment-737816\" class=\"wp-image-737816 size-large\" src=\"https:\/\/www.diarioimagen.net\/wp-content\/uploads\/2026\/08\/MAKALA-FINAL-01-270x270.jpg\" alt=\"\" width=\"270\" height=\"270\" srcset=\"https:\/\/www.diarioimagen.net\/wp-content\/uploads\/2026\/08\/MAKALA-FINAL-01-270x270.jpg 270w, https:\/\/www.diarioimagen.net\/wp-content\/uploads\/2026\/08\/MAKALA-FINAL-01-240x240.jpg 240w, https:\/\/www.diarioimagen.net\/wp-content\/uploads\/2026\/08\/MAKALA-FINAL-01-150x150.jpg 150w, https:\/\/www.diarioimagen.net\/wp-content\/uploads\/2026\/08\/MAKALA-FINAL-01-768x768.jpg 768w, https:\/\/www.diarioimagen.net\/wp-content\/uploads\/2026\/08\/MAKALA-FINAL-01-1536x1536.jpg 1536w, https:\/\/www.diarioimagen.net\/wp-content\/uploads\/2026\/08\/MAKALA-FINAL-01-50x50.jpg 50w, https:\/\/www.diarioimagen.net\/wp-content\/uploads\/2026\/08\/MAKALA-FINAL-01-75x75.jpg 75w, https:\/\/www.diarioimagen.net\/wp-content\/uploads\/2026\/08\/MAKALA-FINAL-01-70x70.jpg 70w, https:\/\/www.diarioimagen.net\/wp-content\/uploads\/2026\/08\/MAKALA-FINAL-01.jpg 1575w\" sizes=\"auto, (max-width: 270px) 100vw, 270px\" \/><p id=\"caption-attachment-737816\" class=\"wp-caption-text\">Adri\u00e1n McCalla Rivera, actor e investigador, impartir\u00e1 el curso gratuito en l\u00ednea Teatro Afromexicano a trav\u00e9s del Centro Cultural Hel\u00e9nico.<\/p><\/div>\n<p>Por Arturo Arellano<\/p>\n<p>&nbsp;<\/p>\n<p>A partir del 31 de agosto, el actor e investigador Adri\u00e1n McCalla Rivera impartir\u00e1 el curso virtual Teatro Afromexicano, una propuesta asincr\u00f3nica de 20 horas distribuidas en cuatro semanas. El programa est\u00e1 dirigido al p\u00fablico general y abordar\u00e1 la historia, la m\u00fasica, las tradiciones, la espiritualidad y las formas de llevar las experiencias afromexicanas a la escena.<\/p>\n<p>&nbsp;<\/p>\n<p>El lanzamiento del curso coincidir\u00e1 con una fecha significativa para la comunidad afromexicana. Para McCalla Rivera, el 31 de agosto representa una oportunidad para reconocer la presencia africana en M\u00e9xico y acercar estos contenidos a un p\u00fablico amplio.<\/p>\n<p>&nbsp;<\/p>\n<p>\u201cEste d\u00eda es especialmente importante para m\u00ed y los 2.5 millones de personas que se autorreconocieron como pertenecientes a la comunidad afromexicana en el \u00faltimo censo\u201d, expres\u00f3 el entrevistado.<\/p>\n<p>&nbsp;<\/p>\n<p>El actor se\u00f1al\u00f3 que le alegra que el inicio de la propuesta coincida con una fecha de valor simb\u00f3lico. El curso estar\u00e1 disponible a trav\u00e9s de la plataforma Hel\u00e9nico en l\u00ednea y permitir\u00e1 que las personas consulten los materiales desde cualquier dispositivo y en el horario que prefieran \u201cEsto va a ocurrir en l\u00ednea, es decir, es un curso virtual en donde se va a poder acceder a 20 horas de material, las cuales van a estar repartidas en cuatro semanas\u201d, explic\u00f3.<\/p>\n<p>&nbsp;<\/p>\n<p>El contenido comenzar\u00e1 con un recuento hist\u00f3rico sobre la presencia africana en el pa\u00eds, desde el periodo colonial hasta la actualidad. De acuerdo con el entrevistado, el objetivo ser\u00e1 visibilizar elementos que forman parte de la vida cotidiana, pero que con frecuencia no son reconocidos como resultado de la afrodescendencia \u201cVamos a comenzar primero haciendo un recuento hist\u00f3rico de manera que quede muy claro que la presencia africana en M\u00e9xico ha sido permanente desde siempre\u201d, afirm\u00f3.<\/p>\n<p>&nbsp;<\/p>\n<p>McCalla Rivera a\u00f1adi\u00f3 que las influencias africanas han tenido distintas manifestaciones a lo largo de la historia nacional y que contin\u00faan presentes en la cultura mexicana.<\/p>\n<p>&nbsp;<\/p>\n<p>\u201cDe eso va el curso especialmente, en visibilizar aquello que quiz\u00e1s no somos muy conscientes, que siempre ha estado ah\u00ed y que nos ha impactado como cultura, como naci\u00f3n, como pa\u00eds\u201d, indic\u00f3.<\/p>\n<p><strong>\u00a0<\/strong><\/p>\n<p>Uno de los m\u00f3dulos estar\u00e1 dedicado a la presencia africana en la m\u00fasica mexicana. El entrevistado explic\u00f3 que el curso abordar\u00e1 la llegada de ritmos afrocubanos y su relaci\u00f3n con g\u00e9neros como el bolero \u201cEl romance y el bolero comienzan a partir de la llegada de los ritmos afrocubanos, de hermoso movimiento de la s\u00edncopa\u201d, sostuvo.<\/p>\n<p>&nbsp;<\/p>\n<p>Como parte de este apartado, el compositor Adri\u00e1n Vald\u00e9s participar\u00e1 con la interpretaci\u00f3n de una canci\u00f3n y una explicaci\u00f3n relacionada con el sonido de la clave, elemento fundamental de diversos ritmos de origen africano y afrocaribe\u00f1o.<\/p>\n<p>&nbsp;<\/p>\n<p>La propuesta tambi\u00e9n revisar\u00e1 expresiones festivas y gastron\u00f3micas. Entre los temas mencionados por McCalla Rivera se encuentran los carnavales, las celebraciones, el baile de los diablos y algunos ingredientes presentes en la cocina mexicana \u201cTocamos de todo un poco: la m\u00fasica es una de ellas, la fiesta, la alegr\u00eda, la algarab\u00eda, los carnavales, las celebraciones, el baile de los diablos, en muchas comidas, en nuestros platillos, el uso de la jamaica, el uso del tamarindo\u201d, detall\u00f3.<\/p>\n<p>&nbsp;<\/p>\n<p><strong>Espiritualidad y sincretismo<\/strong><\/p>\n<p><strong>\u00a0<\/strong><\/p>\n<p>El curso tambi\u00e9n analizar\u00e1 la influencia africana en las pr\u00e1cticas espirituales y religiosas que se desarrollaron en M\u00e9xico a partir del encuentro entre las culturas prehisp\u00e1nicas, europeas y africanas.<\/p>\n<p>&nbsp;<\/p>\n<p>McCalla Rivera explic\u00f3 que uno de los contenidos parte de la frase \u201cMaferefun Eleggu\u00e1\u201d, vinculada con tradiciones afrocubanas y con el concepto de ach\u00e9, entendido como una energ\u00eda presente en los seres vivos \u201cEl ach\u00e9 se reconoce como una energ\u00eda com\u00fan a todos los seres vivos, que se encuentra presente en cada cosa que hacemos\u201d, coment\u00f3.<\/p>\n<p>&nbsp;<\/p>\n<p>Para el actor, esta concepci\u00f3n espiritual tambi\u00e9n se relaciona con su propia trayectoria profesional, desarrollada durante casi tres d\u00e9cadas en el cine, el teatro y la televisi\u00f3n \u201cMe siento afortunado de haber sido elegido por esta energ\u00eda para darle manifestaci\u00f3n\u201d, expres\u00f3 al hablar de la manera en que esa fuerza ha acompa\u00f1ado su carrera y sus procesos de formaci\u00f3n.<\/p>\n<p>&nbsp;<\/p>\n<p>Uno de los principales retos de la propuesta consiste en traducir una historia amplia y diversa al lenguaje teatral. McCalla Rivera reconoci\u00f3 que, cuando el Centro Cultural Hel\u00e9nico y el Centro Nacional de las Artes se acercaron a \u00e9l, sinti\u00f3 temor ante la dimensi\u00f3n del proyecto.<\/p>\n<p>&nbsp;<\/p>\n<p>La propuesta surgi\u00f3 a partir de su tesis, titulada Hacia un teatro afromexicano. Para la elaboraci\u00f3n del curso cont\u00f3 con el acompa\u00f1amiento del Consejo Nacional para Prevenir la Discriminaci\u00f3n (Conapred) y de Gina DiDiu, quienes colaboraron en la revisi\u00f3n pedag\u00f3gica e hist\u00f3rica de los contenidos.<\/p>\n<p>&nbsp;<\/p>\n<p>El cuarto m\u00f3dulo abordar\u00e1 recursos como el biodrama y el teatro documental, formas esc\u00e9nicas que parten de experiencias reales y testimonios personales \u201cMuchas teor\u00edas del teatro posdram\u00e1tico hablan sobre la posibilidad de llevar a escena la verdad de un individuo\u201d, explic\u00f3.<\/p>\n<p>&nbsp;<\/p>\n<p>El registro permanecer\u00e1 abierto hasta el 24 de septiembre; sin embargo, los contenidos estar\u00e1n disponibles a partir del 31 de agosto. La convocatoria contempla un cupo m\u00e1ximo de 500 personas \u201cEsto es una iniciativa del Centro Cultural Hel\u00e9nico para democratizar el conocimiento\u201d, afirm\u00f3 McCalla Rivera, quien destac\u00f3 que Hel\u00e9nico en l\u00ednea ofrece materiales sobre direcci\u00f3n, producci\u00f3n teatral, marketing y teatro feminista, entre otros temas.<\/p>\n<p>&nbsp;<\/p>\n<p>Al finalizar el curso, quienes respondan una serie de preguntas recibir\u00e1n un certificado autogestionado. McCalla Rivera aclar\u00f3 que el documento no equivale a un grado acad\u00e9mico ni representa, por s\u00ed mismo, un valor curricular profesional.<\/p>\n<p>&nbsp;<\/p>\n<p>&nbsp;<\/p>\n<blockquote><p><strong>\u00a0<\/strong><\/p>\n<p><strong>El curso abordar\u00e1 la presencia africana en M\u00e9xico mediante la historia, la m\u00fasica, las celebraciones, la gastronom\u00eda, la espiritualidad y el teatro documental.<\/strong><\/p>\n<p><strong>\u00a0<\/strong><\/p>\n<p><strong>Nombre: Teatro afromexicano. Memoria, resistencia y cultura viva<\/strong><\/p>\n<p><strong>Modalidad: en l\u00ednea \u00b7 Duraci\u00f3n: 20 horas (4 horas a la semana) \u00b7 Costo: sin costo \u00b7 Cupo: 500 personas<\/strong><\/p>\n<p><strong>Registro: Hasta el 24 de septiembre de 2026<\/strong><\/p>\n<p><strong>Inicio: 31 de agosto de 2026 \u00b7 Finaliza: viernes 6 de noviembre de 2026<\/strong><\/p>\n<p><strong>\u00a0<\/strong><\/p>\n<p><strong>M\u00e1s informaci\u00f3n: https:\/\/educacionenlinea.cenart.gob.mx\/teatro-afromexicano-memoria-resistencia-y-cultura-viva\/<\/strong><\/p>\n<p><strong>\u00a0<\/strong><\/p><\/blockquote>\n<p><strong>\u00a0<\/strong><\/p>\n","protected":false},"excerpt":{"rendered":"<p>A partir del 31 de agosto \u00a0El Centro Cultural Hel\u00e9nico ofrecer\u00e1 en l\u00ednea un curso gratuito sobre las ra\u00edces africanas presentes en M\u00e9xico Por Arturo Arellano &nbsp; A partir del 31 de agosto, el actor e investigador Adri\u00e1n McCalla Rivera impartir\u00e1 el curso virtual Teatro Afromexicano, una propuesta asincr\u00f3nica de 20 horas distribuidas en cuatro [&hellip;]<\/p>\n","protected":false},"author":14,"featured_media":737816,"comment_status":"open","ping_status":"open","sticky":false,"template":"","format":"standard","meta":{"_monsterinsights_skip_tracking":false,"footnotes":""},"categories":[16,12],"tags":[],"class_list":["post-737802","post","type-post","status-publish","format-standard","has-post-thumbnail","hentry","category-destacadas","category-espectaculos"],"_links":{"self":[{"href":"https:\/\/www.diarioimagen.net\/index.php?rest_route=\/wp\/v2\/posts\/737802","targetHints":{"allow":["GET"]}}],"collection":[{"href":"https:\/\/www.diarioimagen.net\/index.php?rest_route=\/wp\/v2\/posts"}],"about":[{"href":"https:\/\/www.diarioimagen.net\/index.php?rest_route=\/wp\/v2\/types\/post"}],"author":[{"embeddable":true,"href":"https:\/\/www.diarioimagen.net\/index.php?rest_route=\/wp\/v2\/users\/14"}],"replies":[{"embeddable":true,"href":"https:\/\/www.diarioimagen.net\/index.php?rest_route=%2Fwp%2Fv2%2Fcomments&post=737802"}],"version-history":[{"count":1,"href":"https:\/\/www.diarioimagen.net\/index.php?rest_route=\/wp\/v2\/posts\/737802\/revisions"}],"predecessor-version":[{"id":737817,"href":"https:\/\/www.diarioimagen.net\/index.php?rest_route=\/wp\/v2\/posts\/737802\/revisions\/737817"}],"wp:featuredmedia":[{"embeddable":true,"href":"https:\/\/www.diarioimagen.net\/index.php?rest_route=\/wp\/v2\/media\/737816"}],"wp:attachment":[{"href":"https:\/\/www.diarioimagen.net\/index.php?rest_route=%2Fwp%2Fv2%2Fmedia&parent=737802"}],"wp:term":[{"taxonomy":"category","embeddable":true,"href":"https:\/\/www.diarioimagen.net\/index.php?rest_route=%2Fwp%2Fv2%2Fcategories&post=737802"},{"taxonomy":"post_tag","embeddable":true,"href":"https:\/\/www.diarioimagen.net\/index.php?rest_route=%2Fwp%2Fv2%2Ftags&post=737802"}],"curies":[{"name":"wp","href":"https:\/\/api.w.org\/{rel}","templated":true}]}}